{"id":545,"date":"2017-07-31T21:14:01","date_gmt":"2017-07-31T19:14:01","guid":{"rendered":"http:\/\/www.tarusola.fi\/kielikuvakohtaamisia\/?p=545"},"modified":"2017-07-31T21:14:01","modified_gmt":"2017-07-31T19:14:01","slug":"korttien-ketjussa-ii","status":"publish","type":"post","link":"https:\/\/www.tarusola.fi\/kielikuvakohtaamisia\/luovuus\/korttien-ketjussa-ii\/","title":{"rendered":"Korttien ketjussa II"},"content":{"rendered":"<p><a href=\"http:\/\/www.tarusola.fi\/kielikuvakohtaamisia\/wp-content\/uploads\/2017\/07\/postitaide2.png\"><img loading=\"lazy\" decoding=\"async\" src=\"http:\/\/www.tarusola.fi\/kielikuvakohtaamisia\/wp-content\/uploads\/2017\/07\/postitaide2-1024x1024.png\" alt=\"\" width=\"750\" height=\"750\" class=\"aligncenter size-large wp-image-547\" srcset=\"https:\/\/www.tarusola.fi\/kielikuvakohtaamisia\/wp-content\/uploads\/2017\/07\/postitaide2-1024x1024.png 1024w, https:\/\/www.tarusola.fi\/kielikuvakohtaamisia\/wp-content\/uploads\/2017\/07\/postitaide2-150x150.png 150w, https:\/\/www.tarusola.fi\/kielikuvakohtaamisia\/wp-content\/uploads\/2017\/07\/postitaide2-300x300.png 300w, https:\/\/www.tarusola.fi\/kielikuvakohtaamisia\/wp-content\/uploads\/2017\/07\/postitaide2-768x767.png 768w, https:\/\/www.tarusola.fi\/kielikuvakohtaamisia\/wp-content\/uploads\/2017\/07\/postitaide2-144x144.png 144w, https:\/\/www.tarusola.fi\/kielikuvakohtaamisia\/wp-content\/uploads\/2017\/07\/postitaide2.png 1535w\" sizes=\"auto, (max-width: 750px) 100vw, 750px\" \/><\/a><\/p>\n<p><strong>Kahden yst\u00e4v\u00e4n kohtaaminen er\u00e4\u00e4n\u00e4 hein\u00e4kuun lopun p\u00e4iv\u00e4n\u00e4<\/strong><\/p>\n<p>\u2013 Kiitos, Satu, paketista! Milt\u00e4 t\u00e4m\u00e4 meid\u00e4n postitaidekokeilu tuntui?<\/p>\n<p>\u2013 Kiitos my\u00f6s sun l\u00e4hetyksest\u00e4si, Sini! Kokeilu oli hauska, vaikka t\u00e4ytyy my\u00f6nt\u00e4\u00e4, ett\u00e4 mulla oli alussa hieman paineita tuon taide-sanan takia. En ollut varma, saanko tekeleest\u00e4ni tarpeeksi taiteellisen. Mutta lopulta p\u00e4\u00e4tin vain tehd\u00e4 l\u00e4hetyksen ilman sen suurempaa itsekriittisyytt\u00e4.<\/p>\n<p><a href=\"http:\/\/www.tarusola.fi\/kielikuvakohtaamisia\/wp-content\/uploads\/2017\/07\/Sadun-l\u00e4hetys.jpg\"><img loading=\"lazy\" decoding=\"async\" src=\"http:\/\/www.tarusola.fi\/kielikuvakohtaamisia\/wp-content\/uploads\/2017\/07\/Sadun-l\u00e4hetys-1024x577.jpg\" alt=\"\" width=\"750\" height=\"423\" class=\"aligncenter size-large wp-image-556\" srcset=\"https:\/\/www.tarusola.fi\/kielikuvakohtaamisia\/wp-content\/uploads\/2017\/07\/Sadun-l\u00e4hetys-1024x577.jpg 1024w, https:\/\/www.tarusola.fi\/kielikuvakohtaamisia\/wp-content\/uploads\/2017\/07\/Sadun-l\u00e4hetys-300x169.jpg 300w, https:\/\/www.tarusola.fi\/kielikuvakohtaamisia\/wp-content\/uploads\/2017\/07\/Sadun-l\u00e4hetys-768x433.jpg 768w\" sizes=\"auto, (max-width: 750px) 100vw, 750px\" \/><\/a><\/p>\n<p>\u2013 Oma viestini syntyi Espanjassa kaikesta siit\u00e4 materiaalista, jota turistille on tarjolla. Apuna toimi kynsisakset ja teippi. <\/p>\n<p><a href=\"http:\/\/www.tarusola.fi\/kielikuvakohtaamisia\/wp-content\/uploads\/2017\/07\/Sinin-l\u00e4hetys.jpg\"><img loading=\"lazy\" decoding=\"async\" src=\"http:\/\/www.tarusola.fi\/kielikuvakohtaamisia\/wp-content\/uploads\/2017\/07\/Sinin-l\u00e4hetys-577x1024.jpg\" alt=\"\" width=\"577\" height=\"1024\" class=\"aligncenter size-large wp-image-551\" srcset=\"https:\/\/www.tarusola.fi\/kielikuvakohtaamisia\/wp-content\/uploads\/2017\/07\/Sinin-l\u00e4hetys-577x1024.jpg 577w, https:\/\/www.tarusola.fi\/kielikuvakohtaamisia\/wp-content\/uploads\/2017\/07\/Sinin-l\u00e4hetys-169x300.jpg 169w, https:\/\/www.tarusola.fi\/kielikuvakohtaamisia\/wp-content\/uploads\/2017\/07\/Sinin-l\u00e4hetys.jpg 721w\" sizes=\"auto, (max-width: 577px) 100vw, 577px\" \/><\/a><\/p>\n<p>\u2013 Kekseli\u00e4st\u00e4! T\u00e4m\u00e4 kokeilu her\u00e4tteli kivasti pohtimaan, millaisia luovia ratkaisuja voisikaan k\u00e4ytt\u00e4\u00e4 perinteisen kortin sijasta. My\u00f6s sanallisuutta yhdistettyn\u00e4 visuaalisuuteen pohdin. Mietin yhdess\u00e4 vaiheessa runoteosta mutta p\u00e4\u00e4dyin t\u00e4h\u00e4n ratkaisuun.<\/p>\n<p><a href=\"http:\/\/www.tarusola.fi\/kielikuvakohtaamisia\/wp-content\/uploads\/2017\/07\/Sadun-l\u00e4hetys-sis\u00e4lt\u00e4.jpg\"><img loading=\"lazy\" decoding=\"async\" src=\"http:\/\/www.tarusola.fi\/kielikuvakohtaamisia\/wp-content\/uploads\/2017\/07\/Sadun-l\u00e4hetys-sis\u00e4lt\u00e4-1024x577.jpg\" alt=\"\" width=\"750\" height=\"423\" class=\"aligncenter size-large wp-image-552\" srcset=\"https:\/\/www.tarusola.fi\/kielikuvakohtaamisia\/wp-content\/uploads\/2017\/07\/Sadun-l\u00e4hetys-sis\u00e4lt\u00e4-1024x577.jpg 1024w, https:\/\/www.tarusola.fi\/kielikuvakohtaamisia\/wp-content\/uploads\/2017\/07\/Sadun-l\u00e4hetys-sis\u00e4lt\u00e4-300x169.jpg 300w, https:\/\/www.tarusola.fi\/kielikuvakohtaamisia\/wp-content\/uploads\/2017\/07\/Sadun-l\u00e4hetys-sis\u00e4lt\u00e4-768x433.jpg 768w\" sizes=\"auto, (max-width: 750px) 100vw, 750px\" \/><\/a><\/p>\n<p>\u2013 Postitaiteeseen voi oppilaat tutustuttaa my\u00f6s kouluissa. Monilla kouluilla on yst\u00e4v\u00e4kouluja, joiden kanssa viestitell\u00e4\u00e4n eri tavoin. Postitaideprojekti voisi olla yksi kiva vaihtoehto.<\/p>\n<p>\u2013 Kyll\u00e4! Projektissa saa yhdistetty\u00e4 monipuolisesti sek\u00e4 kuvallisia ett\u00e4 sanallisia elementtej\u00e4 halutessaan \u2013 ja monikielisesti my\u00f6s.<\/p>\n<p><a href=\"http:\/\/www.tarusola.fi\/kielikuvakohtaamisia\/wp-content\/uploads\/2017\/07\/Postilaatikko.jpg\"><img loading=\"lazy\" decoding=\"async\" src=\"http:\/\/www.tarusola.fi\/kielikuvakohtaamisia\/wp-content\/uploads\/2017\/07\/Postilaatikko-754x1024.jpg\" alt=\"\" width=\"750\" height=\"1019\" class=\"aligncenter size-large wp-image-558\" srcset=\"https:\/\/www.tarusola.fi\/kielikuvakohtaamisia\/wp-content\/uploads\/2017\/07\/Postilaatikko-754x1024.jpg 754w, https:\/\/www.tarusola.fi\/kielikuvakohtaamisia\/wp-content\/uploads\/2017\/07\/Postilaatikko-221x300.jpg 221w, https:\/\/www.tarusola.fi\/kielikuvakohtaamisia\/wp-content\/uploads\/2017\/07\/Postilaatikko-768x1043.jpg 768w, https:\/\/www.tarusola.fi\/kielikuvakohtaamisia\/wp-content\/uploads\/2017\/07\/Postilaatikko.jpg 884w\" sizes=\"auto, (max-width: 750px) 100vw, 750px\" \/><\/a><\/p>\n<p><a href=\"http:\/\/www.tarusola.fi\" target=\"_blank\">Tarusola<\/a><\/p>\n","protected":false},"excerpt":{"rendered":"<p>Kahden yst\u00e4v\u00e4n kohtaaminen er\u00e4\u00e4n\u00e4 hein\u00e4kuun lopun p\u00e4iv\u00e4n\u00e4 \u2013 Kiitos, Satu, paketista! Milt\u00e4 t\u00e4m\u00e4 meid\u00e4n postitaidekokeilu tuntui? \u2013 Kiitos my\u00f6s sun l\u00e4hetyksest\u00e4si, Sini! Kokeilu oli hauska, vaikka t\u00e4ytyy my\u00f6nt\u00e4\u00e4, ett\u00e4 mulla oli alussa hieman paineita tuon taide-sanan takia. En ollut varma, saanko tekeleest\u00e4ni tarpeeksi taiteellisen. Mutta lopulta p\u00e4\u00e4tin vain tehd\u00e4 l\u00e4hetyksen ilman sen suurempaa itsekriittisyytt\u00e4. \u2013 [&hellip;]<\/p>\n","protected":false},"author":1,"featured_media":0,"comment_status":"open","ping_status":"open","sticky":false,"template":"","format":"standard","meta":{"sfsi_plus_gutenberg_text_before_share":"","sfsi_plus_gutenberg_show_text_before_share":"","sfsi_plus_gutenberg_icon_type":"","sfsi_plus_gutenberg_icon_alignemt":"","sfsi_plus_gutenburg_max_per_row":"","footnotes":""},"categories":[92],"tags":[99,96,100],"class_list":["post-545","post","type-post","status-publish","format-standard","hentry","category-luovuus","tag-postikortit","tag-postitaide","tag-projekti"],"_links":{"self":[{"href":"https:\/\/www.tarusola.fi\/kielikuvakohtaamisia\/wp-json\/wp\/v2\/posts\/545","targetHints":{"allow":["GET"]}}],"collection":[{"href":"https:\/\/www.tarusola.fi\/kielikuvakohtaamisia\/wp-json\/wp\/v2\/posts"}],"about":[{"href":"https:\/\/www.tarusola.fi\/kielikuvakohtaamisia\/wp-json\/wp\/v2\/types\/post"}],"author":[{"embeddable":true,"href":"https:\/\/www.tarusola.fi\/kielikuvakohtaamisia\/wp-json\/wp\/v2\/users\/1"}],"replies":[{"embeddable":true,"href":"https:\/\/www.tarusola.fi\/kielikuvakohtaamisia\/wp-json\/wp\/v2\/comments?post=545"}],"version-history":[{"count":7,"href":"https:\/\/www.tarusola.fi\/kielikuvakohtaamisia\/wp-json\/wp\/v2\/posts\/545\/revisions"}],"predecessor-version":[{"id":560,"href":"https:\/\/www.tarusola.fi\/kielikuvakohtaamisia\/wp-json\/wp\/v2\/posts\/545\/revisions\/560"}],"wp:attachment":[{"href":"https:\/\/www.tarusola.fi\/kielikuvakohtaamisia\/wp-json\/wp\/v2\/media?parent=545"}],"wp:term":[{"taxonomy":"category","embeddable":true,"href":"https:\/\/www.tarusola.fi\/kielikuvakohtaamisia\/wp-json\/wp\/v2\/categories?post=545"},{"taxonomy":"post_tag","embeddable":true,"href":"https:\/\/www.tarusola.fi\/kielikuvakohtaamisia\/wp-json\/wp\/v2\/tags?post=545"}],"curies":[{"name":"wp","href":"https:\/\/api.w.org\/{rel}","templated":true}]}}