{"id":4390,"date":"2026-04-30T07:36:23","date_gmt":"2026-04-30T05:36:23","guid":{"rendered":"https:\/\/www.tarusola.fi\/kielikuvakohtaamisia\/?p=4390"},"modified":"2026-04-30T07:42:01","modified_gmt":"2026-04-30T05:42:01","slug":"juhlakatsauksessa","status":"publish","type":"post","link":"https:\/\/www.tarusola.fi\/kielikuvakohtaamisia\/katsaus\/juhlakatsauksessa\/","title":{"rendered":"Juhlakatsauksessa 2026"},"content":{"rendered":"\n<figure class=\"wp-block-image size-large\"><a href=\"https:\/\/www.tarusola.fi\/kielikuvakohtaamisia\/wp-content\/uploads\/2026\/04\/Kielikuvakohtaamisia-10-vuotta.png\"><img loading=\"lazy\" decoding=\"async\" width=\"1024\" height=\"1024\" src=\"https:\/\/www.tarusola.fi\/kielikuvakohtaamisia\/wp-content\/uploads\/2026\/04\/Kielikuvakohtaamisia-10-vuotta-1024x1024.png\" alt=\"\" class=\"wp-image-4393\" srcset=\"https:\/\/www.tarusola.fi\/kielikuvakohtaamisia\/wp-content\/uploads\/2026\/04\/Kielikuvakohtaamisia-10-vuotta-1024x1024.png 1024w, https:\/\/www.tarusola.fi\/kielikuvakohtaamisia\/wp-content\/uploads\/2026\/04\/Kielikuvakohtaamisia-10-vuotta-300x300.png 300w, https:\/\/www.tarusola.fi\/kielikuvakohtaamisia\/wp-content\/uploads\/2026\/04\/Kielikuvakohtaamisia-10-vuotta-150x150.png 150w, https:\/\/www.tarusola.fi\/kielikuvakohtaamisia\/wp-content\/uploads\/2026\/04\/Kielikuvakohtaamisia-10-vuotta-768x767.png 768w, https:\/\/www.tarusola.fi\/kielikuvakohtaamisia\/wp-content\/uploads\/2026\/04\/Kielikuvakohtaamisia-10-vuotta-144x144.png 144w, https:\/\/www.tarusola.fi\/kielikuvakohtaamisia\/wp-content\/uploads\/2026\/04\/Kielikuvakohtaamisia-10-vuotta.png 1299w\" sizes=\"auto, (max-width: 1024px) 100vw, 1024px\" \/><\/a><\/figure>\n\n\n\n<p><strong>Kahden yst\u00e4v\u00e4n et\u00e4kohtaaminen er\u00e4\u00e4n\u00e4 huhtikuun p\u00e4iv\u00e4n\u00e4<\/strong><\/p>\n\n\n\n<p>\u2013 Moikka, Sini! Mit\u00e4 sinne koto-Suomeen kuuluu? [Satu]<\/p>\n\n\n\n<p>\u2013 Hei, Satu! Kev\u00e4inen aurinko on antanut taas niin paljon energiaa. Mulle kev\u00e4t on kaiken luovan toiminnan kannalta hedelm\u00e4llisint\u00e4 aikaa. Mukavaa my\u00f6s olla yhteydess\u00e4 n\u00e4in juhlavissa tunnelmissa. Ent\u00e4 miten siell\u00e4 Balilla menee? [Sini]<\/p>\n\n\n\n<figure class=\"wp-block-image size-large\"><a href=\"https:\/\/www.tarusola.fi\/kielikuvakohtaamisia\/wp-content\/uploads\/2026\/04\/2025-04-26-02.07.53.jpg\"><img loading=\"lazy\" decoding=\"async\" width=\"1024\" height=\"683\" src=\"https:\/\/www.tarusola.fi\/kielikuvakohtaamisia\/wp-content\/uploads\/2026\/04\/2025-04-26-02.07.53-1024x683.jpg\" alt=\"\" class=\"wp-image-4430\" srcset=\"https:\/\/www.tarusola.fi\/kielikuvakohtaamisia\/wp-content\/uploads\/2026\/04\/2025-04-26-02.07.53-1024x683.jpg 1024w, https:\/\/www.tarusola.fi\/kielikuvakohtaamisia\/wp-content\/uploads\/2026\/04\/2025-04-26-02.07.53-300x200.jpg 300w, https:\/\/www.tarusola.fi\/kielikuvakohtaamisia\/wp-content\/uploads\/2026\/04\/2025-04-26-02.07.53-768x512.jpg 768w, https:\/\/www.tarusola.fi\/kielikuvakohtaamisia\/wp-content\/uploads\/2026\/04\/2025-04-26-02.07.53.jpg 1181w\" sizes=\"auto, (max-width: 1024px) 100vw, 1024px\" \/><\/a><\/figure>\n\n\n\n<p>\u2013 Kiva kuulla! Ja n\u00e4hd\u00e4! Valo on kyll\u00e4 todella t\u00e4rke\u00e4\u00e4 hyvinvoinnille. T\u00e4\u00e4ll\u00e4 sit\u00e4 riitt\u00e4\u00e4 ymp\u00e4ri vuoden, ja olen nauttinut sen voimasta paljon. Ja nyt on tosi kiva muistella blogitaivalta sun kanssa. Kymmenen vuotta on pitk\u00e4 p\u00e4tk\u00e4, mutta aika on kyll\u00e4 mennyt tosi nopeasti! Tuntuu, ett\u00e4 vasta \u00e4sken meill\u00e4 oli blogin 5-vuotisjuhla. [Satu]<\/p>\n\n\n\n<figure class=\"wp-block-image size-large\"><a href=\"https:\/\/www.tarusola.fi\/kielikuvakohtaamisia\/wp-content\/uploads\/2026\/04\/Blogi5v.png\"><img loading=\"lazy\" decoding=\"async\" width=\"1024\" height=\"1024\" src=\"https:\/\/www.tarusola.fi\/kielikuvakohtaamisia\/wp-content\/uploads\/2026\/04\/Blogi5v-1024x1024.png\" alt=\"\" class=\"wp-image-4424\" srcset=\"https:\/\/www.tarusola.fi\/kielikuvakohtaamisia\/wp-content\/uploads\/2026\/04\/Blogi5v-1024x1024.png 1024w, https:\/\/www.tarusola.fi\/kielikuvakohtaamisia\/wp-content\/uploads\/2026\/04\/Blogi5v-300x300.png 300w, https:\/\/www.tarusola.fi\/kielikuvakohtaamisia\/wp-content\/uploads\/2026\/04\/Blogi5v-150x150.png 150w, https:\/\/www.tarusola.fi\/kielikuvakohtaamisia\/wp-content\/uploads\/2026\/04\/Blogi5v-768x767.png 768w, https:\/\/www.tarusola.fi\/kielikuvakohtaamisia\/wp-content\/uploads\/2026\/04\/Blogi5v-144x144.png 144w, https:\/\/www.tarusola.fi\/kielikuvakohtaamisia\/wp-content\/uploads\/2026\/04\/Blogi5v.png 1299w\" sizes=\"auto, (max-width: 1024px) 100vw, 1024px\" \/><\/a><\/figure>\n\n\n\n<p>\u2013 Kyll\u00e4, paljon on j\u00e4\u00e4nyt mieleen, mutta paljon on my\u00f6s unohtunut. Blogipostausten kautta p\u00e4\u00e4see kyll\u00e4 hyvin nostalgisiin tunnelmiin, ja mieleen muistuu taas paljon Tarusolan puitteissa yhdess\u00e4 tehty\u00e4 ja koettua. [Sini]<\/p>\n\n\n\n<p>\u2013 Millaiset aiheet on olleet sulle erityisen mieluisia? [Satu]<\/p>\n\n\n\n<figure class=\"wp-block-image size-large\"><a href=\"https:\/\/www.tarusola.fi\/kielikuvakohtaamisia\/wp-content\/uploads\/2026\/04\/Luovuuskortit.jpg\"><img loading=\"lazy\" decoding=\"async\" width=\"683\" height=\"1024\" src=\"https:\/\/www.tarusola.fi\/kielikuvakohtaamisia\/wp-content\/uploads\/2026\/04\/Luovuuskortit-683x1024.jpg\" alt=\"\" class=\"wp-image-4414\" srcset=\"https:\/\/www.tarusola.fi\/kielikuvakohtaamisia\/wp-content\/uploads\/2026\/04\/Luovuuskortit-683x1024.jpg 683w, https:\/\/www.tarusola.fi\/kielikuvakohtaamisia\/wp-content\/uploads\/2026\/04\/Luovuuskortit-200x300.jpg 200w, https:\/\/www.tarusola.fi\/kielikuvakohtaamisia\/wp-content\/uploads\/2026\/04\/Luovuuskortit-768x1151.jpg 768w, https:\/\/www.tarusola.fi\/kielikuvakohtaamisia\/wp-content\/uploads\/2026\/04\/Luovuuskortit.jpg 788w\" sizes=\"auto, (max-width: 683px) 100vw, 683px\" \/><\/a><\/figure>\n\n\n\n<p>\u2013N\u00e4iden kymmenen vuoden aikana meill\u00e4 on ollut niin monia hyvi\u00e4 keskusteluja luovuudesta ja luovista prosesseista. Ollaan my\u00f6s tehty k\u00e4yt\u00e4nn\u00f6n havaintoja siit\u00e4, miten eri tavalla me itse l\u00e4hestyt\u00e4\u00e4n luovaa tekemist\u00e4 ja mist\u00e4 l\u00f6ytyy inspiraation l\u00e4hteit\u00e4. Blogissa aihe on n\u00e4kynyt erilaisina luovuutta ruokkivina harjoituksina, joita ollaan tehty itseksemme tai erilaisia valmiita materiaaleja testaillen. <a href=\"https:\/\/www.tarusola.fi\/kielikuvakohtaamisia\/tehtavat\/luovuutta-ruokkimassa\/\">Luovuutta ruokkimassa<\/a> oli postaus, jossa vuonna 2018 k\u00e4siteltiin luovan inspiraation hakemista erilaisin keinoin. Mieleen tulee my\u00f6s Paavo J\u00e4rvilehdon ja Lauri J\u00e4rvilehdon <em>Pim! Olet luova <\/em>&#8211;<a href=\"https:\/\/www.tarusola.fi\/kielikuvakohtaamisia\/kirja\/pim-olet-luova-kirjan-aarella\/\">kirja<\/a> \u00a0ja sen rinnalle tehdyt <a href=\"https:\/\/www.tarusola.fi\/kielikuvakohtaamisia\/2020\/07\/\">luovuuskortit<\/a>, joita ollaan my\u00f6s testailtu. Luovuutta ja mindfulnessia on etsitty luontol\u00e4ht\u00f6isesti esimerkiksi <strong>Jocelyn de Kwantin<\/strong> <em>Luovuutta luonnosta. Vuosi hyvinvoinnin ytimess\u00e4<\/em> &#8211;<a href=\"https:\/\/www.tarusola.fi\/kielikuvakohtaamisia\/luovuus\/luovuutta-luonnosta-kirjan-aarella\/\">kirjan<\/a> (Otava, 2019) harjoitusten avulla. [Sini]<\/p>\n\n\n\n<figure class=\"wp-block-image size-large\"><a href=\"https:\/\/www.tarusola.fi\/kielikuvakohtaamisia\/wp-content\/uploads\/2026\/04\/Luovuutta-luonnosta.jpg\"><img loading=\"lazy\" decoding=\"async\" width=\"1024\" height=\"683\" src=\"https:\/\/www.tarusola.fi\/kielikuvakohtaamisia\/wp-content\/uploads\/2026\/04\/Luovuutta-luonnosta-1024x683.jpg\" alt=\"\" class=\"wp-image-4415\" srcset=\"https:\/\/www.tarusola.fi\/kielikuvakohtaamisia\/wp-content\/uploads\/2026\/04\/Luovuutta-luonnosta-1024x683.jpg 1024w, https:\/\/www.tarusola.fi\/kielikuvakohtaamisia\/wp-content\/uploads\/2026\/04\/Luovuutta-luonnosta-300x200.jpg 300w, https:\/\/www.tarusola.fi\/kielikuvakohtaamisia\/wp-content\/uploads\/2026\/04\/Luovuutta-luonnosta-768x512.jpg 768w, https:\/\/www.tarusola.fi\/kielikuvakohtaamisia\/wp-content\/uploads\/2026\/04\/Luovuutta-luonnosta.jpg 1181w\" sizes=\"auto, (max-width: 1024px) 100vw, 1024px\" \/><\/a><\/figure>\n\n\n\n<p>\u2013 Jep, erityisesti tuo j\u00e4lkimm\u00e4inen kirja,<em> Luovuutta luonnosta<\/em>, on ollut mulle tosi iso inspiraation l\u00e4hde t\u00e4\u00e4ll\u00e4 valtameren, viidakon ja tulivuorten keskell\u00e4. Meill\u00e4 on my\u00f6s ollut lukemattomia muita kirjoja keskustelussa monissa kirjavinkkauksissa ja Helmet-haasteissa, joista on j\u00e4\u00e4nyt mun mieleen varsinkin vuosi 2019.  Silloin tosiaan suoritin viiden vuoden <a href=\"https:\/\/www.tarusola.fi\/kielikuvakohtaamisia\/lukeminen\/lukuhaasteessa\/\">lukuhaasteet<\/a> yhdell\u00e4 kertaa. Se oli iso ja opettavainen urakka \u2013 ja lukuiloa ruokkiva!\u00a0<\/p>\n\n\n\n<p>On ollut my\u00f6s tosi virkist\u00e4v\u00e4\u00e4 saada meid\u00e4n harjoittelija <strong>Suvi<\/strong> jakamaan lukusuosituksiaan, kuten vuonna 2022 erityisesti <a href=\"https:\/\/www.tarusola.fi\/kielikuvakohtaamisia\/kirja\/nuortenkirjoja-suosittelemassa\/\">nuortenkirjoista<\/a>. <\/p>\n\n\n\n<p>Ja meid\u00e4n oma <em><a href=\"https:\/\/www.tarusola.fi\/kielikuvakohtaamisia\/lastenkirja\/ooossa\/\">Mainio matkatoimisto<\/a><\/em> on tietysti ollut keskeinen sek\u00e4 blogissa ett\u00e4 el\u00e4v\u00e4ss\u00e4 el\u00e4m\u00e4ss\u00e4. Sill\u00e4kin on juhlan aika t\u00e4n\u00e4 vuonna!\u00a0[Satu]<\/p>\n\n\n\n<figure class=\"wp-block-image size-large\"><a href=\"https:\/\/www.tarusola.fi\/kielikuvakohtaamisia\/wp-content\/uploads\/2026\/04\/OOO.jpg\"><img loading=\"lazy\" decoding=\"async\" width=\"1024\" height=\"787\" src=\"https:\/\/www.tarusola.fi\/kielikuvakohtaamisia\/wp-content\/uploads\/2026\/04\/OOO-1024x787.jpg\" alt=\"\" class=\"wp-image-4413\" srcset=\"https:\/\/www.tarusola.fi\/kielikuvakohtaamisia\/wp-content\/uploads\/2026\/04\/OOO-1024x787.jpg 1024w, https:\/\/www.tarusola.fi\/kielikuvakohtaamisia\/wp-content\/uploads\/2026\/04\/OOO-300x231.jpg 300w, https:\/\/www.tarusola.fi\/kielikuvakohtaamisia\/wp-content\/uploads\/2026\/04\/OOO-768x590.jpg 768w, https:\/\/www.tarusola.fi\/kielikuvakohtaamisia\/wp-content\/uploads\/2026\/04\/OOO.jpg 1181w\" sizes=\"auto, (max-width: 1024px) 100vw, 1024px\" \/><\/a><\/figure>\n\n\n\n<p>\u2013 Tuon meid\u00e4n lastenkirjan lis\u00e4ksi on ollut kehitteill\u00e4 my\u00f6s monia hahmoja ja tarinoita, jotka eiv\u00e4t ole p\u00e4\u00e4tyneet kirjaksi asti, mutta ovat kyll\u00e4 seikkailleet muuten mukana. Muistatko, kun me toteutettiin kirjamessuille useita lapsille suunnattuja piipahduspajoja. Vuoden 2018 <a href=\"https:\/\/www.tarusola.fi\/kielikuvakohtaamisia\/tyopaja\/ihmekonekorttipajassa\/\">ty\u00f6pajassa<\/a> seikkaili Pulmanpoistopuodin hahmot. Pajassa l\u00e4hdettiin toiminnan alkuun seuraavilla ohjeilla: \u201dAatos Aavikkokettu potee huonoa p\u00e4iv\u00e4\u00e4, vaan ei huolen h\u00e4iv\u00e4\u00e4! Pulmanpoistopuodin heput ovat keksineet ratkaisun pirteyspulmaan. He ovat rakentaneet ihmekoneen, joka taikoo sisuksistaan hyv\u00e4n mielen v\u00e4rssyj\u00e4 Aatoksen ja muiden kavereiden iloksi. Napsauta ihmekone k\u00e4yntiin ja tee itsellesi hyv\u00e4n mielen v\u00e4rssy korttikoneen avulla! Lis\u00e4\u00e4 koneen taikomat sanat tai kuva kohtiin 1\u20134. Lopuksi piirr\u00e4 kortin kanteen jokin lempijuttusi, joka saa sinut hyv\u00e4lle tuulelle.\u201d <a href=\"https:\/\/www.tarusola.fi\/kielikuvakohtaamisia\/tyopaja\/kirjamessuilla-2019\/\">Seuraavanakin vuonna<\/a> toteutettiin kaksi pajaa. Sill\u00e4 kertaa p\u00e4\u00e4osassa oli Mainion matkatoimiston heput, lauantaina <em>N\u00e4ps\u00e4kk\u00e4 nimigeneraattori<\/em> ja sunnuntaina <em>Pellervo Puukengurun reissukaverit. <\/em>[Sini]<\/p>\n\n\n\n<figure class=\"wp-block-image size-large\"><a href=\"https:\/\/www.tarusola.fi\/kielikuvakohtaamisia\/wp-content\/uploads\/2026\/04\/koneen-osat-3-ja-4.jpg\"><img loading=\"lazy\" decoding=\"async\" width=\"1024\" height=\"881\" src=\"https:\/\/www.tarusola.fi\/kielikuvakohtaamisia\/wp-content\/uploads\/2026\/04\/koneen-osat-3-ja-4-1024x881.jpg\" alt=\"\" class=\"wp-image-4411\" srcset=\"https:\/\/www.tarusola.fi\/kielikuvakohtaamisia\/wp-content\/uploads\/2026\/04\/koneen-osat-3-ja-4-1024x881.jpg 1024w, https:\/\/www.tarusola.fi\/kielikuvakohtaamisia\/wp-content\/uploads\/2026\/04\/koneen-osat-3-ja-4-300x258.jpg 300w, https:\/\/www.tarusola.fi\/kielikuvakohtaamisia\/wp-content\/uploads\/2026\/04\/koneen-osat-3-ja-4-768x661.jpg 768w, https:\/\/www.tarusola.fi\/kielikuvakohtaamisia\/wp-content\/uploads\/2026\/04\/koneen-osat-3-ja-4.jpg 1181w\" sizes=\"auto, (max-width: 1024px) 100vw, 1024px\" \/><\/a><\/figure>\n\n\n\n<p>*<\/p>\n\n\n\n<figure class=\"wp-block-image size-large\"><a href=\"https:\/\/www.tarusola.fi\/kielikuvakohtaamisia\/wp-content\/uploads\/2026\/04\/Sana-palikassa.jpg\"><img loading=\"lazy\" decoding=\"async\" width=\"1024\" height=\"683\" src=\"https:\/\/www.tarusola.fi\/kielikuvakohtaamisia\/wp-content\/uploads\/2026\/04\/Sana-palikassa-1024x683.jpg\" alt=\"\" class=\"wp-image-4417\" srcset=\"https:\/\/www.tarusola.fi\/kielikuvakohtaamisia\/wp-content\/uploads\/2026\/04\/Sana-palikassa-1024x683.jpg 1024w, https:\/\/www.tarusola.fi\/kielikuvakohtaamisia\/wp-content\/uploads\/2026\/04\/Sana-palikassa-300x200.jpg 300w, https:\/\/www.tarusola.fi\/kielikuvakohtaamisia\/wp-content\/uploads\/2026\/04\/Sana-palikassa-768x512.jpg 768w, https:\/\/www.tarusola.fi\/kielikuvakohtaamisia\/wp-content\/uploads\/2026\/04\/Sana-palikassa.jpg 1181w\" sizes=\"auto, (max-width: 1024px) 100vw, 1024px\" \/><\/a><\/figure>\n\n\n\n<p>\u2013 Niin kivoja muistoja! Ja hahmot el\u00e4\u00e4 viel\u00e4kin mun tiedostoissa, ehk\u00e4p\u00e4 odotellen sopivaa hetke\u00e4\u2026 Kirjamessuhulinassa on kyll\u00e4 ollut joka kerta tosi antoisaa sun kanssa. Samoin erilaisten kirjoitusteht\u00e4vien parissa, kuten Kes\u00e4isiss\u00e4 harjoituksissa <a href=\"https:\/\/www.tarusola.fi\/kielikuvakohtaamisia\/tehtavat\/kesaisissa-harjoituksissa\/\">I<\/a> ja <a href=\"https:\/\/www.tarusola.fi\/kielikuvakohtaamisia\/tehtavat\/kesaisissa-harjoituksissa-ii\/\">II<\/a>, joissa voitiin palata my\u00f6s meid\u00e4n Nicaragua-seikkailuun.\u00a0<\/p>\n\n\n\n<p>Blogin l\u00e4ht\u00f6kohta, visuaalinen ja verbaalinen vuoropuhelu, kulkee luonnollisesti punaisena lankana l\u00e4pi meid\u00e4n tekemisen, mutta joissakin teht\u00e4viss\u00e4 ja postauksissa se on korostunut erityisen selke\u00e4sti, kuten <a href=\"https:\/\/www.tarusola.fi\/kielikuvakohtaamisia\/yhteistyo\/kuvailuissa\/\">Kuvailuissa<\/a>. [Satu]<\/p>\n\n\n\n<figure class=\"wp-block-image size-full\"><a href=\"https:\/\/www.tarusola.fi\/kielikuvakohtaamisia\/wp-content\/uploads\/2026\/04\/4_Torikuva-5-1024x682-1.jpg\"><img loading=\"lazy\" decoding=\"async\" width=\"1024\" height=\"682\" src=\"https:\/\/www.tarusola.fi\/kielikuvakohtaamisia\/wp-content\/uploads\/2026\/04\/4_Torikuva-5-1024x682-1.jpg\" alt=\"\" class=\"wp-image-4423\" srcset=\"https:\/\/www.tarusola.fi\/kielikuvakohtaamisia\/wp-content\/uploads\/2026\/04\/4_Torikuva-5-1024x682-1.jpg 1024w, https:\/\/www.tarusola.fi\/kielikuvakohtaamisia\/wp-content\/uploads\/2026\/04\/4_Torikuva-5-1024x682-1-300x200.jpg 300w, https:\/\/www.tarusola.fi\/kielikuvakohtaamisia\/wp-content\/uploads\/2026\/04\/4_Torikuva-5-1024x682-1-768x512.jpg 768w\" sizes=\"auto, (max-width: 1024px) 100vw, 1024px\" \/><\/a><\/figure>\n\n\n\n<p>\u2013 Kirjoittaminen ei ole koskaan ollut mun juttu, mutta sun kannustuksella ja kivojen kirjoitusteht\u00e4vien kautta m\u00e4kin olen p\u00e4\u00e4ssyt kokeilemaan luovaa kirjoittamista. [Sini]<\/p>\n\n\n\n<p>\u2013 Oman mukavuusalueen ulkopuolelle loikkaaminen kannattaa todellakin! My\u00f6s kaikki erilaiset valokuvaushaasteet ja -teht\u00e4v\u00e4t on olleet tosi kivoja.\u00a0 Niit\u00e4 ollaankin tehty vuosien varrella monia. Esimerkiksi meid\u00e4n Kuvien ketjussa &#8211;<a href=\"https:\/\/www.tarusola.fi\/kielikuvakohtaamisia\/kuva\/kuvien-ketjussa\/\">teht\u00e4v\u00e4<\/a> on ollut tosi antoisa. Se on kulkenut mukana vuodesta 2016 l\u00e4htien, jolloin me tehtiin se ekan kerran.  Viides kerta, Kuvien ketjussa <a href=\"https:\/\/www.tarusola.fi\/kielikuvakohtaamisia\/kuva\/kuvien-ketjussa-v\/\">V<\/a>, me tehtiin viime vuonna. \u00a0Ja kerran me palattiin ketjuun <a href=\"https:\/\/www.tarusola.fi\/kielikuvakohtaamisia\/kuva-ja-sana\/kuvien-verbaalisessa-ketjussa\/\">verbaalisesti<\/a>. <\/p>\n\n\n\n<p>Kuvaketjuteht\u00e4v\u00e4 on p\u00e4\u00e4ssyt h\u00e4mm\u00e4stytt\u00e4m\u00e4\u00e4n mut joka kerta \u2013 positiivisesti! Se kuulostaa ja vaikuttaa pinnallisesti tarkasteltuna kevyelt\u00e4 ja helpolta, mut eip\u00e4s olekaan! Siihen k\u00e4tkeytyy paljon yll\u00e4tyksellisyytt\u00e4 ja syvyytt\u00e4, ja siksi se on mun lempiteht\u00e4vi\u00e4.\u00a0[Satu]<\/p>\n\n\n\n<figure class=\"wp-block-image size-large\"><a href=\"https:\/\/www.tarusola.fi\/kielikuvakohtaamisia\/wp-content\/uploads\/2026\/04\/F-Sinin-3.-kuva.jpg\"><img loading=\"lazy\" decoding=\"async\" width=\"1024\" height=\"722\" src=\"https:\/\/www.tarusola.fi\/kielikuvakohtaamisia\/wp-content\/uploads\/2026\/04\/F-Sinin-3.-kuva-1024x722.jpg\" alt=\"\" class=\"wp-image-4421\" srcset=\"https:\/\/www.tarusola.fi\/kielikuvakohtaamisia\/wp-content\/uploads\/2026\/04\/F-Sinin-3.-kuva-1024x722.jpg 1024w, https:\/\/www.tarusola.fi\/kielikuvakohtaamisia\/wp-content\/uploads\/2026\/04\/F-Sinin-3.-kuva-300x212.jpg 300w, https:\/\/www.tarusola.fi\/kielikuvakohtaamisia\/wp-content\/uploads\/2026\/04\/F-Sinin-3.-kuva-768x542.jpg 768w, https:\/\/www.tarusola.fi\/kielikuvakohtaamisia\/wp-content\/uploads\/2026\/04\/F-Sinin-3.-kuva.jpg 1181w\" sizes=\"auto, (max-width: 1024px) 100vw, 1024px\" \/><\/a><\/figure>\n\n\n\n<p>\u2013 N\u00e4ihinkin teht\u00e4viin on kiva palata aina v\u00e4lill\u00e4 uudestaan. [Sini]<\/p>\n\n\n\n<p>\u2013 Aivan! M\u00e4 olen tehnyt monia vuosien varrella pienin\u00e4 makupaloina tai verryttelyteht\u00e4vin\u00e4, jos vaikka on ollut luovuus v\u00e4liaikaisesti kadoksissa tai olen muuten vaan kaivannut lis\u00e4inspiraatiota. [Satu]<\/p>\n\n\n\n<figure class=\"wp-block-image size-large\"><a href=\"https:\/\/www.tarusola.fi\/kielikuvakohtaamisia\/wp-content\/uploads\/2026\/04\/Pyrstotahti-ja-Niemi-2.jpg\"><img loading=\"lazy\" decoding=\"async\" width=\"683\" height=\"1024\" src=\"https:\/\/www.tarusola.fi\/kielikuvakohtaamisia\/wp-content\/uploads\/2026\/04\/Pyrstotahti-ja-Niemi-2-683x1024.jpg\" alt=\"\" class=\"wp-image-4409\" srcset=\"https:\/\/www.tarusola.fi\/kielikuvakohtaamisia\/wp-content\/uploads\/2026\/04\/Pyrstotahti-ja-Niemi-2-683x1024.jpg 683w, https:\/\/www.tarusola.fi\/kielikuvakohtaamisia\/wp-content\/uploads\/2026\/04\/Pyrstotahti-ja-Niemi-2-200x300.jpg 200w, https:\/\/www.tarusola.fi\/kielikuvakohtaamisia\/wp-content\/uploads\/2026\/04\/Pyrstotahti-ja-Niemi-2-768x1151.jpg 768w, https:\/\/www.tarusola.fi\/kielikuvakohtaamisia\/wp-content\/uploads\/2026\/04\/Pyrstotahti-ja-Niemi-2.jpg 788w\" sizes=\"auto, (max-width: 683px) 100vw, 683px\" \/><\/a><\/figure>\n\n\n\n<p>\u2013 Blogin kautta ollaan p\u00e4\u00e4sty juttelemaan my\u00f6s kiinnostavien vieraiden kanssa. N\u00e4iden vieraiden tekemisiss\u00e4 yhdistyy hienosti verbaalinen ja visuaalinen kieli eri muodoissa. Esimerkiksi vuonna <a href=\"https:\/\/www.tarusola.fi\/kielikuvakohtaamisia\/sarjakuvakirja\/maailmanlopun-meiningissa\/\">2019<\/a> blogissa vierailivat monialaiset taiteentekij\u00e4t <strong>Kati Rapia<\/strong> ja <strong>Juha Hurme<\/strong>. Kati Rapia on tunnettu paitsi sarjakuvataiteestaan, my\u00f6s esimerkiksi kuvittajana, kuvataiteilijana ja valokuvaajana. Juha Hurme taas on tunnettu kirjailijana, teatteriohjaajana sek\u00e4 k\u00e4sikirjoittajana. Kati ja Juha kertoivat silloin juuri ilmestyneen sarjakuvateoksensa <em>Pyrst\u00f6t\u00e4hti ja maailmanlopun meininki <\/em>synnyst\u00e4. Kahden taiteilijan yhteisty\u00f6n alkamisesta ja luovasta prosessista on aina\u00a0 kiinnostavaa kuulla. Heid\u00e4n yhteisty\u00f6ns\u00e4 on jatkunut t\u00e4m\u00e4nkin j\u00e4lkeen. <\/p>\n\n\n\n<p>Vuonna <a href=\"https:\/\/www.tarusola.fi\/kielikuvakohtaamisia\/2020\/10\/\">2020<\/a>, keskell\u00e4 koronasulkuja,\u00a0p\u00e4\u00e4sin et\u00e4yhteydell\u00e4 juttelemaan palkitun graafikon <strong>Minna Luoman <\/strong>kanssa. H\u00e4nen k\u00e4denj\u00e4lkens\u00e4 n\u00e4kyy monissa taide- ja tietokirjoissa. Minna kertoi ty\u00f6st\u00e4\u00e4n, kirjojen suunnittelun ja taittamisen luovasta prosessista. Juttua syntyi my\u00f6s kirjojen kansista ja suunnittelijan ty\u00f6n arvostuksesta sek\u00e4 kirjataiteen historiasta. <\/p>\n\n\n\n<figure class=\"wp-block-image size-full\"><a href=\"https:\/\/www.tarusola.fi\/kielikuvakohtaamisia\/wp-content\/uploads\/2026\/04\/KuviollinenMieli_MLuoma.jpg\"><img loading=\"lazy\" decoding=\"async\" width=\"886\" height=\"886\" src=\"https:\/\/www.tarusola.fi\/kielikuvakohtaamisia\/wp-content\/uploads\/2026\/04\/KuviollinenMieli_MLuoma.jpg\" alt=\"\" class=\"wp-image-4407\" srcset=\"https:\/\/www.tarusola.fi\/kielikuvakohtaamisia\/wp-content\/uploads\/2026\/04\/KuviollinenMieli_MLuoma.jpg 886w, https:\/\/www.tarusola.fi\/kielikuvakohtaamisia\/wp-content\/uploads\/2026\/04\/KuviollinenMieli_MLuoma-300x300.jpg 300w, https:\/\/www.tarusola.fi\/kielikuvakohtaamisia\/wp-content\/uploads\/2026\/04\/KuviollinenMieli_MLuoma-150x150.jpg 150w, https:\/\/www.tarusola.fi\/kielikuvakohtaamisia\/wp-content\/uploads\/2026\/04\/KuviollinenMieli_MLuoma-768x768.jpg 768w, https:\/\/www.tarusola.fi\/kielikuvakohtaamisia\/wp-content\/uploads\/2026\/04\/KuviollinenMieli_MLuoma-144x144.jpg 144w\" sizes=\"auto, (max-width: 886px) 100vw, 886px\" \/><\/a><\/figure>\n\n\n\n<p>Syksyll\u00e4 <a href=\"https:\/\/www.tarusola.fi\/kielikuvakohtaamisia\/2021\/09\/\">2021<\/a> vieraana oli ty\u00f6pari: <strong>Petra Streng<\/strong> ja <strong>Tiina Kokkoniemi<\/strong>. He kertoivat yhteisty\u00f6n\u00e4 syntyneest\u00e4 kirjastaan<em> Pekka Strengin sanat \u2013 ja sanojen j\u00e4ljet<\/em> (2021, Basam books). Kirjaan on koottu <strong>Pekka Strengin<\/strong> kolmen albumin laulujen sanoitukset. Sanojen j\u00e4lki\u00e4 seurataan yhdeks\u00e4n eri alan taiteilijan kokemusten kautta. Kirja tuo hyvin esiin sen, miten moneen suuntaan ja pitk\u00e4lle yksitt\u00e4iset teokset voivat vaikuttaa. Ne ovat osa kulttuurista jatkumoa ja inspiroivat tulevia polvia yh\u00e4 uudelleen. Uskoisin, ett\u00e4 jokainen taiteilija tuntee joskus yksin\u00e4isyytt\u00e4 ja pohtii oman ty\u00f6ns\u00e4 merkityksellisyytt\u00e4. Siksi on hienoa, ett\u00e4 muistetaan aina mainita, ett\u00e4 mik\u00e4\u00e4n taide, kuva tai teksti, ei synny tyhji\u00f6ss\u00e4.\u00a0 Kaikilla taiteen tekij\u00f6ill\u00e4 on ollut joku edelt\u00e4ji\u00e4, joiden vaikutus on innostanut luovaan ty\u00f6h\u00f6n. <\/p>\n\n\n\n<p>T\u00e4st\u00e4 tulikin mieleeni, kun me vierailtiin vuonna <a href=\"https:\/\/www.tarusola.fi\/kielikuvakohtaamisia\/category\/kuva-ja-sana\/\">2023<\/a><strong> <\/strong><strong>Hong Liu Sertin<\/strong> Kalevala-aiheisessa n\u00e4yttelyss\u00e4, Galleria Aarnissa, Espoossa. Hong kertoi kiinnostuksestaan Kalevalan myyttisiin aiheisiin, joita h\u00e4n tulkitsee ja maalaa perinteisin kiinalaisin tekniikoin. Maalauksissa yhdistyy Gongbi-tyyli sek\u00e4 esimerkiksi blank-leaving, akvarellipesu ja kultaus. On ollut hienoa n\u00e4hd\u00e4, ett\u00e4 Kalevalan aiheet ovat jatkaneet el\u00e4m\u00e4\u00e4ns\u00e4 Hongin taiteessa t\u00e4m\u00e4nkin j\u00e4lkeen. [Sini]<\/p>\n\n\n\n<figure class=\"wp-block-image size-large\"><a href=\"https:\/\/www.tarusola.fi\/kielikuvakohtaamisia\/wp-content\/uploads\/2026\/04\/HongLiuSertti_Nayttelykuva2.jpg\"><img loading=\"lazy\" decoding=\"async\" width=\"1024\" height=\"768\" src=\"https:\/\/www.tarusola.fi\/kielikuvakohtaamisia\/wp-content\/uploads\/2026\/04\/HongLiuSertti_Nayttelykuva2-1024x768.jpg\" alt=\"\" class=\"wp-image-4406\" srcset=\"https:\/\/www.tarusola.fi\/kielikuvakohtaamisia\/wp-content\/uploads\/2026\/04\/HongLiuSertti_Nayttelykuva2-1024x768.jpg 1024w, https:\/\/www.tarusola.fi\/kielikuvakohtaamisia\/wp-content\/uploads\/2026\/04\/HongLiuSertti_Nayttelykuva2-300x225.jpg 300w, https:\/\/www.tarusola.fi\/kielikuvakohtaamisia\/wp-content\/uploads\/2026\/04\/HongLiuSertti_Nayttelykuva2-768x576.jpg 768w, https:\/\/www.tarusola.fi\/kielikuvakohtaamisia\/wp-content\/uploads\/2026\/04\/HongLiuSertti_Nayttelykuva2.jpg 1181w\" sizes=\"auto, (max-width: 1024px) 100vw, 1024px\" \/><\/a><\/figure>\n\n\n\n<p>\u2013 Todellakin! M\u00e4 innostuin tuon n\u00e4yttelyn yhteydess\u00e4 tekem\u00e4\u00e4n Hongin kanssa haastattelunkin. Meid\u00e4n monet museok\u00e4ynnitkin on olleet tosi hedelm\u00e4llisi\u00e4, ja niist\u00e4 on syntynyt sek\u00e4 hyvi\u00e4 muistoja ett\u00e4 my\u00f6s uusia ideoita. Niit\u00e4 k\u00e4yntej\u00e4 on niin paljon, ett\u00e4 on vaikeaa nostaa esiin vain muutamia. <a href=\"https:\/\/www.tarusola.fi\/kielikuvakohtaamisia\/nayttely\/varissa-ja-valossa\/\">Ateneum<\/a> ja <a href=\"https:\/\/www.tarusola.fi\/kielikuvakohtaamisia\/nayttely\/emmassa\/\">Emma<\/a> kuuluvat kyll\u00e4 omiin suosikkeihini, ja kummassakin on tullut k\u00e4yty\u00e4 monessa eri n\u00e4yttelyss\u00e4 yhdess\u00e4 ja erikseen. Ja ollaan me my\u00f6s matkattu ihan H\u00e4meenlinnan taidemuseoon asti, kuten kes\u00e4ll\u00e4 <a href=\"https:\/\/www.tarusola.fi\/kielikuvakohtaamisia\/nayttely\/hameenlinnan-taidemuseossa\/\">2023<\/a>. [Satu]<\/p>\n\n\n\n<figure class=\"wp-block-image size-large\"><a href=\"https:\/\/www.tarusola.fi\/kielikuvakohtaamisia\/wp-content\/uploads\/2026\/04\/Hameenlinnan-taidemuseo1.jpg\"><img loading=\"lazy\" decoding=\"async\" width=\"1024\" height=\"683\" src=\"https:\/\/www.tarusola.fi\/kielikuvakohtaamisia\/wp-content\/uploads\/2026\/04\/Hameenlinnan-taidemuseo1-1024x683.jpg\" alt=\"\" class=\"wp-image-4419\" srcset=\"https:\/\/www.tarusola.fi\/kielikuvakohtaamisia\/wp-content\/uploads\/2026\/04\/Hameenlinnan-taidemuseo1-1024x683.jpg 1024w, https:\/\/www.tarusola.fi\/kielikuvakohtaamisia\/wp-content\/uploads\/2026\/04\/Hameenlinnan-taidemuseo1-300x200.jpg 300w, https:\/\/www.tarusola.fi\/kielikuvakohtaamisia\/wp-content\/uploads\/2026\/04\/Hameenlinnan-taidemuseo1-768x512.jpg 768w, https:\/\/www.tarusola.fi\/kielikuvakohtaamisia\/wp-content\/uploads\/2026\/04\/Hameenlinnan-taidemuseo1.jpg 1181w\" sizes=\"auto, (max-width: 1024px) 100vw, 1024px\" \/><\/a><\/figure>\n\n\n\n<p>\u2013 Viel\u00e4 nostaisin yhden kivan kes\u00e4isen muiston Vallisaaresta ja Helsinki biennaalista, joka on ollut blogissakin aiheena useampaan kertaan. Siell\u00e4 ollaan vierailtu yhdess\u00e4 ja <a href=\"https:\/\/www.tarusola.fi\/kielikuvakohtaamisia\/katsaus\/kesapuuhissa\/\">erikseen<\/a>. Erityisesti mieleen on j\u00e4\u00e4nyt vuosi <a href=\"https:\/\/www.tarusola.fi\/kielikuvakohtaamisia\/nayttely\/biennaalissa\/\">2023<\/a>, kun p\u00e4\u00e4stiin kiert\u00e4m\u00e4\u00e4n saarta aurinkoisena p\u00e4iv\u00e4n\u00e4 palveluvastaava <strong>Kiira Kivisaaren<\/strong> opastuksella. On aina niin ihmeellist\u00e4, miten sinne keskelle luontoa ja rustiikkisiin historiallisiin tiloihin rakentuu niinkin laaja nykytaidetta esittelev\u00e4 <a href=\"https:\/\/www.tarusola.fi\/kielikuvakohtaamisia\/nayttely\/helsinki-biennaalissa-2025\/\">n\u00e4yttely<\/a>. Tuotanto on varmasti teknisesti haastavaa ja todella monialaista osaamista vaativaa. [Sini]<\/p>\n\n\n\n<figure class=\"wp-block-image size-large\"><a href=\"https:\/\/www.tarusola.fi\/kielikuvakohtaamisia\/wp-content\/uploads\/2026\/04\/Skarnulyte2.jpg\"><img loading=\"lazy\" decoding=\"async\" width=\"768\" height=\"1024\" src=\"https:\/\/www.tarusola.fi\/kielikuvakohtaamisia\/wp-content\/uploads\/2026\/04\/Skarnulyte2-768x1024.jpg\" alt=\"\" class=\"wp-image-4404\" srcset=\"https:\/\/www.tarusola.fi\/kielikuvakohtaamisia\/wp-content\/uploads\/2026\/04\/Skarnulyte2-768x1024.jpg 768w, https:\/\/www.tarusola.fi\/kielikuvakohtaamisia\/wp-content\/uploads\/2026\/04\/Skarnulyte2-225x300.jpg 225w, https:\/\/www.tarusola.fi\/kielikuvakohtaamisia\/wp-content\/uploads\/2026\/04\/Skarnulyte2.jpg 886w\" sizes=\"auto, (max-width: 768px) 100vw, 768px\" \/><\/a><\/figure>\n\n\n\n<p>*<\/p>\n\n\n\n<figure class=\"wp-block-image size-large\"><a href=\"https:\/\/www.tarusola.fi\/kielikuvakohtaamisia\/wp-content\/uploads\/2026\/04\/VillarRojas3.jpg\"><img loading=\"lazy\" decoding=\"async\" width=\"683\" height=\"1024\" src=\"https:\/\/www.tarusola.fi\/kielikuvakohtaamisia\/wp-content\/uploads\/2026\/04\/VillarRojas3-683x1024.jpg\" alt=\"\" class=\"wp-image-4405\" srcset=\"https:\/\/www.tarusola.fi\/kielikuvakohtaamisia\/wp-content\/uploads\/2026\/04\/VillarRojas3-683x1024.jpg 683w, https:\/\/www.tarusola.fi\/kielikuvakohtaamisia\/wp-content\/uploads\/2026\/04\/VillarRojas3-200x300.jpg 200w, https:\/\/www.tarusola.fi\/kielikuvakohtaamisia\/wp-content\/uploads\/2026\/04\/VillarRojas3-768x1151.jpg 768w, https:\/\/www.tarusola.fi\/kielikuvakohtaamisia\/wp-content\/uploads\/2026\/04\/VillarRojas3.jpg 788w\" sizes=\"auto, (max-width: 683px) 100vw, 683px\" \/><\/a><\/figure>\n\n\n\n<p>\u2013 Tuntuu niin hienolta ja jopa v\u00e4h\u00e4n uskomattomaltakin, ett\u00e4 me ollaan ehditty tehd\u00e4 n\u00e4in paljon kaikenlaista kivaa, j\u00e4nn\u00e4\u00e4 ja kiinnostavaa yhdess\u00e4. Kiitos niin paljon kaikesta t\u00e4h\u00e4nastisesta yhteisty\u00f6st\u00e4! Jatkosta iloiten ja my\u00f6s kaikkia uskollisia lukijoita kiitt\u00e4en. [Satu]<\/p>\n\n\n\n<p>\u2013 Kiitos my\u00f6s sinulle yhteisty\u00f6st\u00e4, Satu! Oli kiva muistella yhteisi\u00e4 juttuja!\u00a0[Sini]<\/p>\n\n\n\n<figure class=\"wp-block-image size-large\"><a href=\"https:\/\/www.tarusola.fi\/kielikuvakohtaamisia\/wp-content\/uploads\/2026\/04\/Yhteistyota-1536x1025-1.jpg\"><img loading=\"lazy\" decoding=\"async\" width=\"1024\" height=\"683\" src=\"https:\/\/www.tarusola.fi\/kielikuvakohtaamisia\/wp-content\/uploads\/2026\/04\/Yhteistyota-1536x1025-1-1024x683.jpg\" alt=\"\" class=\"wp-image-4427\" srcset=\"https:\/\/www.tarusola.fi\/kielikuvakohtaamisia\/wp-content\/uploads\/2026\/04\/Yhteistyota-1536x1025-1-1024x683.jpg 1024w, https:\/\/www.tarusola.fi\/kielikuvakohtaamisia\/wp-content\/uploads\/2026\/04\/Yhteistyota-1536x1025-1-300x200.jpg 300w, https:\/\/www.tarusola.fi\/kielikuvakohtaamisia\/wp-content\/uploads\/2026\/04\/Yhteistyota-1536x1025-1-768x513.jpg 768w, https:\/\/www.tarusola.fi\/kielikuvakohtaamisia\/wp-content\/uploads\/2026\/04\/Yhteistyota-1536x1025-1.jpg 1536w\" sizes=\"auto, (max-width: 1024px) 100vw, 1024px\" \/><\/a><\/figure>\n\n\n\n<p>\u00a9<a href=\"http:\/\/www.tarusola.fi\">Tarusola<\/a><\/p>\n","protected":false},"excerpt":{"rendered":"<p>Kahden yst\u00e4v\u00e4n et\u00e4kohtaaminen er\u00e4\u00e4n\u00e4 huhtikuun p\u00e4iv\u00e4n\u00e4 \u2013 Moikka, Sini! Mit\u00e4 sinne koto-Suomeen kuuluu? [Satu] \u2013 Hei, Satu! Kev\u00e4inen aurinko on antanut taas niin paljon energiaa. Mulle kev\u00e4t on kaiken luovan toiminnan kannalta hedelm\u00e4llisint\u00e4 aikaa. Mukavaa my\u00f6s olla yhteydess\u00e4 n\u00e4in juhlavissa tunnelmissa. Ent\u00e4 miten siell\u00e4 Balilla menee? [Sini] \u2013 Kiva kuulla! Ja n\u00e4hd\u00e4! Valo on kyll\u00e4 [&hellip;]<\/p>\n","protected":false},"author":1,"featured_media":0,"comment_status":"open","ping_status":"open","sticky":false,"template":"","format":"standard","meta":{"sfsi_plus_gutenberg_text_before_share":"","sfsi_plus_gutenberg_show_text_before_share":"","sfsi_plus_gutenberg_icon_type":"","sfsi_plus_gutenberg_icon_alignemt":"","sfsi_plus_gutenburg_max_per_row":"","footnotes":""},"categories":[140],"tags":[],"class_list":["post-4390","post","type-post","status-publish","format-standard","hentry","category-katsaus"],"_links":{"self":[{"href":"https:\/\/www.tarusola.fi\/kielikuvakohtaamisia\/wp-json\/wp\/v2\/posts\/4390","targetHints":{"allow":["GET"]}}],"collection":[{"href":"https:\/\/www.tarusola.fi\/kielikuvakohtaamisia\/wp-json\/wp\/v2\/posts"}],"about":[{"href":"https:\/\/www.tarusola.fi\/kielikuvakohtaamisia\/wp-json\/wp\/v2\/types\/post"}],"author":[{"embeddable":true,"href":"https:\/\/www.tarusola.fi\/kielikuvakohtaamisia\/wp-json\/wp\/v2\/users\/1"}],"replies":[{"embeddable":true,"href":"https:\/\/www.tarusola.fi\/kielikuvakohtaamisia\/wp-json\/wp\/v2\/comments?post=4390"}],"version-history":[{"count":25,"href":"https:\/\/www.tarusola.fi\/kielikuvakohtaamisia\/wp-json\/wp\/v2\/posts\/4390\/revisions"}],"predecessor-version":[{"id":4433,"href":"https:\/\/www.tarusola.fi\/kielikuvakohtaamisia\/wp-json\/wp\/v2\/posts\/4390\/revisions\/4433"}],"wp:attachment":[{"href":"https:\/\/www.tarusola.fi\/kielikuvakohtaamisia\/wp-json\/wp\/v2\/media?parent=4390"}],"wp:term":[{"taxonomy":"category","embeddable":true,"href":"https:\/\/www.tarusola.fi\/kielikuvakohtaamisia\/wp-json\/wp\/v2\/categories?post=4390"},{"taxonomy":"post_tag","embeddable":true,"href":"https:\/\/www.tarusola.fi\/kielikuvakohtaamisia\/wp-json\/wp\/v2\/tags?post=4390"}],"curies":[{"name":"wp","href":"https:\/\/api.w.org\/{rel}","templated":true}]}}