{"id":4332,"date":"2026-01-31T21:00:00","date_gmt":"2026-01-31T19:00:00","guid":{"rendered":"https:\/\/www.tarusola.fi\/kielikuvakohtaamisia\/?p=4332"},"modified":"2026-01-30T11:55:38","modified_gmt":"2026-01-30T09:55:38","slug":"kysymyskorttien-aarella","status":"publish","type":"post","link":"https:\/\/www.tarusola.fi\/kielikuvakohtaamisia\/pelit\/kysymyskorttien-aarella\/","title":{"rendered":"Kysymyskorttien \u00e4\u00e4rell\u00e4"},"content":{"rendered":"\n<figure class=\"wp-block-image size-large\"><a href=\"https:\/\/www.tarusola.fi\/kielikuvakohtaamisia\/wp-content\/uploads\/2026\/01\/Kysymyskorttien-aarella.png\"><img loading=\"lazy\" decoding=\"async\" width=\"1024\" height=\"1024\" src=\"https:\/\/www.tarusola.fi\/kielikuvakohtaamisia\/wp-content\/uploads\/2026\/01\/Kysymyskorttien-aarella-1024x1024.png\" alt=\"\" class=\"wp-image-4334\" srcset=\"https:\/\/www.tarusola.fi\/kielikuvakohtaamisia\/wp-content\/uploads\/2026\/01\/Kysymyskorttien-aarella-1024x1024.png 1024w, https:\/\/www.tarusola.fi\/kielikuvakohtaamisia\/wp-content\/uploads\/2026\/01\/Kysymyskorttien-aarella-300x300.png 300w, https:\/\/www.tarusola.fi\/kielikuvakohtaamisia\/wp-content\/uploads\/2026\/01\/Kysymyskorttien-aarella-150x150.png 150w, https:\/\/www.tarusola.fi\/kielikuvakohtaamisia\/wp-content\/uploads\/2026\/01\/Kysymyskorttien-aarella-768x767.png 768w, https:\/\/www.tarusola.fi\/kielikuvakohtaamisia\/wp-content\/uploads\/2026\/01\/Kysymyskorttien-aarella-144x144.png 144w, https:\/\/www.tarusola.fi\/kielikuvakohtaamisia\/wp-content\/uploads\/2026\/01\/Kysymyskorttien-aarella.png 1299w\" sizes=\"auto, (max-width: 1024px) 100vw, 1024px\" \/><\/a><\/figure>\n\n\n\n<p><strong>Kahden yst\u00e4v\u00e4n kohtaaminen er\u00e4\u00e4n\u00e4 tammikuun lopun p\u00e4iv\u00e4n\u00e4<\/strong><\/p>\n\n\n\n<p>\u2013 Hyv\u00e4\u00e4 alkanutta vuotta! Miten vuosi 2026 on k\u00e4ynnistynyt sulla, Sini? [Satu]<\/p>\n\n\n\n<p>\u2013 Samoin! Mun vuosi on alkanut yll\u00e4tt\u00e4vin k\u00e4\u00e4ntein, joista voin kertoa my\u00f6hemmin lis\u00e4\u00e4. Ent\u00e4 miten sun vuosi on alkanut? [Sini]<\/p>\n\n\n\n<p>\u2013 Mielell\u00e4ni kuulen lis\u00e4\u00e4 yll\u00e4tt\u00e4vist\u00e4 k\u00e4\u00e4nteist\u00e4 ja muustakin! Mun alkuvuoteen on my\u00f6s sis\u00e4ltynyt paljon k\u00e4\u00e4nteit\u00e4. Onkin tosi kiva n\u00e4hd\u00e4 nyt ja p\u00e4\u00e4st\u00e4 sukeltamaan n\u00e4iden korttipakkojen maailmaan, josta oli puhetta joskus paljon aikaisemmin. Miten olikaan, onko n\u00e4m\u00e4 Kehvolan Taide- ja Kirjallisuuskortit sulle tuttuja? [Satu]<\/p>\n\n\n\n<figure class=\"wp-block-image size-large\"><a href=\"https:\/\/www.tarusola.fi\/kielikuvakohtaamisia\/wp-content\/uploads\/2026\/01\/Kannet-ja-kortit-poydalla.jpg\"><img loading=\"lazy\" decoding=\"async\" width=\"1024\" height=\"661\" src=\"https:\/\/www.tarusola.fi\/kielikuvakohtaamisia\/wp-content\/uploads\/2026\/01\/Kannet-ja-kortit-poydalla-1024x661.jpg\" alt=\"\" class=\"wp-image-4340\" srcset=\"https:\/\/www.tarusola.fi\/kielikuvakohtaamisia\/wp-content\/uploads\/2026\/01\/Kannet-ja-kortit-poydalla-1024x661.jpg 1024w, https:\/\/www.tarusola.fi\/kielikuvakohtaamisia\/wp-content\/uploads\/2026\/01\/Kannet-ja-kortit-poydalla-300x194.jpg 300w, https:\/\/www.tarusola.fi\/kielikuvakohtaamisia\/wp-content\/uploads\/2026\/01\/Kannet-ja-kortit-poydalla-768x496.jpg 768w, https:\/\/www.tarusola.fi\/kielikuvakohtaamisia\/wp-content\/uploads\/2026\/01\/Kannet-ja-kortit-poydalla.jpg 1181w\" sizes=\"auto, (max-width: 1024px) 100vw, 1024px\" \/><\/a><\/figure>\n\n\n\n<p>\u2013 Taidekortit olen joskus saanut lahjaksi. Ne on kivat. Kirjallisuuskortteja en ole viel\u00e4 saanut k\u00e4siini, mutta nyt sekin puute korjataan. [Sini]<\/p>\n\n\n\n<p>\u2013 M\u00e4 tulin aikanaan hankkineeksi ne muistaakseni Emman museokaupasta, ja olen t\u00e4h\u00e4n menness\u00e4 vain vilkaissut niit\u00e4. Nyt onkin kiva p\u00e4\u00e4st\u00e4 syventym\u00e4\u00e4n niihin v\u00e4h\u00e4n tarkemmin.&nbsp; [Satu]<\/p>\n\n\n\n<p>\u2013 Miten n\u00e4it\u00e4 on tarkoitus k\u00e4ytt\u00e4\u00e4? L\u00f6ytyyk\u00f6 paketista joku ohje? [Sini]<\/p>\n\n\n\n<p>\u2013T\u00e4\u00e4ll\u00e4 kirjallisuuskorttipaketissa on t\u00e4llainen ohjekortti, joka sis\u00e4lt\u00e4\u00e4 pelitapaehdotuksia. Ensimm\u00e4inen vastausvuoroineen ja pisteenlaskuineen on selv\u00e4sti suunnattu monelle pelaajalle. Toisessakin voi olla monta pelaajaa. Kolmannessa vastataan per\u00e4ti kirjallisesti. Nelj\u00e4s ohje soveltunee parhaiten meille nyt, se on nimitt\u00e4in: \u201cKeksi oma tapasi!\u201d [Satu]<\/p>\n\n\n\n<p>\u2013 T\u00e4\u00e4ll\u00e4 taidepuolella on samanlainen ohje. Meit\u00e4 on vain kaksi, joten t\u00e4m\u00e4 ensimm\u00e4inen tapa ei nyt onnistu. Meid\u00e4n t\u00e4ytyy varmaan keksi\u00e4 joku oma tapa k\u00e4ytt\u00e4\u00e4 kortteja. Pelataanko yksitellen vai kokeillaanko pelata molempia pakkoja samaan aikaan? [Sini]<\/p>\n\n\n\n<figure class=\"wp-block-image size-large\"><a href=\"https:\/\/www.tarusola.fi\/kielikuvakohtaamisia\/wp-content\/uploads\/2026\/01\/kaksi-pakkaa.jpg\"><img loading=\"lazy\" decoding=\"async\" width=\"1024\" height=\"597\" src=\"https:\/\/www.tarusola.fi\/kielikuvakohtaamisia\/wp-content\/uploads\/2026\/01\/kaksi-pakkaa-1024x597.jpg\" alt=\"\" class=\"wp-image-4342\" srcset=\"https:\/\/www.tarusola.fi\/kielikuvakohtaamisia\/wp-content\/uploads\/2026\/01\/kaksi-pakkaa-1024x597.jpg 1024w, https:\/\/www.tarusola.fi\/kielikuvakohtaamisia\/wp-content\/uploads\/2026\/01\/kaksi-pakkaa-300x175.jpg 300w, https:\/\/www.tarusola.fi\/kielikuvakohtaamisia\/wp-content\/uploads\/2026\/01\/kaksi-pakkaa-768x447.jpg 768w, https:\/\/www.tarusola.fi\/kielikuvakohtaamisia\/wp-content\/uploads\/2026\/01\/kaksi-pakkaa.jpg 1181w\" sizes=\"auto, (max-width: 1024px) 100vw, 1024px\" \/><\/a><\/figure>\n\n\n\n<p>\u2013 Voidaan varmaan kokeilla erilaisia tapoja. Otetaanko ainakin n\u00e4in aluksi kaksi pakkaa samaan aikaan, sulle kirjallisuuskortit kysytt\u00e4v\u00e4ksi multa ja mulle taidekortit kysytt\u00e4v\u00e4ksi sulta?&nbsp; Satu]<\/p>\n\n\n\n<p>\u2013 Hyv\u00e4 idea! Haluutko s\u00e4 aloittaa? [Sini]<\/p>\n\n\n\n<p>\u2013 Kysy s\u00e4 multa eka kysymys! M\u00e4 voisin valita ekasta kortista n\u00e4in umpim\u00e4hk\u00e4\u00e4n kysymyksen kuusi, jos siis sovitaan, ett\u00e4 menn\u00e4\u00e4n korttien j\u00e4rjestyksen mukaan ja kysymyksen numeron saa valita. [Satu]<\/p>\n\n\n\n<p>\u2013&nbsp; \u201cMiss\u00e4 1908 ilmestyneess\u00e4 teoksessa tapaamme tunteikkaan Myyr\u00e4n, runoilevan Vesirotan, hyv\u00e4ntahtoisen M\u00e4yr\u00e4n ja hurjap\u00e4isen Rupikonnan?\u201d [Sini]<\/p>\n\n\n\n<p>\u2013 Jee, m\u00e4 tied\u00e4n t\u00e4n! <em>Kaislikossa suhisee<\/em>! [Satu]<\/p>\n\n\n\n<p>\u2013 Oikein! Sitten on mun vuoro. Otan kortilta 1 numeron 4. [Sini]<\/p>\n\n\n\n<p>\u2013 Se kysymys kuuluu n\u00e4in: \u201cMill\u00e4 termill\u00e4 kutsutaan n\u00e4yttely\u00e4, joka esittelee takautuvasti (ja kattavasti) taiteilijan tuotannon?\u201d [Satu]<\/p>\n\n\n\n<p>\u2013 Seh\u00e4n on retrospektiivi. Huh, olipa hyv\u00e4, ett\u00e4 tuli alkuun v\u00e4h\u00e4n helpompi kysymys. [Sini]<\/p>\n\n\n\n<p>\u2013&nbsp; Kokeillaanko kronologisen j\u00e4rjestyksen sijasta vet\u00e4\u00e4 my\u00f6s satunnainen kortti pakasta? [Satu]<\/p>\n\n\n\n<figure class=\"wp-block-image size-large\"><a href=\"https:\/\/www.tarusola.fi\/kielikuvakohtaamisia\/wp-content\/uploads\/2026\/01\/kannet-ja-kortit-kadessa.jpg\"><img loading=\"lazy\" decoding=\"async\" width=\"1024\" height=\"673\" src=\"https:\/\/www.tarusola.fi\/kielikuvakohtaamisia\/wp-content\/uploads\/2026\/01\/kannet-ja-kortit-kadessa-1024x673.jpg\" alt=\"\" class=\"wp-image-4346\" srcset=\"https:\/\/www.tarusola.fi\/kielikuvakohtaamisia\/wp-content\/uploads\/2026\/01\/kannet-ja-kortit-kadessa-1024x673.jpg 1024w, https:\/\/www.tarusola.fi\/kielikuvakohtaamisia\/wp-content\/uploads\/2026\/01\/kannet-ja-kortit-kadessa-300x197.jpg 300w, https:\/\/www.tarusola.fi\/kielikuvakohtaamisia\/wp-content\/uploads\/2026\/01\/kannet-ja-kortit-kadessa-768x505.jpg 768w, https:\/\/www.tarusola.fi\/kielikuvakohtaamisia\/wp-content\/uploads\/2026\/01\/kannet-ja-kortit-kadessa.jpg 1181w\" sizes=\"auto, (max-width: 1024px) 100vw, 1024px\" \/><\/a><\/figure>\n\n\n\n<p>\u2013 Joo, kokeillaan niin. [Sini]<\/p>\n\n\n\n<p>\u2013 M\u00e4 ved\u00e4n t\u00e4m\u00e4n kortin. Mik\u00e4 sen numero on? Ja valitsetko s\u00e4 siit\u00e4 kortin ekan kysymyksen kysytt\u00e4v\u00e4ksi? [Satu]<\/p>\n\n\n\n<p>\u2013 23. No niin, oletko valmis? Kysymys kuuluu: Mink\u00e4 kaupungin mukaan Elena Ferranten kirjasarja on nimetty? [Sini]<\/p>\n\n\n\n<p>\u2013 Napoli! Huh, t\u00e4ss\u00e4h\u00e4n saa kokea onnistumisen tunteita, kun kohdalle osuu n\u00e4in kivoja kysymyksi\u00e4!&nbsp; [Satu]<\/p>\n\n\n\n<p>\u2013 Oikein! Nyt me ollaan pelattu niin, ett\u00e4 sinulle kirjallisuutta paremmin tuntevalle tulee kirjallisuuskyss\u00e4rit ja mulle taidealan ihmiselle taidekyss\u00e4rit. Pit\u00e4isik\u00f6 kokeilla vaihtaa pakkoja. Varmasti menee nyt kyll\u00e4 v\u00e4h\u00e4n vaikeammaksi, mutta onpahan tilaisuus oppia jotain uutta. [Sini]<\/p>\n\n\n\n<p>\u2013 Testataan sit\u00e4kin! Onneks saadaan vahvistusta virvokkeista. Taiteen kentt\u00e4 on kyll\u00e4 varsin laaja. Sis\u00e4lt\u00e4\u00e4k\u00f6 taide t\u00e4ss\u00e4 tapauksessa kaikki taiteenlajit? [Satu]<\/p>\n\n\n\n<figure class=\"wp-block-image size-large\"><a href=\"https:\/\/www.tarusola.fi\/kielikuvakohtaamisia\/wp-content\/uploads\/2026\/01\/Kahvi-2.jpg\"><img loading=\"lazy\" decoding=\"async\" width=\"1024\" height=\"669\" src=\"https:\/\/www.tarusola.fi\/kielikuvakohtaamisia\/wp-content\/uploads\/2026\/01\/Kahvi-2-1024x669.jpg\" alt=\"\" class=\"wp-image-4349\" srcset=\"https:\/\/www.tarusola.fi\/kielikuvakohtaamisia\/wp-content\/uploads\/2026\/01\/Kahvi-2-1024x669.jpg 1024w, https:\/\/www.tarusola.fi\/kielikuvakohtaamisia\/wp-content\/uploads\/2026\/01\/Kahvi-2-300x196.jpg 300w, https:\/\/www.tarusola.fi\/kielikuvakohtaamisia\/wp-content\/uploads\/2026\/01\/Kahvi-2-768x501.jpg 768w, https:\/\/www.tarusola.fi\/kielikuvakohtaamisia\/wp-content\/uploads\/2026\/01\/Kahvi-2.jpg 1181w\" sizes=\"auto, (max-width: 1024px) 100vw, 1024px\" \/><\/a><\/figure>\n\n\n\n<p>\u2013 N\u00e4iss\u00e4 korteissa kyll\u00e4 lukee, ett\u00e4 kyse on kuvataiteeseen liittyvist\u00e4 kysymyksist\u00e4. [Sini]<\/p>\n\n\n\n<p>\u2013 Ent\u00e4 mit\u00e4 kaikkea lasketaan kuvataiteeseen? [Satu]<\/p>\n\n\n\n<p>\u2013 No perinteisimpi\u00e4 on piirustus, kuvanveisto ja taidegrafiikka, joilla on pidemm\u00e4t perinteet. Uudempia taidemuotoja ovat esimerkiksi valokuva-, valo-, media-, video-, installaatio-, k\u00e4site-, yhteis\u00f6- ja ymp\u00e4rist\u00f6taide sek\u00e4 performanssi. Teokset voivat olla my\u00f6s yhdistelmi\u00e4 n\u00e4ist\u00e4 ja sitten tietysti ammentaa my\u00f6s muista taiteen lajeista. Unohdinkohan jotain? Joku muu osaisi ehk\u00e4 vastata t\u00e4h\u00e4n v\u00e4h\u00e4n kattavammin.[Sini]<\/p>\n\n\n\n<p>\u2013 Oikein kattavalta tuo kuulostaa. Tarvitaan siis laajaa tiet\u00e4myst\u00e4. Katotaan, miten p\u00e4rj\u00e4\u00e4n. No, t\u00e4ss\u00e4 syntyy joka tapauksessa hyvi\u00e4 keskusteluja!&nbsp; Kysytk\u00f6 s\u00e4 multa eka? [Satu]<\/p>\n\n\n\n<p>\u2013 Valitsen t\u00e4ll\u00e4 kertaa kysymyksen, joka voisi koskea sulle tuttua asiaa. \u201cMist\u00e4 kaupungista Walter Runeberg, Albert Edelfeldt ja Ville Vallgren ovat kotoisin?\u201d [Sini]<\/p>\n\n\n\n<p>\u2013 Mulla on sellainen hytin\u00e4, ett\u00e4 vastaus on Porvoo.&nbsp; [Satu]<\/p>\n\n\n\n<p>\u2013 Oikein! L\u00f6ytyisk\u00f6h\u00e4n sielt\u00e4 mulle joku helppo kysymys kirjallisuuden puolelta? [Sini]<\/p>\n\n\n\n<p>\u2013 Uskoisin sun tiet\u00e4v\u00e4n t\u00e4m\u00e4n: \u201cMink\u00e4 maalaisia kirjailijoita Nadine Gordimer, J.M. Coetzee ja Andr\u00e9 Brink ovat\u201d?&nbsp; [Satu]<\/p>\n\n\n\n<p>\u2013 Etel\u00e4afrikkalaisia. T\u00e4ytyy my\u00f6nt\u00e4\u00e4, ett\u00e4 n\u00e4ist\u00e4 muistin ainoastaan viimeisen. [Sini]<\/p>\n\n\n\n<p>\u2013 T\u00e4n voi ottaa my\u00f6s tuntemisleikkin\u00e4, kun miettii, mit\u00e4 vastauksia toinen tiet\u00e4\u00e4.&nbsp; [Satu]<\/p>\n\n\n\n<p>\u2013 N\u00e4it\u00e4 kysymyksi\u00e4 on kyll\u00e4 hauska lueskella ihan itsekseenkin ja testata omaa tiet\u00e4myst\u00e4\u00e4n, eli toimii n\u00e4inkin. Samalla voi virkist\u00e4\u00e4 muistia ja oppia uutta. [Sini]<\/p>\n\n\n\n<p>\u2013 Aivan! Millaisia sun mielest\u00e4 kivoja kysymyksi\u00e4 olet l\u00f6yt\u00e4nyt t\u00e4ss\u00e4 pakkoja selaamalla?&nbsp; [Satu]<\/p>\n\n\n\n<p>\u2013 Hmm, kivoja kysymyksi\u00e4? No, ainakin t\u00e4\u00e4ll\u00e4 on kysymyksi\u00e4, jotka koskee ihan tuttuja teoksia, joiden yksityiskohdista alkaa ep\u00e4ilem\u00e4\u00e4n omaa muistiaan. Esimerkiksi kun kysyt\u00e4\u00e4n, lent\u00e4\u00e4k\u00f6 Vincent van Goghin maalauksessa vehn\u00e4pellolla variksia vai korppeja, tai montako naista on kuvattu Pablo Picasson Avignonin naiset maalaukseen. Ent\u00e4 millaisista kysymyksist\u00e4 itse tykk\u00e4sit? [Sini]<\/p>\n\n\n\n<figure class=\"wp-block-image size-large\"><a href=\"https:\/\/www.tarusola.fi\/kielikuvakohtaamisia\/wp-content\/uploads\/2026\/01\/Pelaamassa.jpg\"><img loading=\"lazy\" decoding=\"async\" width=\"1024\" height=\"683\" src=\"https:\/\/www.tarusola.fi\/kielikuvakohtaamisia\/wp-content\/uploads\/2026\/01\/Pelaamassa-1024x683.jpg\" alt=\"\" class=\"wp-image-4345\" srcset=\"https:\/\/www.tarusola.fi\/kielikuvakohtaamisia\/wp-content\/uploads\/2026\/01\/Pelaamassa-1024x683.jpg 1024w, https:\/\/www.tarusola.fi\/kielikuvakohtaamisia\/wp-content\/uploads\/2026\/01\/Pelaamassa-300x200.jpg 300w, https:\/\/www.tarusola.fi\/kielikuvakohtaamisia\/wp-content\/uploads\/2026\/01\/Pelaamassa-768x512.jpg 768w, https:\/\/www.tarusola.fi\/kielikuvakohtaamisia\/wp-content\/uploads\/2026\/01\/Pelaamassa.jpg 1181w\" sizes=\"auto, (max-width: 1024px) 100vw, 1024px\" \/><\/a><\/figure>\n\n\n\n<p>\u2013 M\u00e4 pid\u00e4n erityisesti n\u00e4ist\u00e4 yhdistelm\u00e4kysymyksist\u00e4, kuten t\u00e4m\u00e4 Kirjallisuuskorttien kysymys numero 21: \u201cMik\u00e4 yhdist\u00e4\u00e4 seuraavia teoksia: Joel Lehtosen Putkinotko, Antti Tuurin Pohjanmaa, Virginia Woolfin Mrs. Dalloway, Mikko Rimmisen Pussikaljaromaani ja James Joycen Odysseus?\u201d[Satu]<\/p>\n\n\n\n<p>\u2013 No, mik\u00e4 on oikea vastaus? [Sini]<\/p>\n\n\n\n<p>\u2013 Ne on yhdenp\u00e4iv\u00e4nromaaneja. Kysymysten taso on yleisesti ottaen kyll\u00e4 aika vaativa, ja niit\u00e4 on yhdess\u00e4 pakassa monta, reilusti yli 300. Taitavat olla ensisijaisesti suunnattu aikuisille, vai mit\u00e4? [Satu]<\/p>\n\n\n\n<p>\u2013 Joo, kyll\u00e4 t\u00e4ytyy olla jo aika paljon tiet\u00e4myst\u00e4 n\u00e4ist\u00e4 taiteenaloista. [Sini]<\/p>\n\n\n\n<p>\u2013 Oli kyll\u00e4 tosi kiva tutustua kortteihin sun kanssa. Mit\u00e4 mukavaa voitaisiin tehd\u00e4 ensi kuussa? [Satu]<\/p>\n\n\n\n<p>\u2013 T\u00e4ytyy mietti\u00e4. Ollaan taas et\u00e4isyyksien p\u00e4\u00e4ss\u00e4 ja aikaerossa, joten kohtaaminen t\u00e4ytyy taas tehd\u00e4 se huomioiden. Mutta eik\u00f6h\u00e4n me jotain keksit\u00e4. [Sini]<\/p>\n\n\n\n<figure class=\"wp-block-image size-large\"><a href=\"https:\/\/www.tarusola.fi\/kielikuvakohtaamisia\/wp-content\/uploads\/2026\/01\/Loppukuvaehdotus.jpg\"><img loading=\"lazy\" decoding=\"async\" width=\"1024\" height=\"683\" src=\"https:\/\/www.tarusola.fi\/kielikuvakohtaamisia\/wp-content\/uploads\/2026\/01\/Loppukuvaehdotus-1024x683.jpg\" alt=\"\" class=\"wp-image-4337\" srcset=\"https:\/\/www.tarusola.fi\/kielikuvakohtaamisia\/wp-content\/uploads\/2026\/01\/Loppukuvaehdotus-1024x683.jpg 1024w, https:\/\/www.tarusola.fi\/kielikuvakohtaamisia\/wp-content\/uploads\/2026\/01\/Loppukuvaehdotus-300x200.jpg 300w, https:\/\/www.tarusola.fi\/kielikuvakohtaamisia\/wp-content\/uploads\/2026\/01\/Loppukuvaehdotus-768x512.jpg 768w, https:\/\/www.tarusola.fi\/kielikuvakohtaamisia\/wp-content\/uploads\/2026\/01\/Loppukuvaehdotus.jpg 1181w\" sizes=\"auto, (max-width: 1024px) 100vw, 1024px\" \/><\/a><\/figure>\n\n\n\n<p>\u00a9<a href=\"http:\/\/www.tarusola.fi\">Tarusola<\/a><\/p>\n","protected":false},"excerpt":{"rendered":"<p>Kahden yst\u00e4v\u00e4n kohtaaminen er\u00e4\u00e4n\u00e4 tammikuun lopun p\u00e4iv\u00e4n\u00e4 \u2013 Hyv\u00e4\u00e4 alkanutta vuotta! Miten vuosi 2026 on k\u00e4ynnistynyt sulla, Sini? [Satu] \u2013 Samoin! Mun vuosi on alkanut yll\u00e4tt\u00e4vin k\u00e4\u00e4ntein, joista voin kertoa my\u00f6hemmin lis\u00e4\u00e4. Ent\u00e4 miten sun vuosi on alkanut? [Sini] \u2013 Mielell\u00e4ni kuulen lis\u00e4\u00e4 yll\u00e4tt\u00e4vist\u00e4 k\u00e4\u00e4nteist\u00e4 ja muustakin! Mun alkuvuoteen on my\u00f6s sis\u00e4ltynyt paljon k\u00e4\u00e4nteit\u00e4. Onkin [&hellip;]<\/p>\n","protected":false},"author":1,"featured_media":0,"comment_status":"open","ping_status":"open","sticky":false,"template":"","format":"standard","meta":{"sfsi_plus_gutenberg_text_before_share":"","sfsi_plus_gutenberg_show_text_before_share":"","sfsi_plus_gutenberg_icon_type":"","sfsi_plus_gutenberg_icon_alignemt":"","sfsi_plus_gutenburg_max_per_row":"","footnotes":""},"categories":[363],"tags":[],"class_list":["post-4332","post","type-post","status-publish","format-standard","hentry","category-pelit"],"_links":{"self":[{"href":"https:\/\/www.tarusola.fi\/kielikuvakohtaamisia\/wp-json\/wp\/v2\/posts\/4332","targetHints":{"allow":["GET"]}}],"collection":[{"href":"https:\/\/www.tarusola.fi\/kielikuvakohtaamisia\/wp-json\/wp\/v2\/posts"}],"about":[{"href":"https:\/\/www.tarusola.fi\/kielikuvakohtaamisia\/wp-json\/wp\/v2\/types\/post"}],"author":[{"embeddable":true,"href":"https:\/\/www.tarusola.fi\/kielikuvakohtaamisia\/wp-json\/wp\/v2\/users\/1"}],"replies":[{"embeddable":true,"href":"https:\/\/www.tarusola.fi\/kielikuvakohtaamisia\/wp-json\/wp\/v2\/comments?post=4332"}],"version-history":[{"count":9,"href":"https:\/\/www.tarusola.fi\/kielikuvakohtaamisia\/wp-json\/wp\/v2\/posts\/4332\/revisions"}],"predecessor-version":[{"id":4350,"href":"https:\/\/www.tarusola.fi\/kielikuvakohtaamisia\/wp-json\/wp\/v2\/posts\/4332\/revisions\/4350"}],"wp:attachment":[{"href":"https:\/\/www.tarusola.fi\/kielikuvakohtaamisia\/wp-json\/wp\/v2\/media?parent=4332"}],"wp:term":[{"taxonomy":"category","embeddable":true,"href":"https:\/\/www.tarusola.fi\/kielikuvakohtaamisia\/wp-json\/wp\/v2\/categories?post=4332"},{"taxonomy":"post_tag","embeddable":true,"href":"https:\/\/www.tarusola.fi\/kielikuvakohtaamisia\/wp-json\/wp\/v2\/tags?post=4332"}],"curies":[{"name":"wp","href":"https:\/\/api.w.org\/{rel}","templated":true}]}}