{"id":4302,"date":"2025-12-31T23:50:39","date_gmt":"2025-12-31T21:50:39","guid":{"rendered":"https:\/\/www.tarusola.fi\/kielikuvakohtaamisia\/?p=4302"},"modified":"2025-12-31T23:50:40","modified_gmt":"2025-12-31T21:50:40","slug":"vuosikatsauksessa-2025","status":"publish","type":"post","link":"https:\/\/www.tarusola.fi\/kielikuvakohtaamisia\/katsaus\/vuosikatsauksessa-2025\/","title":{"rendered":"Vuosikatsauksessa 2025"},"content":{"rendered":"\n<figure class=\"wp-block-image size-large\"><a href=\"https:\/\/www.tarusola.fi\/kielikuvakohtaamisia\/wp-content\/uploads\/2025\/12\/Vuosikatsauksessa2025.png\"><img loading=\"lazy\" decoding=\"async\" width=\"1024\" height=\"1024\" src=\"https:\/\/www.tarusola.fi\/kielikuvakohtaamisia\/wp-content\/uploads\/2025\/12\/Vuosikatsauksessa2025-1024x1024.png\" alt=\"\" class=\"wp-image-4303\" srcset=\"https:\/\/www.tarusola.fi\/kielikuvakohtaamisia\/wp-content\/uploads\/2025\/12\/Vuosikatsauksessa2025-1024x1024.png 1024w, https:\/\/www.tarusola.fi\/kielikuvakohtaamisia\/wp-content\/uploads\/2025\/12\/Vuosikatsauksessa2025-300x300.png 300w, https:\/\/www.tarusola.fi\/kielikuvakohtaamisia\/wp-content\/uploads\/2025\/12\/Vuosikatsauksessa2025-150x150.png 150w, https:\/\/www.tarusola.fi\/kielikuvakohtaamisia\/wp-content\/uploads\/2025\/12\/Vuosikatsauksessa2025-768x767.png 768w, https:\/\/www.tarusola.fi\/kielikuvakohtaamisia\/wp-content\/uploads\/2025\/12\/Vuosikatsauksessa2025-144x144.png 144w, https:\/\/www.tarusola.fi\/kielikuvakohtaamisia\/wp-content\/uploads\/2025\/12\/Vuosikatsauksessa2025.png 1299w\" sizes=\"auto, (max-width: 1024px) 100vw, 1024px\" \/><\/a><\/figure>\n\n\n\n<p><strong>Kahden yst\u00e4v\u00e4n kohtaaminen joulukuun viimeisen\u00e4 p\u00e4iv\u00e4n\u00e4<\/strong><\/p>\n\n\n\n<p>\u2013 Hei, Satu! Miten joulunaika sujui siell\u00e4 kaukomailla? Varmasti hieman erilainen joulu t\u00e4ll\u00e4 kertaa. [Sini]<\/p>\n\n\n\n<p>\u2013 Moi, Sini! Kiitos kysym\u00e4st\u00e4, oli tosi ihanaa, kun pystyin v\u00e4ltt\u00e4m\u00e4\u00e4n l\u00e4hes kaiken jouluun liittyv\u00e4n, erityisesti juhlan kaupallisuuden ja keinotekoisuuden. Nyt t\u00e4ytyy taas p\u00e4ivitell\u00e4, kuinka aika on sy\u00f6ksyillyt luotijunan lailla ja ollaan jo vuoden loppumetreill\u00e4. Meid\u00e4n osalta se tarkoittaa siis sit\u00e4, ett\u00e4 on aika pys\u00e4hty\u00e4 katselemaan blogivuotta 2025. [Satu]<\/p>\n\n\n\n<figure class=\"wp-block-image size-large\"><a href=\"https:\/\/www.tarusola.fi\/kielikuvakohtaamisia\/wp-content\/uploads\/2025\/12\/Helmethaasteet2024-1.png\"><img loading=\"lazy\" decoding=\"async\" width=\"1024\" height=\"1024\" src=\"https:\/\/www.tarusola.fi\/kielikuvakohtaamisia\/wp-content\/uploads\/2025\/12\/Helmethaasteet2024-1-1024x1024.png\" alt=\"\" class=\"wp-image-4315\" srcset=\"https:\/\/www.tarusola.fi\/kielikuvakohtaamisia\/wp-content\/uploads\/2025\/12\/Helmethaasteet2024-1-1024x1024.png 1024w, https:\/\/www.tarusola.fi\/kielikuvakohtaamisia\/wp-content\/uploads\/2025\/12\/Helmethaasteet2024-1-300x300.png 300w, https:\/\/www.tarusola.fi\/kielikuvakohtaamisia\/wp-content\/uploads\/2025\/12\/Helmethaasteet2024-1-150x150.png 150w, https:\/\/www.tarusola.fi\/kielikuvakohtaamisia\/wp-content\/uploads\/2025\/12\/Helmethaasteet2024-1-768x767.png 768w, https:\/\/www.tarusola.fi\/kielikuvakohtaamisia\/wp-content\/uploads\/2025\/12\/Helmethaasteet2024-1-144x144.png 144w, https:\/\/www.tarusola.fi\/kielikuvakohtaamisia\/wp-content\/uploads\/2025\/12\/Helmethaasteet2024-1.png 1299w\" sizes=\"auto, (max-width: 1024px) 100vw, 1024px\" \/><\/a><\/figure>\n\n\n\n<p>\u2013\u00a0 <a href=\"https:\/\/www.tarusola.fi\/kielikuvakohtaamisia\/haaste\/helmet-haasteissa-2025\/\">Tammikuussa<\/a> oltiin perinteiseen tapaan taas Helmet-haasteiden \u00e4\u00e4rell\u00e4. Sain sulta taas oivia lukuvinkkej\u00e4. Tutkittiin my\u00f6s juuri julkaistuja haasteita, joista muistan reippaana ilmoittautuneeni ainakin musahaasteen tekij\u00e4ksi. T\u00e4ytyy kuitenkin my\u00f6nt\u00e4\u00e4, ett\u00e4 asia unohtui l\u00e4hes saman tien. Ehk\u00e4 tammikuussa kuulen taas sun kirjallisuusvuodesta.  [Sini]<\/p>\n\n\n\n<figure class=\"wp-block-image size-large\"><a href=\"https:\/\/www.tarusola.fi\/kielikuvakohtaamisia\/wp-content\/uploads\/2025\/12\/Kirjakatsaus-1-1083x1536-1.jpg\"><img loading=\"lazy\" decoding=\"async\" width=\"722\" height=\"1024\" src=\"https:\/\/www.tarusola.fi\/kielikuvakohtaamisia\/wp-content\/uploads\/2025\/12\/Kirjakatsaus-1-1083x1536-1-722x1024.jpg\" alt=\"\" class=\"wp-image-4316\" srcset=\"https:\/\/www.tarusola.fi\/kielikuvakohtaamisia\/wp-content\/uploads\/2025\/12\/Kirjakatsaus-1-1083x1536-1-722x1024.jpg 722w, https:\/\/www.tarusola.fi\/kielikuvakohtaamisia\/wp-content\/uploads\/2025\/12\/Kirjakatsaus-1-1083x1536-1-212x300.jpg 212w, https:\/\/www.tarusola.fi\/kielikuvakohtaamisia\/wp-content\/uploads\/2025\/12\/Kirjakatsaus-1-1083x1536-1-768x1089.jpg 768w, https:\/\/www.tarusola.fi\/kielikuvakohtaamisia\/wp-content\/uploads\/2025\/12\/Kirjakatsaus-1-1083x1536-1.jpg 1083w\" sizes=\"auto, (max-width: 722px) 100vw, 722px\" \/><\/a><\/figure>\n\n\n\n<p>\u2013 Kirjojen \u00e4\u00e4rell\u00e4 jatkettiin my\u00f6s <a href=\"https:\/\/www.tarusola.fi\/kielikuvakohtaamisia\/katsaus\/kirjojen-aarella\/\">helmikuussa<\/a>, kun kerrottiin toisillemme kiinnostavista lukukokemuksista. Se <strong>Auli Leskisen<\/strong><em> Talo Andien juurella<\/em> -kirja, josta pidit, odottaa viel\u00e4kin vuoroaan mun lukulistalla. Olen viime aikoina keskittynyt enemm\u00e4n tekemiseen kuin lukemiseen, mutta palaan varmasti kirjapinojen \u00e4\u00e4reen jossain vaiheessa taas.  [Satu]<\/p>\n\n\n\n<figure class=\"wp-block-image size-large\"><a href=\"https:\/\/www.tarusola.fi\/kielikuvakohtaamisia\/wp-content\/uploads\/2025\/12\/Kopio-tiedostosta-Museo-ulkoa.jpg\"><img loading=\"lazy\" decoding=\"async\" width=\"1024\" height=\"688\" src=\"https:\/\/www.tarusola.fi\/kielikuvakohtaamisia\/wp-content\/uploads\/2025\/12\/Kopio-tiedostosta-Museo-ulkoa-1024x688.jpg\" alt=\"\" class=\"wp-image-4317\" srcset=\"https:\/\/www.tarusola.fi\/kielikuvakohtaamisia\/wp-content\/uploads\/2025\/12\/Kopio-tiedostosta-Museo-ulkoa-1024x688.jpg 1024w, https:\/\/www.tarusola.fi\/kielikuvakohtaamisia\/wp-content\/uploads\/2025\/12\/Kopio-tiedostosta-Museo-ulkoa-300x202.jpg 300w, https:\/\/www.tarusola.fi\/kielikuvakohtaamisia\/wp-content\/uploads\/2025\/12\/Kopio-tiedostosta-Museo-ulkoa-768x516.jpg 768w, https:\/\/www.tarusola.fi\/kielikuvakohtaamisia\/wp-content\/uploads\/2025\/12\/Kopio-tiedostosta-Museo-ulkoa.jpg 1181w\" sizes=\"auto, (max-width: 1024px) 100vw, 1024px\" \/><\/a><\/figure>\n\n\n\n<p>\u2013 Muistatko, kun <a href=\"https:\/\/www.tarusola.fi\/kielikuvakohtaamisia\/nayttely\/didrichsenin-taidemuseossa\/\">maaliskuussa<\/a> k\u00e4ytiin Didrichsenill\u00e4 katsomassa <strong>Reidar S\u00e4rest\u00f6niemen<\/strong> teoksia huippusuositussa n\u00e4yttelyss\u00e4? Meill\u00e4 sattui tuuri, ja selvittiin aika v\u00e4h\u00e4ll\u00e4 jonottamisella. Siell\u00e4 oli kiva huomata, ett\u00e4 ainakin omat hatarat ennakkok\u00e4sitykseni taiteilijan el\u00e4m\u00e4st\u00e4 ja tuotannosta muuttuivat. Lis\u00e4ksi tuli luettua S\u00e4rest\u00f6nimen el\u00e4m\u00e4\u00e4n ja taiteeseen liittyv\u00e4\u00e4 kirjallisuutta. [Sini]<\/p>\n\n\n\n<figure class=\"wp-block-image size-large\"><a href=\"https:\/\/www.tarusola.fi\/kielikuvakohtaamisia\/wp-content\/uploads\/2025\/12\/Luovuutta-luonnosta.jpg\"><img loading=\"lazy\" decoding=\"async\" width=\"1024\" height=\"683\" src=\"https:\/\/www.tarusola.fi\/kielikuvakohtaamisia\/wp-content\/uploads\/2025\/12\/Luovuutta-luonnosta-1024x683.jpg\" alt=\"\" class=\"wp-image-4318\" srcset=\"https:\/\/www.tarusola.fi\/kielikuvakohtaamisia\/wp-content\/uploads\/2025\/12\/Luovuutta-luonnosta-1024x683.jpg 1024w, https:\/\/www.tarusola.fi\/kielikuvakohtaamisia\/wp-content\/uploads\/2025\/12\/Luovuutta-luonnosta-300x200.jpg 300w, https:\/\/www.tarusola.fi\/kielikuvakohtaamisia\/wp-content\/uploads\/2025\/12\/Luovuutta-luonnosta-768x512.jpg 768w, https:\/\/www.tarusola.fi\/kielikuvakohtaamisia\/wp-content\/uploads\/2025\/12\/Luovuutta-luonnosta.jpg 1181w\" sizes=\"auto, (max-width: 1024px) 100vw, 1024px\" \/><\/a><\/figure>\n\n\n\n<p>\u2013 Se oli antoisa ja avartava n\u00e4yttelyk\u00e4ynti! <a href=\"https:\/\/www.tarusola.fi\/kielikuvakohtaamisia\/kirja\/luovuutta-luonnosta-kirjan-aarella-ii\/\">Huhtikuussa<\/a> meill\u00e4 olikin sitten et\u00e4kohtaaminen, kun olin taas Balilla. P\u00e4\u00e4stiin puhumaan uudestaan <em>Luovuutta luonnosta<\/em> -kirjasta ja tehtiin monia kirjan teht\u00e4vi\u00e4. Tykk\u00e4sin siit\u00e4 kovasti! [Satu]<\/p>\n\n\n\n<figure class=\"wp-block-image size-large\"><a href=\"https:\/\/www.tarusola.fi\/kielikuvakohtaamisia\/wp-content\/uploads\/2025\/12\/Kopio-tiedostosta-Sadun-neljas.jpg\"><img loading=\"lazy\" decoding=\"async\" width=\"683\" height=\"1024\" src=\"https:\/\/www.tarusola.fi\/kielikuvakohtaamisia\/wp-content\/uploads\/2025\/12\/Kopio-tiedostosta-Sadun-neljas-683x1024.jpg\" alt=\"\" class=\"wp-image-4319\" srcset=\"https:\/\/www.tarusola.fi\/kielikuvakohtaamisia\/wp-content\/uploads\/2025\/12\/Kopio-tiedostosta-Sadun-neljas-683x1024.jpg 683w, https:\/\/www.tarusola.fi\/kielikuvakohtaamisia\/wp-content\/uploads\/2025\/12\/Kopio-tiedostosta-Sadun-neljas-200x300.jpg 200w, https:\/\/www.tarusola.fi\/kielikuvakohtaamisia\/wp-content\/uploads\/2025\/12\/Kopio-tiedostosta-Sadun-neljas-768x1151.jpg 768w, https:\/\/www.tarusola.fi\/kielikuvakohtaamisia\/wp-content\/uploads\/2025\/12\/Kopio-tiedostosta-Sadun-neljas.jpg 788w\" sizes=\"auto, (max-width: 683px) 100vw, 683px\" \/><\/a><\/figure>\n\n\n\n<p>\u2013\u00a0 <a href=\"https:\/\/www.tarusola.fi\/kielikuvakohtaamisia\/kuva\/kuvien-ketjussa-iv\/\">Toukokuussa<\/a> vuoropuhelua k\u00e4ytiin kuvien v\u00e4lityksell\u00e4, silloinkin hieman erilaisissa maisemissa. T\u00e4h\u00e4n vuoropuheluun on kiva palata nyt, kuvat ovat niin t\u00e4ynn\u00e4 v\u00e4rej\u00e4 ja valoa.  [Sini]<\/p>\n\n\n\n<figure class=\"wp-block-image size-large\"><a href=\"https:\/\/www.tarusola.fi\/kielikuvakohtaamisia\/wp-content\/uploads\/2025\/12\/Japani.jpg\"><img loading=\"lazy\" decoding=\"async\" width=\"768\" height=\"1024\" src=\"https:\/\/www.tarusola.fi\/kielikuvakohtaamisia\/wp-content\/uploads\/2025\/12\/Japani-768x1024.jpg\" alt=\"\" class=\"wp-image-4320\" srcset=\"https:\/\/www.tarusola.fi\/kielikuvakohtaamisia\/wp-content\/uploads\/2025\/12\/Japani-768x1024.jpg 768w, https:\/\/www.tarusola.fi\/kielikuvakohtaamisia\/wp-content\/uploads\/2025\/12\/Japani-225x300.jpg 225w, https:\/\/www.tarusola.fi\/kielikuvakohtaamisia\/wp-content\/uploads\/2025\/12\/Japani.jpg 886w\" sizes=\"auto, (max-width: 768px) 100vw, 768px\" \/><\/a><\/figure>\n\n\n\n<p>\u2013 Tuota vuoropuhelua kuvien keinoin me jatkettiinkin sitten viel\u00e4 <a href=\"https:\/\/www.tarusola.fi\/kielikuvakohtaamisia\/kuva\/kuvien-ketjussa-v\/\">kes\u00e4kuussa<\/a>, ja silloin oman lis\u00e4v\u00e4rins\u00e4 kuvien ketjuun toi sun Japanin-matka. Ketjua katsellessa t\u00e4\u00e4ll\u00e4 lumen ja pakkasen keskell\u00e4 tulee ihania muistoja mieleen. [Satu]<\/p>\n\n\n\n<figure class=\"wp-block-image size-large\"><a href=\"https:\/\/www.tarusola.fi\/kielikuvakohtaamisia\/wp-content\/uploads\/2025\/12\/Tarusola10v-1536x1536-1.jpg\"><img loading=\"lazy\" decoding=\"async\" width=\"1024\" height=\"1024\" src=\"https:\/\/www.tarusola.fi\/kielikuvakohtaamisia\/wp-content\/uploads\/2025\/12\/Tarusola10v-1536x1536-1-1024x1024.jpg\" alt=\"\" class=\"wp-image-4321\" srcset=\"https:\/\/www.tarusola.fi\/kielikuvakohtaamisia\/wp-content\/uploads\/2025\/12\/Tarusola10v-1536x1536-1-1024x1024.jpg 1024w, https:\/\/www.tarusola.fi\/kielikuvakohtaamisia\/wp-content\/uploads\/2025\/12\/Tarusola10v-1536x1536-1-300x300.jpg 300w, https:\/\/www.tarusola.fi\/kielikuvakohtaamisia\/wp-content\/uploads\/2025\/12\/Tarusola10v-1536x1536-1-150x150.jpg 150w, https:\/\/www.tarusola.fi\/kielikuvakohtaamisia\/wp-content\/uploads\/2025\/12\/Tarusola10v-1536x1536-1-768x768.jpg 768w, https:\/\/www.tarusola.fi\/kielikuvakohtaamisia\/wp-content\/uploads\/2025\/12\/Tarusola10v-1536x1536-1-144x144.jpg 144w, https:\/\/www.tarusola.fi\/kielikuvakohtaamisia\/wp-content\/uploads\/2025\/12\/Tarusola10v-1536x1536-1.jpg 1536w\" sizes=\"auto, (max-width: 1024px) 100vw, 1024px\" \/><\/a><\/figure>\n\n\n\n<p>\u2013 <a href=\"https:\/\/www.tarusola.fi\/kielikuvakohtaamisia\/katsaus\/tarusolaa-juhlistamassa\/\">Hein\u00e4kuussa<\/a> olikin vuorossa 10-vuotiaan yhdistyksen juhlintaa ja blogissakin luotiin pieni katsaus siihen, mit\u00e4 kaikkea on kuulunut kulttuuriyhdistys Tarusolan kymmeneen vuoteen.\u00a0 Samalla reissulla vierailtiin Ateneumin n\u00e4yttelyss\u00e4, jossa oli esill\u00e4 1800-luvun <a href=\"https:\/\/ateneum.fi\/nayttelyt\/rajojen-rikkojat\/\">Rajojen rikkojat<\/a>, eli naistaiteilijat, jotka joutuivat sukupuolensa takia taistelemaan yhteiskunnan normeja ja odotuksia vastaan tehd\u00e4kseen taidetta.  [Sini]<\/p>\n\n\n\n<figure class=\"wp-block-image size-large\"><a href=\"https:\/\/www.tarusola.fi\/kielikuvakohtaamisia\/wp-content\/uploads\/2025\/12\/Sirkus.jpg\"><img loading=\"lazy\" decoding=\"async\" width=\"683\" height=\"1024\" src=\"https:\/\/www.tarusola.fi\/kielikuvakohtaamisia\/wp-content\/uploads\/2025\/12\/Sirkus-683x1024.jpg\" alt=\"\" class=\"wp-image-4323\" srcset=\"https:\/\/www.tarusola.fi\/kielikuvakohtaamisia\/wp-content\/uploads\/2025\/12\/Sirkus-683x1024.jpg 683w, https:\/\/www.tarusola.fi\/kielikuvakohtaamisia\/wp-content\/uploads\/2025\/12\/Sirkus-200x300.jpg 200w, https:\/\/www.tarusola.fi\/kielikuvakohtaamisia\/wp-content\/uploads\/2025\/12\/Sirkus-768x1151.jpg 768w, https:\/\/www.tarusola.fi\/kielikuvakohtaamisia\/wp-content\/uploads\/2025\/12\/Sirkus.jpg 788w\" sizes=\"auto, (max-width: 683px) 100vw, 683px\" \/><\/a><\/figure>\n\n\n\n<p>\u2013 Seuraavalla tapaamiskerralla eli <a href=\"https:\/\/www.tarusola.fi\/kielikuvakohtaamisia\/katsaus\/taiteiden-yossa\/\">elokuussa<\/a> me sukellettiin Helsingin Taiteiden y\u00f6h\u00f6n. Kiireisest\u00e4 aikataulusta huolimatta me ehdittiin n\u00e4hd\u00e4 ja kokea paljon. Erityisesti Senaatintorilla ollut ilma-akrobatiaesitys teki muhun suuren vaikutuksen.  \u00a0[Satu]<\/p>\n\n\n\n<figure class=\"wp-block-image size-large\"><a href=\"https:\/\/www.tarusola.fi\/kielikuvakohtaamisia\/wp-content\/uploads\/2025\/12\/Kopio-tiedostosta-Biennaali-seina.jpg\"><img loading=\"lazy\" decoding=\"async\" width=\"1024\" height=\"681\" src=\"https:\/\/www.tarusola.fi\/kielikuvakohtaamisia\/wp-content\/uploads\/2025\/12\/Kopio-tiedostosta-Biennaali-seina-1024x681.jpg\" alt=\"\" class=\"wp-image-4325\" srcset=\"https:\/\/www.tarusola.fi\/kielikuvakohtaamisia\/wp-content\/uploads\/2025\/12\/Kopio-tiedostosta-Biennaali-seina-1024x681.jpg 1024w, https:\/\/www.tarusola.fi\/kielikuvakohtaamisia\/wp-content\/uploads\/2025\/12\/Kopio-tiedostosta-Biennaali-seina-300x199.jpg 300w, https:\/\/www.tarusola.fi\/kielikuvakohtaamisia\/wp-content\/uploads\/2025\/12\/Kopio-tiedostosta-Biennaali-seina-768x510.jpg 768w, https:\/\/www.tarusola.fi\/kielikuvakohtaamisia\/wp-content\/uploads\/2025\/12\/Kopio-tiedostosta-Biennaali-seina.jpg 1181w\" sizes=\"auto, (max-width: 1024px) 100vw, 1024px\" \/><\/a><\/figure>\n\n\n\n<p>\u2013 <a href=\"https:\/\/www.tarusola.fi\/kielikuvakohtaamisia\/nayttely\/helsinki-biennaalissa-2025\/\">Syyskuussa<\/a> me oltiin tutustumassa Helsinki Biennaaliin, mutta t\u00e4ll\u00e4 kertaa jakauduttiin eri kohteisiin. Mun vierailu kohdistui Vallisaaren osuuteen ja sun taas mantereen puolelle, Espalla ja HAMissa esill\u00e4 olleisiin teoksiin.  [Sini]<\/p>\n\n\n\n<figure class=\"wp-block-image size-large\"><a href=\"https:\/\/www.tarusola.fi\/kielikuvakohtaamisia\/wp-content\/uploads\/2025\/12\/Kehita-buddhan-aivot.jpg\"><img loading=\"lazy\" decoding=\"async\" width=\"1024\" height=\"683\" src=\"https:\/\/www.tarusola.fi\/kielikuvakohtaamisia\/wp-content\/uploads\/2025\/12\/Kehita-buddhan-aivot-1024x683.jpg\" alt=\"\" class=\"wp-image-4329\" srcset=\"https:\/\/www.tarusola.fi\/kielikuvakohtaamisia\/wp-content\/uploads\/2025\/12\/Kehita-buddhan-aivot-1024x683.jpg 1024w, https:\/\/www.tarusola.fi\/kielikuvakohtaamisia\/wp-content\/uploads\/2025\/12\/Kehita-buddhan-aivot-300x200.jpg 300w, https:\/\/www.tarusola.fi\/kielikuvakohtaamisia\/wp-content\/uploads\/2025\/12\/Kehita-buddhan-aivot-768x512.jpg 768w, https:\/\/www.tarusola.fi\/kielikuvakohtaamisia\/wp-content\/uploads\/2025\/12\/Kehita-buddhan-aivot.jpg 1181w\" sizes=\"auto, (max-width: 1024px) 100vw, 1024px\" \/><\/a><\/figure>\n\n\n\n<p>\u2013 Sitten <a href=\"https:\/\/www.tarusola.fi\/kielikuvakohtaamisia\/kirja\/kehita-buddhan-aivot-kirjan-aarella\/\">lokakuussa<\/a> p\u00e4\u00e4sin kertomaan sulle <em>Kehit\u00e4 buddhan aivot<\/em> -kirjasta. Halusin suositella sit\u00e4 sulle, koska erityisesti sen harjoituksista on ollut mulle paljon iloa ja hy\u00f6ty\u00e4. [Satu]<\/p>\n\n\n\n<figure class=\"wp-block-image size-large\"><a href=\"https:\/\/www.tarusola.fi\/kielikuvakohtaamisia\/wp-content\/uploads\/2025\/12\/Kopio-tiedostosta-DSC_6523.jpg\"><img loading=\"lazy\" decoding=\"async\" width=\"1024\" height=\"683\" src=\"https:\/\/www.tarusola.fi\/kielikuvakohtaamisia\/wp-content\/uploads\/2025\/12\/Kopio-tiedostosta-DSC_6523-1024x683.jpg\" alt=\"\" class=\"wp-image-4327\" srcset=\"https:\/\/www.tarusola.fi\/kielikuvakohtaamisia\/wp-content\/uploads\/2025\/12\/Kopio-tiedostosta-DSC_6523-1024x683.jpg 1024w, https:\/\/www.tarusola.fi\/kielikuvakohtaamisia\/wp-content\/uploads\/2025\/12\/Kopio-tiedostosta-DSC_6523-300x200.jpg 300w, https:\/\/www.tarusola.fi\/kielikuvakohtaamisia\/wp-content\/uploads\/2025\/12\/Kopio-tiedostosta-DSC_6523-768x512.jpg 768w, https:\/\/www.tarusola.fi\/kielikuvakohtaamisia\/wp-content\/uploads\/2025\/12\/Kopio-tiedostosta-DSC_6523.jpg 1181w\" sizes=\"auto, (max-width: 1024px) 100vw, 1024px\" \/><\/a><\/figure>\n\n\n\n<p>\u2013 <a href=\"https:\/\/www.tarusola.fi\/kielikuvakohtaamisia\/tehtavat\/kauneutta-etsimassa\/\">Marraskuussa<\/a> palattiin viel\u00e4 tuohon sun suosittelemaan <em>Kehit\u00e4 buddhan aivot<\/em> -kirjaan ja etsittiin kirjan harjoitusten avulla kauneutta kaikilla aisteilla. Ehk\u00e4 saatoin taas v\u00e4h\u00e4n valitella t\u00e4n teht\u00e4v\u00e4n vaikeutta t\u00e4\u00e4ll\u00e4 Pohjolan kaamoksessa, mutta onneksi aurinkoa tulvi sun kuvien kautta my\u00f6s blogiin.  [Sini]<\/p>\n\n\n\n<p>\u2013 Ja t\u00e4ss\u00e4 sit\u00e4 ollaan, nyt taas vuoden lopussa. On ollut todella puuhakas ja mukava blogivuosi sun kanssa! Kiitos siit\u00e4! [Satu]<\/p>\n\n\n\n<p>\u2013 Niin on. Kiitos, samoin! Aloitetaanko vuosi 2026 samoissa merkeiss\u00e4? [Sini]<\/p>\n\n\n\n<p>\u2013 Tehd\u00e4\u00e4n niin! Paljon kiitoksia my\u00f6s kaikille lukijoillemme ja ihanaa uutta vuotta! [Satu]<\/p>\n\n\n\n<figure class=\"wp-block-image size-full\"><a href=\"https:\/\/www.tarusola.fi\/kielikuvakohtaamisia\/wp-content\/uploads\/2025\/12\/Vahan-valoa-1024x768-1.jpg\"><img loading=\"lazy\" decoding=\"async\" width=\"1024\" height=\"768\" src=\"https:\/\/www.tarusola.fi\/kielikuvakohtaamisia\/wp-content\/uploads\/2025\/12\/Vahan-valoa-1024x768-1.jpg\" alt=\"\" class=\"wp-image-4313\" srcset=\"https:\/\/www.tarusola.fi\/kielikuvakohtaamisia\/wp-content\/uploads\/2025\/12\/Vahan-valoa-1024x768-1.jpg 1024w, https:\/\/www.tarusola.fi\/kielikuvakohtaamisia\/wp-content\/uploads\/2025\/12\/Vahan-valoa-1024x768-1-300x225.jpg 300w, https:\/\/www.tarusola.fi\/kielikuvakohtaamisia\/wp-content\/uploads\/2025\/12\/Vahan-valoa-1024x768-1-768x576.jpg 768w\" sizes=\"auto, (max-width: 1024px) 100vw, 1024px\" \/><\/a><\/figure>\n\n\n\n<p>\u00a9 <a href=\"http:\/\/www.tarusola.fi\">Tarusola<\/a><\/p>\n","protected":false},"excerpt":{"rendered":"<p>Kahden yst\u00e4v\u00e4n kohtaaminen joulukuun viimeisen\u00e4 p\u00e4iv\u00e4n\u00e4 \u2013 Hei, Satu! Miten joulunaika sujui siell\u00e4 kaukomailla? Varmasti hieman erilainen joulu t\u00e4ll\u00e4 kertaa. [Sini] \u2013 Moi, Sini! Kiitos kysym\u00e4st\u00e4, oli tosi ihanaa, kun pystyin v\u00e4ltt\u00e4m\u00e4\u00e4n l\u00e4hes kaiken jouluun liittyv\u00e4n, erityisesti juhlan kaupallisuuden ja keinotekoisuuden. Nyt t\u00e4ytyy taas p\u00e4ivitell\u00e4, kuinka aika on sy\u00f6ksyillyt luotijunan lailla ja ollaan jo vuoden [&hellip;]<\/p>\n","protected":false},"author":1,"featured_media":0,"comment_status":"open","ping_status":"open","sticky":false,"template":"","format":"standard","meta":{"sfsi_plus_gutenberg_text_before_share":"","sfsi_plus_gutenberg_show_text_before_share":"","sfsi_plus_gutenberg_icon_type":"","sfsi_plus_gutenberg_icon_alignemt":"","sfsi_plus_gutenburg_max_per_row":"","footnotes":""},"categories":[140],"tags":[],"class_list":["post-4302","post","type-post","status-publish","format-standard","hentry","category-katsaus"],"_links":{"self":[{"href":"https:\/\/www.tarusola.fi\/kielikuvakohtaamisia\/wp-json\/wp\/v2\/posts\/4302","targetHints":{"allow":["GET"]}}],"collection":[{"href":"https:\/\/www.tarusola.fi\/kielikuvakohtaamisia\/wp-json\/wp\/v2\/posts"}],"about":[{"href":"https:\/\/www.tarusola.fi\/kielikuvakohtaamisia\/wp-json\/wp\/v2\/types\/post"}],"author":[{"embeddable":true,"href":"https:\/\/www.tarusola.fi\/kielikuvakohtaamisia\/wp-json\/wp\/v2\/users\/1"}],"replies":[{"embeddable":true,"href":"https:\/\/www.tarusola.fi\/kielikuvakohtaamisia\/wp-json\/wp\/v2\/comments?post=4302"}],"version-history":[{"count":14,"href":"https:\/\/www.tarusola.fi\/kielikuvakohtaamisia\/wp-json\/wp\/v2\/posts\/4302\/revisions"}],"predecessor-version":[{"id":4330,"href":"https:\/\/www.tarusola.fi\/kielikuvakohtaamisia\/wp-json\/wp\/v2\/posts\/4302\/revisions\/4330"}],"wp:attachment":[{"href":"https:\/\/www.tarusola.fi\/kielikuvakohtaamisia\/wp-json\/wp\/v2\/media?parent=4302"}],"wp:term":[{"taxonomy":"category","embeddable":true,"href":"https:\/\/www.tarusola.fi\/kielikuvakohtaamisia\/wp-json\/wp\/v2\/categories?post=4302"},{"taxonomy":"post_tag","embeddable":true,"href":"https:\/\/www.tarusola.fi\/kielikuvakohtaamisia\/wp-json\/wp\/v2\/tags?post=4302"}],"curies":[{"name":"wp","href":"https:\/\/api.w.org\/{rel}","templated":true}]}}