{"id":4149,"date":"2025-08-31T06:00:00","date_gmt":"2025-08-31T04:00:00","guid":{"rendered":"https:\/\/www.tarusola.fi\/kielikuvakohtaamisia\/?p=4149"},"modified":"2025-08-29T19:09:19","modified_gmt":"2025-08-29T17:09:19","slug":"taiteiden-yossa","status":"publish","type":"post","link":"https:\/\/www.tarusola.fi\/kielikuvakohtaamisia\/katsaus\/taiteiden-yossa\/","title":{"rendered":"Taiteiden y\u00f6ss\u00e4"},"content":{"rendered":"\n<figure class=\"wp-block-image size-large\"><a href=\"https:\/\/www.tarusola.fi\/kielikuvakohtaamisia\/wp-content\/uploads\/2025\/08\/Taiteidenyossa.png\"><img loading=\"lazy\" decoding=\"async\" width=\"1024\" height=\"1024\" src=\"https:\/\/www.tarusola.fi\/kielikuvakohtaamisia\/wp-content\/uploads\/2025\/08\/Taiteidenyossa-1024x1024.png\" alt=\"\" class=\"wp-image-4150\" srcset=\"https:\/\/www.tarusola.fi\/kielikuvakohtaamisia\/wp-content\/uploads\/2025\/08\/Taiteidenyossa-1024x1024.png 1024w, https:\/\/www.tarusola.fi\/kielikuvakohtaamisia\/wp-content\/uploads\/2025\/08\/Taiteidenyossa-300x300.png 300w, https:\/\/www.tarusola.fi\/kielikuvakohtaamisia\/wp-content\/uploads\/2025\/08\/Taiteidenyossa-150x150.png 150w, https:\/\/www.tarusola.fi\/kielikuvakohtaamisia\/wp-content\/uploads\/2025\/08\/Taiteidenyossa-768x767.png 768w, https:\/\/www.tarusola.fi\/kielikuvakohtaamisia\/wp-content\/uploads\/2025\/08\/Taiteidenyossa-144x144.png 144w, https:\/\/www.tarusola.fi\/kielikuvakohtaamisia\/wp-content\/uploads\/2025\/08\/Taiteidenyossa.png 1299w\" sizes=\"auto, (max-width: 1024px) 100vw, 1024px\" \/><\/a><\/figure>\n\n\n\n<p><strong>Kahden yst\u00e4v\u00e4n kohtaaminen er\u00e4\u00e4n\u00e4 elokuun p\u00e4iv\u00e4n\u00e4<\/strong><\/p>\n\n\n\n<p>\u2013 Moi, Sini! Onpa kiva p\u00e4\u00e4st\u00e4 sun kanssa sukeltamaan Taiteiden y\u00f6h\u00f6n. Helsinki on nyt pullollaan erilaisia kiinnostavia tapahtumia. [Satu]<\/p>\n\n\n\n<figure class=\"wp-block-image size-large\"><a href=\"https:\/\/www.tarusola.fi\/kielikuvakohtaamisia\/wp-content\/uploads\/2025\/08\/kasvit-1.jpg\"><img loading=\"lazy\" decoding=\"async\" width=\"1024\" height=\"683\" src=\"https:\/\/www.tarusola.fi\/kielikuvakohtaamisia\/wp-content\/uploads\/2025\/08\/kasvit-1-1024x683.jpg\" alt=\"\" class=\"wp-image-4157\" srcset=\"https:\/\/www.tarusola.fi\/kielikuvakohtaamisia\/wp-content\/uploads\/2025\/08\/kasvit-1-1024x683.jpg 1024w, https:\/\/www.tarusola.fi\/kielikuvakohtaamisia\/wp-content\/uploads\/2025\/08\/kasvit-1-300x200.jpg 300w, https:\/\/www.tarusola.fi\/kielikuvakohtaamisia\/wp-content\/uploads\/2025\/08\/kasvit-1-768x512.jpg 768w, https:\/\/www.tarusola.fi\/kielikuvakohtaamisia\/wp-content\/uploads\/2025\/08\/kasvit-1.jpg 1181w\" sizes=\"auto, (max-width: 1024px) 100vw, 1024px\" \/><\/a><\/figure>\n\n\n\n<p>\u2013 Hei, Satu! Kiva, kun pyysit mukaan. Tapahtumia oli tosiaan paljon tarjolla ja tuntuu, ettei kaikkea tarjontaa ehtinyt edes k\u00e4ym\u00e4\u00e4n l\u00e4pi. Onneksi meill\u00e4 on nyt muutama ohjelmanumero, jotka on ajallisesti mahdollista yhdist\u00e4\u00e4. [Sini]<\/p>\n\n\n\n<figure class=\"wp-block-image size-large\"><a href=\"https:\/\/www.tarusola.fi\/kielikuvakohtaamisia\/wp-content\/uploads\/2025\/08\/Kaapelitehdas.jpg\"><img loading=\"lazy\" decoding=\"async\" width=\"1024\" height=\"683\" src=\"https:\/\/www.tarusola.fi\/kielikuvakohtaamisia\/wp-content\/uploads\/2025\/08\/Kaapelitehdas-1024x683.jpg\" alt=\"\" class=\"wp-image-4156\" srcset=\"https:\/\/www.tarusola.fi\/kielikuvakohtaamisia\/wp-content\/uploads\/2025\/08\/Kaapelitehdas-1024x683.jpg 1024w, https:\/\/www.tarusola.fi\/kielikuvakohtaamisia\/wp-content\/uploads\/2025\/08\/Kaapelitehdas-300x200.jpg 300w, https:\/\/www.tarusola.fi\/kielikuvakohtaamisia\/wp-content\/uploads\/2025\/08\/Kaapelitehdas-768x512.jpg 768w, https:\/\/www.tarusola.fi\/kielikuvakohtaamisia\/wp-content\/uploads\/2025\/08\/Kaapelitehdas.jpg 1181w\" sizes=\"auto, (max-width: 1024px) 100vw, 1024px\" \/><\/a><\/figure>\n\n\n\n<p>\u2013 T\u00e4\u00e4ll\u00e4 Kaapelitehtaallakin on niin paljon n\u00e4ht\u00e4v\u00e4\u00e4 ja koettavaa. Piipahdetaanko tuolla houkuttelevan n\u00e4k\u00f6isess\u00e4 n\u00e4yttelyss\u00e4 ennen kuin menn\u00e4\u00e4n Tanssin taloon? [Satu]<\/p>\n\n\n\n<figure class=\"wp-block-image size-large\"><a href=\"https:\/\/www.tarusola.fi\/kielikuvakohtaamisia\/wp-content\/uploads\/2025\/08\/Bela.jpg\"><img loading=\"lazy\" decoding=\"async\" width=\"1024\" height=\"683\" src=\"https:\/\/www.tarusola.fi\/kielikuvakohtaamisia\/wp-content\/uploads\/2025\/08\/Bela-1024x683.jpg\" alt=\"\" class=\"wp-image-4155\" srcset=\"https:\/\/www.tarusola.fi\/kielikuvakohtaamisia\/wp-content\/uploads\/2025\/08\/Bela-1024x683.jpg 1024w, https:\/\/www.tarusola.fi\/kielikuvakohtaamisia\/wp-content\/uploads\/2025\/08\/Bela-300x200.jpg 300w, https:\/\/www.tarusola.fi\/kielikuvakohtaamisia\/wp-content\/uploads\/2025\/08\/Bela-768x512.jpg 768w, https:\/\/www.tarusola.fi\/kielikuvakohtaamisia\/wp-content\/uploads\/2025\/08\/Bela.jpg 1181w\" sizes=\"auto, (max-width: 1024px) 100vw, 1024px\" \/><\/a><\/figure>\n\n\n\n<p>\u2013 Joo, t\u00e4\u00e4ll\u00e4 onkin tosiaan esill\u00e4 Bela-biennaali. Koko Merikaapelihalli t\u00e4ynn\u00e4 taidetta. Biennaali yhdist\u00e4\u00e4 eurooppalaista ja latinalaisamerikkalaista nykytaidetta. Harmi, ett\u00e4 meid\u00e4n varaama tanssielokuvan\u00e4yt\u00f6s alkaa pian. T\u00e4ytyykin palata uudelleen paremmalla ajalla. Onneksi t\u00e4m\u00e4 n\u00e4yttely jatkuu viel\u00e4 30.8. saakka. [Sini]<\/p>\n\n\n\n<figure class=\"wp-block-image size-large\"><a href=\"https:\/\/www.tarusola.fi\/kielikuvakohtaamisia\/wp-content\/uploads\/2025\/08\/Tanssintalo.jpg\"><img loading=\"lazy\" decoding=\"async\" width=\"661\" height=\"1024\" src=\"https:\/\/www.tarusola.fi\/kielikuvakohtaamisia\/wp-content\/uploads\/2025\/08\/Tanssintalo-661x1024.jpg\" alt=\"\" class=\"wp-image-4158\" srcset=\"https:\/\/www.tarusola.fi\/kielikuvakohtaamisia\/wp-content\/uploads\/2025\/08\/Tanssintalo-661x1024.jpg 661w, https:\/\/www.tarusola.fi\/kielikuvakohtaamisia\/wp-content\/uploads\/2025\/08\/Tanssintalo-194x300.jpg 194w, https:\/\/www.tarusola.fi\/kielikuvakohtaamisia\/wp-content\/uploads\/2025\/08\/Tanssintalo.jpg 762w\" sizes=\"auto, (max-width: 661px) 100vw, 661px\" \/><\/a><\/figure>\n\n\n\n<p>\u2013 Joo, ehdottomasti t\u00e4ytyy palata! Nyt on tosiaan ment\u00e4v\u00e4, kun Sydney Dance Companyn <em>Dance Locale <\/em>ja<em> Impermanence \/ Disintegration<\/em> sek\u00e4 osat Bang on a Can All-Stars -nykymusiikkiyhtyeen <em>CAN DANCE<\/em> -lyhytelokuvakokoelmasta ovat alkamaisillaan. Millaisia odotuksia sulla on niist\u00e4? [Satu]<\/p>\n\n\n\n<p>\u2013 Olen kyll\u00e4 k\u00e4ynyt katsomassa nykytanssiteoksia, mutta tanssielokuvat on mulle vieraampi genre. Kiinnostavaa n\u00e4hd\u00e4, miten elokuvan keinoja on k\u00e4ytetty. Ent\u00e4 onko sulla odotuksia n\u00e4yt\u00f6ksen suhteen? [Sini]<\/p>\n\n\n\n<p>\u2013 Toivon n\u00e4kev\u00e4ni inspiroivaa liikekielt\u00e4 upeissa australialaisissa maisemissa. Ainakin t\u00e4m\u00e4 The making of &#8211;<a href=\"https:\/\/www.youtube.com\/watch?v=hbZAC36ywAM\">video<\/a> on tosi lupaava. Ja itse asiassa n\u00e4m\u00e4 kaikki lyhytelokuvat, <a href=\"https:\/\/www.youtube.com\/watch?v=QYlMjLg3d3k\">Riverlands<\/a>, <a href=\"https:\/\/www.youtube.com\/watch?v=LkByxKR4jNg\">Parklands<\/a>, <a href=\"https:\/\/www.youtube.com\/watch?v=0YfblxGbgQU\">Wagga wagga<\/a>, <a href=\"https:\/\/www.youtube.com\/watch?v=aBvZngdaEnU\">Harbour<\/a> ja <a href=\"https:\/\/www.youtube.com\/watch?v=Ln47I3OoKuA\">Coast<\/a>, l\u00f6ytyv\u00e4t YouTubesta, mutta haluan kyll\u00e4 n\u00e4hd\u00e4 ne t\u00e4\u00e4ll\u00e4 isossa teatterissa.  [Satu]<\/p>\n\n\n\n<figure class=\"wp-block-image size-large\"><a href=\"https:\/\/www.tarusola.fi\/kielikuvakohtaamisia\/wp-content\/uploads\/2025\/08\/tanssintalo2-1.jpg\"><img loading=\"lazy\" decoding=\"async\" width=\"1024\" height=\"578\" src=\"https:\/\/www.tarusola.fi\/kielikuvakohtaamisia\/wp-content\/uploads\/2025\/08\/tanssintalo2-1-1024x578.jpg\" alt=\"\" class=\"wp-image-4161\" srcset=\"https:\/\/www.tarusola.fi\/kielikuvakohtaamisia\/wp-content\/uploads\/2025\/08\/tanssintalo2-1-1024x578.jpg 1024w, https:\/\/www.tarusola.fi\/kielikuvakohtaamisia\/wp-content\/uploads\/2025\/08\/tanssintalo2-1-300x169.jpg 300w, https:\/\/www.tarusola.fi\/kielikuvakohtaamisia\/wp-content\/uploads\/2025\/08\/tanssintalo2-1-768x434.jpg 768w, https:\/\/www.tarusola.fi\/kielikuvakohtaamisia\/wp-content\/uploads\/2025\/08\/tanssintalo2-1.jpg 1181w\" sizes=\"auto, (max-width: 1024px) 100vw, 1024px\" \/><\/a><\/figure>\n\n\n\n<p>\u2013 Hyv\u00e4, kun huomasit! Itse en tajunnutkaan, ett\u00e4 teokset voi katsoa my\u00f6s sielt\u00e4. Isolla valkokankaalla varmasti kuitenkin vaikuttavampaa. Mutta, menn\u00e4\u00e4nk\u00f6 sis\u00e4lle? Taidetaan olla jo viimeiset n\u00e4yt\u00f6svieraat. Hyvin on ihmiset l\u00f6yt\u00e4neet tapahtuman, koska suuri sali on melkein t\u00e4ynn\u00e4. [Sini]<\/p>\n\n\n\n<p>\u2013 Olipa se j\u00e4nn\u00e4 kokemus! Mit\u00e4 ajatuksia noi tanssielokuvat her\u00e4tti sussa? [Satu]<\/p>\n\n\n\n<p>\u2013 Hienoja tanssiteoksia ja upeat tanssijat! J\u00e4in miettim\u00e4\u00e4n monessa kohtaa elokuvan rajauksia ja leikkauksia. Kamera kohdisti katsetta v\u00e4lill\u00e4 todella tarkasti yksityiskohtiin. Joskus taas tanssijan liike tapahtui osittain kuvan ulkopuolella. Tosiaan aika erilainen kokemus, kuin tanssiteoksen katsominen paikan p\u00e4\u00e4ll\u00e4. Mit\u00e4 sulle j\u00e4i erityisesti mieleen? [Sini]<\/p>\n\n\n\n<p>\u2013 Mulle tuli mieleen sitaatti Jon Kabat-Zinnin kirjasta <em>Olet jo perill\u00e4. Tietoisen l\u00e4sn\u00e4olon taito <\/em>(s. 57): \u201cMartha Graham, joka puhui tanssitaiteesta, ilmaisi asian seuraavasti:&nbsp; \u2018Liikkeess\u00e4 on t\u00e4rke\u00e4\u00e4 vain ja ainoastaan t\u00e4m\u00e4 hetki. Tee t\u00e4st\u00e4 hetkest\u00e4 el\u00e4v\u00e4, el\u00e4misen arvoinen. \u00c4l\u00e4 anna sen lipua ohitsesi huomaamatta, hy\u00f6dynt\u00e4m\u00e4tt\u00e4 sit\u00e4.\u2019&nbsp; T\u00e4ytyy viel\u00e4 p\u00e4\u00e4st\u00e4 alkul\u00e4hteen \u00e4\u00e4relle tarkistamaan sitaatti, mutta jo toi sekundaaril\u00e4hde antoi paljon ajateltavaa kyseisten tanssijoiden liikett\u00e4 seuratessa. Mut kyll\u00e4p\u00e4 aika kiit\u00e4\u00e4! Meid\u00e4n t\u00e4ytyy l\u00e4hte\u00e4 jo kohti keskustaa, ett\u00e4 ehdit\u00e4\u00e4n ajoissa Senaatintorille! [Satu]<\/p>\n\n\n\n<p>\u2013 Joo, siell\u00e4 tosiaan alkaa kahdeksalta akrobaattinen teatteriteos <em>Pedaleando Hacia El Cielo<\/em>, eli Polkien taivaaseen. Teoksen esitt\u00e4\u00e4 kansainv\u00e4linen ryhm\u00e4 Theater Tol, jossa on ammattilaisia monilta taiteen aloilta. Mutta jos mitenk\u00e4\u00e4n ehdit\u00e4\u00e4n, niin jossain matkalla voisi pit\u00e4\u00e4 pienen juomatauon, vai mit\u00e4? [Sini]<\/p>\n\n\n\n<figure class=\"wp-block-image size-large\"><a href=\"https:\/\/www.tarusola.fi\/kielikuvakohtaamisia\/wp-content\/uploads\/2025\/08\/Kattoikkuna_tiedekulma.jpg\"><img loading=\"lazy\" decoding=\"async\" width=\"1024\" height=\"683\" src=\"https:\/\/www.tarusola.fi\/kielikuvakohtaamisia\/wp-content\/uploads\/2025\/08\/Kattoikkuna_tiedekulma-1024x683.jpg\" alt=\"\" class=\"wp-image-4162\" srcset=\"https:\/\/www.tarusola.fi\/kielikuvakohtaamisia\/wp-content\/uploads\/2025\/08\/Kattoikkuna_tiedekulma-1024x683.jpg 1024w, https:\/\/www.tarusola.fi\/kielikuvakohtaamisia\/wp-content\/uploads\/2025\/08\/Kattoikkuna_tiedekulma-300x200.jpg 300w, https:\/\/www.tarusola.fi\/kielikuvakohtaamisia\/wp-content\/uploads\/2025\/08\/Kattoikkuna_tiedekulma-768x512.jpg 768w, https:\/\/www.tarusola.fi\/kielikuvakohtaamisia\/wp-content\/uploads\/2025\/08\/Kattoikkuna_tiedekulma.jpg 1181w\" sizes=\"auto, (max-width: 1024px) 100vw, 1024px\" \/><\/a><\/figure>\n\n\n\n<p>\u2013 Hei, kato t\u00e4t\u00e4 Helsingin yliopiston Tiedekulman tapahtumakuvausta: \u201cKlo 18\u201320 Drink &amp; Draw<strong>. <\/strong>Tule mukaan piirt\u00e4m\u00e4\u00e4n ja nauttimaan piirt\u00e4misen lomassa virvokkeita, mocktaileja, viini\u00e4 tai olutta, joita voit ostaa Tiedekulma Cafesta. Taiteen musiikiksi k\u00e4\u00e4nt\u00e4\u00e4 elektronista musiikkia soittava b\u00e4ndi Kolmiotaajuus\u201d. Piipahdetaanko tuolla? [Satu]<\/p>\n\n\n\n<p>\u2013 No, k\u00e4yd\u00e4\u00e4n katsomassa, onhan meill\u00e4 t\u00e4ss\u00e4 viel\u00e4 vartti aikaa. Onko t\u00e4m\u00e4 Tiedekulma sulle tuttu paikka? [Sini]<\/p>\n\n\n\n<p>\u2013 Erin\u00e4isist\u00e4 verkossa j\u00e4rjestetyist\u00e4 tapahtumista hyvinkin tuttu, mutta t\u00e4m\u00e4 rakennus v\u00e4hemm\u00e4n. Oliko niin, ett\u00e4 s\u00e4 olet perehtynyt t\u00e4h\u00e4n arkkitehtuuriin tarkemminkin? [Satu]<\/p>\n\n\n\n<p>\u2013 En oikeastaan ole muuten, mutta n\u00e4it\u00e4 tiloja, hienoa puista portaikkoa, kattoikkunoita ja avaraa tilaa olen k\u00e4ynyt usein ohi kulkiessa ihailemassa. T\u00e4\u00e4ll\u00e4 leijailee ihana puun tuoksu. JKMM Arkkitehtien suunnittelema tila oli my\u00f6s Arkkitehtuurin Finlandia -ehdokkaana vuonna 2018. Palkinnon voitti silloin kuitenkin Uusi lastensairaala.\u00a0 [Sini]<\/p>\n\n\n\n<figure class=\"wp-block-image size-large\"><a href=\"https:\/\/www.tarusola.fi\/kielikuvakohtaamisia\/wp-content\/uploads\/2025\/08\/Magneetit_tiedekulma.jpg\"><img loading=\"lazy\" decoding=\"async\" width=\"1024\" height=\"683\" src=\"https:\/\/www.tarusola.fi\/kielikuvakohtaamisia\/wp-content\/uploads\/2025\/08\/Magneetit_tiedekulma-1024x683.jpg\" alt=\"\" class=\"wp-image-4164\" srcset=\"https:\/\/www.tarusola.fi\/kielikuvakohtaamisia\/wp-content\/uploads\/2025\/08\/Magneetit_tiedekulma-1024x683.jpg 1024w, https:\/\/www.tarusola.fi\/kielikuvakohtaamisia\/wp-content\/uploads\/2025\/08\/Magneetit_tiedekulma-300x200.jpg 300w, https:\/\/www.tarusola.fi\/kielikuvakohtaamisia\/wp-content\/uploads\/2025\/08\/Magneetit_tiedekulma-768x512.jpg 768w, https:\/\/www.tarusola.fi\/kielikuvakohtaamisia\/wp-content\/uploads\/2025\/08\/Magneetit_tiedekulma.jpg 1181w\" sizes=\"auto, (max-width: 1024px) 100vw, 1024px\" \/><\/a><\/figure>\n\n\n\n<p>\u2013 Ja t\u00e4\u00e4ll\u00e4 alhaalla oleva tila kutsuu viett\u00e4m\u00e4\u00e4n aikaa, kuten sanataiteilemaan n\u00e4ill\u00e4 magneeteilla. Vaan kyll\u00e4p\u00e4 aika rient\u00e4\u00e4! Meid\u00e4n t\u00e4ytynee jatkaa pian matkaa, jotta ehdit\u00e4\u00e4n sirkuksen py\u00f6rteisiin. Millaisen vaikutelman sait Drink&amp;Draw -tapahtumasta? [Satu]<\/p>\n\n\n\n<p>\u2013 Paljon innokkaita piirt\u00e4ji\u00e4 ja maalareita. N\u00e4ytt\u00e4\u00e4 olevan suosittu. Ehk\u00e4 paremmalla ajalla olisin liittynyt joukkoon. Mutta t\u00e4ss\u00e4 kulman takana Senaatintorilla on tosiaan meid\u00e4n seuraava etappi. T\u00e4\u00e4ll\u00e4p\u00e4 on porukkaa. Mist\u00e4k\u00f6h\u00e4n n\u00e4kisi parhaiten? [Sini]<\/p>\n\n\n\n<figure class=\"wp-block-image size-large\"><a href=\"https:\/\/www.tarusola.fi\/kielikuvakohtaamisia\/wp-content\/uploads\/2025\/08\/maalausta.jpg\"><img loading=\"lazy\" decoding=\"async\" width=\"1024\" height=\"683\" src=\"https:\/\/www.tarusola.fi\/kielikuvakohtaamisia\/wp-content\/uploads\/2025\/08\/maalausta-1024x683.jpg\" alt=\"\" class=\"wp-image-4165\" srcset=\"https:\/\/www.tarusola.fi\/kielikuvakohtaamisia\/wp-content\/uploads\/2025\/08\/maalausta-1024x683.jpg 1024w, https:\/\/www.tarusola.fi\/kielikuvakohtaamisia\/wp-content\/uploads\/2025\/08\/maalausta-300x200.jpg 300w, https:\/\/www.tarusola.fi\/kielikuvakohtaamisia\/wp-content\/uploads\/2025\/08\/maalausta-768x512.jpg 768w, https:\/\/www.tarusola.fi\/kielikuvakohtaamisia\/wp-content\/uploads\/2025\/08\/maalausta.jpg 1181w\" sizes=\"auto, (max-width: 1024px) 100vw, 1024px\" \/><\/a><\/figure>\n\n\n\n<p>\u2013 M\u00e4 taidan sukeltaa suoraan tuonne tapahtumien ytimeen, jotta p\u00e4\u00e4sen ottamaan kuvia l\u00e4helt\u00e4. Tulee ihan Balin monet tapahtumat, kuten seremoniat, mieleen, kun p\u00e4\u00e4sin kuvaamaan niit\u00e4 ja osallistujia ihan l\u00e4hiet\u00e4isyydelt\u00e4. [Satu]<\/p>\n\n\n\n<p>\u2013 No niin! Olipa hieno kokonaisuus, joka kasvoi komeasti loppua kohden. Miten sun kuvaus onnistui? Ehditk\u00f6 nauttia esityksest\u00e4? [Sini]<\/p>\n\n\n\n<p>\u2013 Todella upea ja monitasoinen esitys \u2013 sek\u00e4 konkreettisesti ett\u00e4 abstraktisti! Kuvaus onnistui yli odotusten, ja kameran linssin l\u00e4pi tuli bongattua monta yksityiskohtaa, jotka tulee k\u00e4ytt\u00f6\u00f6n useaan eri kontekstiin. T\u00e4st\u00e4 esityksest\u00e4 j\u00e4i todella toiveikas ja hyv\u00e4 mieli. [Satu]<\/p>\n\n\n\n<figure class=\"wp-block-image size-large\"><a href=\"https:\/\/www.tarusola.fi\/kielikuvakohtaamisia\/wp-content\/uploads\/2025\/08\/Sirkus1.jpg\"><img loading=\"lazy\" decoding=\"async\" width=\"683\" height=\"1024\" src=\"https:\/\/www.tarusola.fi\/kielikuvakohtaamisia\/wp-content\/uploads\/2025\/08\/Sirkus1-683x1024.jpg\" alt=\"\" class=\"wp-image-4166\" srcset=\"https:\/\/www.tarusola.fi\/kielikuvakohtaamisia\/wp-content\/uploads\/2025\/08\/Sirkus1-683x1024.jpg 683w, https:\/\/www.tarusola.fi\/kielikuvakohtaamisia\/wp-content\/uploads\/2025\/08\/Sirkus1-200x300.jpg 200w, https:\/\/www.tarusola.fi\/kielikuvakohtaamisia\/wp-content\/uploads\/2025\/08\/Sirkus1-768x1151.jpg 768w, https:\/\/www.tarusola.fi\/kielikuvakohtaamisia\/wp-content\/uploads\/2025\/08\/Sirkus1.jpg 788w\" sizes=\"auto, (max-width: 683px) 100vw, 683px\" \/><\/a><\/figure>\n\n\n\n<p>*<\/p>\n\n\n\n<figure class=\"wp-block-image size-large\"><a href=\"https:\/\/www.tarusola.fi\/kielikuvakohtaamisia\/wp-content\/uploads\/2025\/08\/Sirkus.jpg\"><img loading=\"lazy\" decoding=\"async\" width=\"683\" height=\"1024\" src=\"https:\/\/www.tarusola.fi\/kielikuvakohtaamisia\/wp-content\/uploads\/2025\/08\/Sirkus-683x1024.jpg\" alt=\"\" class=\"wp-image-4167\" srcset=\"https:\/\/www.tarusola.fi\/kielikuvakohtaamisia\/wp-content\/uploads\/2025\/08\/Sirkus-683x1024.jpg 683w, https:\/\/www.tarusola.fi\/kielikuvakohtaamisia\/wp-content\/uploads\/2025\/08\/Sirkus-200x300.jpg 200w, https:\/\/www.tarusola.fi\/kielikuvakohtaamisia\/wp-content\/uploads\/2025\/08\/Sirkus-768x1151.jpg 768w, https:\/\/www.tarusola.fi\/kielikuvakohtaamisia\/wp-content\/uploads\/2025\/08\/Sirkus.jpg 788w\" sizes=\"auto, (max-width: 683px) 100vw, 683px\" \/><\/a><\/figure>\n\n\n\n<p>*<\/p>\n\n\n\n<figure class=\"wp-block-image size-large\"><a href=\"https:\/\/www.tarusola.fi\/kielikuvakohtaamisia\/wp-content\/uploads\/2025\/08\/Sirkus2.jpg\"><img loading=\"lazy\" decoding=\"async\" width=\"1024\" height=\"597\" src=\"https:\/\/www.tarusola.fi\/kielikuvakohtaamisia\/wp-content\/uploads\/2025\/08\/Sirkus2-1024x597.jpg\" alt=\"\" class=\"wp-image-4168\" srcset=\"https:\/\/www.tarusola.fi\/kielikuvakohtaamisia\/wp-content\/uploads\/2025\/08\/Sirkus2-1024x597.jpg 1024w, https:\/\/www.tarusola.fi\/kielikuvakohtaamisia\/wp-content\/uploads\/2025\/08\/Sirkus2-300x175.jpg 300w, https:\/\/www.tarusola.fi\/kielikuvakohtaamisia\/wp-content\/uploads\/2025\/08\/Sirkus2-768x448.jpg 768w, https:\/\/www.tarusola.fi\/kielikuvakohtaamisia\/wp-content\/uploads\/2025\/08\/Sirkus2.jpg 1181w\" sizes=\"auto, (max-width: 1024px) 100vw, 1024px\" \/><\/a><\/figure>\n\n\n\n<p>\u2013 Olipa oikein antoisa taiteiden y\u00f6! Kiitos paljon hyv\u00e4st\u00e4 seurasta, Satu! [Sini]<\/p>\n\n\n\n<p>\u2013 Kiitos, samoin! Ehdittiin kokea tosi paljon kaikkea kivaa! Ja menn\u00e4\u00e4nk\u00f6 seuraavaksi yhdess\u00e4 sinne Biennaaliin? [Satu]<\/p>\n\n\n\n<p>\u2013 Joo, yritet\u00e4\u00e4n ehti\u00e4! Helsinki Biennaali on viel\u00e4 21.9. asti auki, joten n\u00e4hd\u00e4\u00e4n pian uudestaan! [Sini]<\/p>\n\n\n\n<figure class=\"wp-block-image size-large\"><a href=\"https:\/\/www.tarusola.fi\/kielikuvakohtaamisia\/wp-content\/uploads\/2025\/08\/Sirkus3.jpg\"><img loading=\"lazy\" decoding=\"async\" width=\"1024\" height=\"683\" src=\"https:\/\/www.tarusola.fi\/kielikuvakohtaamisia\/wp-content\/uploads\/2025\/08\/Sirkus3-1024x683.jpg\" alt=\"\" class=\"wp-image-4153\" srcset=\"https:\/\/www.tarusola.fi\/kielikuvakohtaamisia\/wp-content\/uploads\/2025\/08\/Sirkus3-1024x683.jpg 1024w, https:\/\/www.tarusola.fi\/kielikuvakohtaamisia\/wp-content\/uploads\/2025\/08\/Sirkus3-300x200.jpg 300w, https:\/\/www.tarusola.fi\/kielikuvakohtaamisia\/wp-content\/uploads\/2025\/08\/Sirkus3-768x512.jpg 768w, https:\/\/www.tarusola.fi\/kielikuvakohtaamisia\/wp-content\/uploads\/2025\/08\/Sirkus3.jpg 1181w\" sizes=\"auto, (max-width: 1024px) 100vw, 1024px\" \/><\/a><\/figure>\n\n\n\n<p>\u00a9<a href=\"http:\/\/www.tarusola.fi\">Tarusola<\/a><\/p>\n","protected":false},"excerpt":{"rendered":"<p>Kahden yst\u00e4v\u00e4n kohtaaminen er\u00e4\u00e4n\u00e4 elokuun p\u00e4iv\u00e4n\u00e4 \u2013 Moi, Sini! Onpa kiva p\u00e4\u00e4st\u00e4 sun kanssa sukeltamaan Taiteiden y\u00f6h\u00f6n. Helsinki on nyt pullollaan erilaisia kiinnostavia tapahtumia. [Satu] \u2013 Hei, Satu! Kiva, kun pyysit mukaan. Tapahtumia oli tosiaan paljon tarjolla ja tuntuu, ettei kaikkea tarjontaa ehtinyt edes k\u00e4ym\u00e4\u00e4n l\u00e4pi. Onneksi meill\u00e4 on nyt muutama ohjelmanumero, jotka on ajallisesti [&hellip;]<\/p>\n","protected":false},"author":1,"featured_media":0,"comment_status":"open","ping_status":"open","sticky":false,"template":"","format":"standard","meta":{"sfsi_plus_gutenberg_text_before_share":"","sfsi_plus_gutenberg_show_text_before_share":"","sfsi_plus_gutenberg_icon_type":"","sfsi_plus_gutenberg_icon_alignemt":"","sfsi_plus_gutenburg_max_per_row":"","footnotes":""},"categories":[140],"tags":[],"class_list":["post-4149","post","type-post","status-publish","format-standard","hentry","category-katsaus"],"_links":{"self":[{"href":"https:\/\/www.tarusola.fi\/kielikuvakohtaamisia\/wp-json\/wp\/v2\/posts\/4149","targetHints":{"allow":["GET"]}}],"collection":[{"href":"https:\/\/www.tarusola.fi\/kielikuvakohtaamisia\/wp-json\/wp\/v2\/posts"}],"about":[{"href":"https:\/\/www.tarusola.fi\/kielikuvakohtaamisia\/wp-json\/wp\/v2\/types\/post"}],"author":[{"embeddable":true,"href":"https:\/\/www.tarusola.fi\/kielikuvakohtaamisia\/wp-json\/wp\/v2\/users\/1"}],"replies":[{"embeddable":true,"href":"https:\/\/www.tarusola.fi\/kielikuvakohtaamisia\/wp-json\/wp\/v2\/comments?post=4149"}],"version-history":[{"count":8,"href":"https:\/\/www.tarusola.fi\/kielikuvakohtaamisia\/wp-json\/wp\/v2\/posts\/4149\/revisions"}],"predecessor-version":[{"id":4172,"href":"https:\/\/www.tarusola.fi\/kielikuvakohtaamisia\/wp-json\/wp\/v2\/posts\/4149\/revisions\/4172"}],"wp:attachment":[{"href":"https:\/\/www.tarusola.fi\/kielikuvakohtaamisia\/wp-json\/wp\/v2\/media?parent=4149"}],"wp:term":[{"taxonomy":"category","embeddable":true,"href":"https:\/\/www.tarusola.fi\/kielikuvakohtaamisia\/wp-json\/wp\/v2\/categories?post=4149"},{"taxonomy":"post_tag","embeddable":true,"href":"https:\/\/www.tarusola.fi\/kielikuvakohtaamisia\/wp-json\/wp\/v2\/tags?post=4149"}],"curies":[{"name":"wp","href":"https:\/\/api.w.org\/{rel}","templated":true}]}}