{"id":3877,"date":"2025-01-31T14:23:19","date_gmt":"2025-01-31T12:23:19","guid":{"rendered":"https:\/\/www.tarusola.fi\/kielikuvakohtaamisia\/?p=3877"},"modified":"2025-01-31T22:37:07","modified_gmt":"2025-01-31T20:37:07","slug":"helmet-haasteissa-2025","status":"publish","type":"post","link":"https:\/\/www.tarusola.fi\/kielikuvakohtaamisia\/haaste\/helmet-haasteissa-2025\/","title":{"rendered":"Helmet-haasteissa 2025"},"content":{"rendered":"\n<figure class=\"wp-block-image size-large\"><a href=\"https:\/\/www.tarusola.fi\/kielikuvakohtaamisia\/wp-content\/uploads\/2025\/01\/Helmethaasteet2024-1.png\"><img loading=\"lazy\" decoding=\"async\" width=\"1024\" height=\"1024\" src=\"https:\/\/www.tarusola.fi\/kielikuvakohtaamisia\/wp-content\/uploads\/2025\/01\/Helmethaasteet2024-1-1024x1024.png\" alt=\"\" class=\"wp-image-3881\" srcset=\"https:\/\/www.tarusola.fi\/kielikuvakohtaamisia\/wp-content\/uploads\/2025\/01\/Helmethaasteet2024-1-1024x1024.png 1024w, https:\/\/www.tarusola.fi\/kielikuvakohtaamisia\/wp-content\/uploads\/2025\/01\/Helmethaasteet2024-1-300x300.png 300w, https:\/\/www.tarusola.fi\/kielikuvakohtaamisia\/wp-content\/uploads\/2025\/01\/Helmethaasteet2024-1-150x150.png 150w, https:\/\/www.tarusola.fi\/kielikuvakohtaamisia\/wp-content\/uploads\/2025\/01\/Helmethaasteet2024-1-768x767.png 768w, https:\/\/www.tarusola.fi\/kielikuvakohtaamisia\/wp-content\/uploads\/2025\/01\/Helmethaasteet2024-1-144x144.png 144w, https:\/\/www.tarusola.fi\/kielikuvakohtaamisia\/wp-content\/uploads\/2025\/01\/Helmethaasteet2024-1.png 1299w\" sizes=\"auto, (max-width: 1024px) 100vw, 1024px\" \/><\/a><\/figure>\n\n\n\n<p><strong>Kahden yst\u00e4v\u00e4n kohtaaminen er\u00e4\u00e4n\u00e4 tammikuun p\u00e4iv\u00e4n\u00e4<\/strong><\/p>\n\n\n\n<p>\u2013 Hei, Satu! Hyv\u00e4\u00e4 uutta vuotta! Miten sun vuodenvaihde on sujunut? [Sini]<\/p>\n\n\n\n<p>\u2013 Moi, Sini! Hyv\u00e4\u00e4 alkanutta vuotta sullekin ja kaikille lukijoillemme! Vuoden 2025 alku on ollut omalta osaltani todella kiireinen erityisesti tekstirintamalla. Tammikuun harmaudessa, kun sinist\u00e4 taivasta ei ole n\u00e4kynyt viikkoihin, katse on monesti hakenut toivoa valoisista muistoista. [Satu]<\/p>\n\n\n\n<figure class=\"wp-block-image size-large\"><a href=\"https:\/\/www.tarusola.fi\/kielikuvakohtaamisia\/wp-content\/uploads\/2025\/01\/DSC_8020.jpg\"><img loading=\"lazy\" decoding=\"async\" width=\"1024\" height=\"683\" src=\"https:\/\/www.tarusola.fi\/kielikuvakohtaamisia\/wp-content\/uploads\/2025\/01\/DSC_8020-1024x683.jpg\" alt=\"\" class=\"wp-image-3882\" srcset=\"https:\/\/www.tarusola.fi\/kielikuvakohtaamisia\/wp-content\/uploads\/2025\/01\/DSC_8020-1024x683.jpg 1024w, https:\/\/www.tarusola.fi\/kielikuvakohtaamisia\/wp-content\/uploads\/2025\/01\/DSC_8020-300x200.jpg 300w, https:\/\/www.tarusola.fi\/kielikuvakohtaamisia\/wp-content\/uploads\/2025\/01\/DSC_8020-768x512.jpg 768w, https:\/\/www.tarusola.fi\/kielikuvakohtaamisia\/wp-content\/uploads\/2025\/01\/DSC_8020.jpg 1181w\" sizes=\"auto, (max-width: 1024px) 100vw, 1024px\" \/><\/a><\/figure>\n\n\n\n<p>\u2013 Vuosi on aloitettu perinteisesti juttelemalla menneist\u00e4 ja tulevista Helmet-haasteista. Mites vuonna 2024, osallistuitko s\u00e4 haasteisiin? Itse j\u00e4tin suosiolla v\u00e4liin, koska kes\u00e4ll\u00e4 odottava n\u00e4yttely loi pienen kiireen tunteen, enk\u00e4 halunnut sitoutua en\u00e4\u00e4 muuhun.\u00a0[Sini]<\/p>\n\n\n\n<p>\u2013 Osallistuin perinteiseen lukuhaasteeseen. Muut haasteet olivat kyll\u00e4 tosi kiinnostavia my\u00f6s, mutta niiden tekemiseen ei aika mitenk\u00e4\u00e4n riitt\u00e4nyt. Lukuhaaste on aina kiva tehd\u00e4, vaikka nyt kyseisen haasteen osalta k\u00e4vi niin, etten ehtinyt kirjoittaa sotkuisia kirjauksiani puhtaaksi. Koska byrokratiaa on muutenkin niin paljon jokaisella el\u00e4m\u00e4nalueella, kierr\u00e4n sen nyt kiireess\u00e4 ja kertoilen lukemistani kirjoista n\u00e4in. [Satu]<\/p>\n\n\n\n<p>\u2013 Saitko kaikki haastekohdat helposti t\u00e4ytetty\u00e4? Mik\u00e4 kohta oli haastavin l\u00f6yt\u00e4\u00e4?[Sini]<\/p>\n\n\n\n<p>\u2013 Monet kohdat t\u00e4yttyiv\u00e4t kuin itsest\u00e4\u00e4n, mutta joihinkin kohtiin kirjat piti etsi\u00e4 tietoisemmin, kuten 4. kohdassa &#8221;Kirjassa on presidentti&#8221; ja 6. kohdassa &#8221;Kirjan tapahtumat sijoittuvat 1920-luvulle&#8221;. [Satu]<\/p>\n\n\n\n<p>\u2013 S\u00e4 tunnetusti luet paljon muutenkin esimerkiksi ty\u00f6n puolesta. Oletko laskenut montako teosta tuli k\u00e4yty\u00e4 l\u00e4pi viime vuonna? [Sini]<\/p>\n\n\n\n<figure class=\"wp-block-image size-large\"><a href=\"https:\/\/www.tarusola.fi\/kielikuvakohtaamisia\/wp-content\/uploads\/2025\/01\/DSC_7939.jpg\"><img loading=\"lazy\" decoding=\"async\" width=\"1024\" height=\"683\" src=\"https:\/\/www.tarusola.fi\/kielikuvakohtaamisia\/wp-content\/uploads\/2025\/01\/DSC_7939-1024x683.jpg\" alt=\"\" class=\"wp-image-3886\" srcset=\"https:\/\/www.tarusola.fi\/kielikuvakohtaamisia\/wp-content\/uploads\/2025\/01\/DSC_7939-1024x683.jpg 1024w, https:\/\/www.tarusola.fi\/kielikuvakohtaamisia\/wp-content\/uploads\/2025\/01\/DSC_7939-300x200.jpg 300w, https:\/\/www.tarusola.fi\/kielikuvakohtaamisia\/wp-content\/uploads\/2025\/01\/DSC_7939-768x512.jpg 768w, https:\/\/www.tarusola.fi\/kielikuvakohtaamisia\/wp-content\/uploads\/2025\/01\/DSC_7939.jpg 1181w\" sizes=\"auto, (max-width: 1024px) 100vw, 1024px\" \/><\/a><\/figure>\n\n\n\n<p>\u2013 Viime vuonna luin v\u00e4h\u00e4n v\u00e4hemm\u00e4n kuin aikaisempina vuosina, vajaat parisataa kirjaa, sill\u00e4 pidin viime kes\u00e4n\u00e4 tietoisen kaunokirjallisuuden lukutauon. Kirjoitin siit\u00e4 toisaalla (Suomenopettajat-lehti 3\/2024) n\u00e4in: \u201cPidin kes\u00e4ll\u00e4 pienen tietoisen tauon kaunokirjallisuuden lukemisesta ik\u00e4\u00e4n kuin testimieless\u00e4. Viime vuosina on tullut luettua noin kahdensadanviidenkymmenen teoksen vuositahdilla. V\u00e4lill\u00e4 on tullut kahlattua aika syviss\u00e4 kirjallisuusvesiss\u00e4 erityisesti Kirjallisuutta kriisialueilta -sarjan my\u00f6t\u00e4. Ajattelin, ett\u00e4 pieni tauko voisi virkist\u00e4\u00e4.<\/p>\n\n\n\n<p>Vaikka lukutauon aikana ei ollut puuhasta pulaa ja muita tekstej\u00e4 riitti, olo tuntui oudolta. Aikaa kyll\u00e4 vapautui, mutta taustalla kummitteli kalvava tunne siit\u00e4, ett\u00e4 jotain olennaista, merkityksellist\u00e4, puuttuisi. Monesti houkutti sukeltaa hyviin tarinoihin, mutta pysyin p\u00e4\u00e4t\u00f6ksess\u00e4ni. Palasin moniin aiemmin lukemiini kirjoihin mieless\u00e4ni.<\/p>\n\n\n\n<p>Kun lukutauon ep\u00e4virallisen virallisesti loputtua tartuin <strong>Adania Shiblin <\/strong>aistivoimaiseen <em>Sivuseikka<\/em>-romaaniin (suom. <strong>Sampsa Peltonen<\/strong>, Otava, 2024), ylitseni pyyhk\u00e4isi tuttu j\u00e4risytt\u00e4vien tuntemusten tuuli. T\u00e4ll\u00e4 kertaa suoraan aavikolta. Mik\u00e4 riemu! Vaikka tarina on kaikkea muuta kuin hyv\u00e4n mielen kertomus, kuten kyseisen alueen todellisuus, kirjan lukeminen on nautinto sen kaunokirjallisten ansioiden my\u00f6t\u00e4. Kaari menneisyyden ja nykyisyyden v\u00e4lille piirtyy taidokkaasti, ja p\u00e4\u00e4henkil\u00f6iden kohtalot painuvat mieleen syv\u00e4sti.<strong><\/strong>\u201d [Satu]<\/p>\n\n\n\n<p>\u2013 L\u00f6ytyik\u00f6 haastetta tehdess\u00e4 helmi\u00e4? [Sini]<\/p>\n\n\n\n<figure class=\"wp-block-image size-large\"><a href=\"https:\/\/www.tarusola.fi\/kielikuvakohtaamisia\/wp-content\/uploads\/2025\/01\/Naisten-voima-scaled.jpg\"><img loading=\"lazy\" decoding=\"async\" width=\"691\" height=\"1024\" src=\"https:\/\/www.tarusola.fi\/kielikuvakohtaamisia\/wp-content\/uploads\/2025\/01\/Naisten-voima-691x1024.jpg\" alt=\"\" class=\"wp-image-3895\" srcset=\"https:\/\/www.tarusola.fi\/kielikuvakohtaamisia\/wp-content\/uploads\/2025\/01\/Naisten-voima-691x1024.jpg 691w, https:\/\/www.tarusola.fi\/kielikuvakohtaamisia\/wp-content\/uploads\/2025\/01\/Naisten-voima-203x300.jpg 203w, https:\/\/www.tarusola.fi\/kielikuvakohtaamisia\/wp-content\/uploads\/2025\/01\/Naisten-voima-768x1137.jpg 768w, https:\/\/www.tarusola.fi\/kielikuvakohtaamisia\/wp-content\/uploads\/2025\/01\/Naisten-voima-1037x1536.jpg 1037w, https:\/\/www.tarusola.fi\/kielikuvakohtaamisia\/wp-content\/uploads\/2025\/01\/Naisten-voima-1383x2048.jpg 1383w, https:\/\/www.tarusola.fi\/kielikuvakohtaamisia\/wp-content\/uploads\/2025\/01\/Naisten-voima-scaled.jpg 1729w\" sizes=\"auto, (max-width: 691px) 100vw, 691px\" \/><\/a><\/figure>\n\n\n\n<p>\u2013 Joo! Yhden niist\u00e4 luin soveltaen uudestaan kohtaan 27 &#8221;Kirja kertoo j\u00e4lleenrakentamisesta&#8221;. Kerroinkin siit\u00e4 sulle jo edellisen haasteen yhteydess\u00e4 ja lupasin n\u00e4ytt\u00e4\u00e4, mit\u00e4 olin kirjoittanut silloin, mutta se unohtui kiireess\u00e4. T\u00e4ss\u00e4 siis se aiempi tekstini (Suomenopettajat-lehti 1\/2024, Lukunurkka-palsta, Liikuttava lukumuisto -osio): &#8221;Vuonna 2018 Nobelin rauhanpalkinnon saaneen <strong>Denis Mukwegen <\/strong>kirjan <em>Naisten voima. L\u00e4\u00e4k\u00e4ri toivon ja parannuksen l\u00e4hettil\u00e4\u00e4n\u00e4 <\/em>(suom. <strong>Tero Valkonen<\/strong>,Tammi, 2023) lukeminen synnytt\u00e4\u00e4 tunteiden ristiaallokon, jopa suoranaisen tunnemyrskyn.<\/p>\n\n\n\n<p>Denis Mukwege kertoo el\u00e4m\u00e4nty\u00f6st\u00e4\u00e4n seksuaalisen v\u00e4kivallan uhreiksi joutuneiden naisten puolesta kotimaassaan Kongon demokraattisessa tasavallassa. Ty\u00f6 on rankkaa ja vaativaa, eik\u00e4 kirjakaan p\u00e4\u00e4st\u00e4 lukijaa helpolla. Alun lapsuudenkuvauksessa on kaunista estetiikkaa, joka pian vaihtuu brutaaliin realismiin. Kirjan sivuilla tutuiksi tulevat erilaiset l\u00e4\u00e4ketieteelliset toimenpiteet yksityiskohtineen.<\/p>\n\n\n\n<p>Mukwegen kuvaukset naisten kohtaamista v\u00e4\u00e4ryyksist\u00e4 \u2013 v\u00e4kivallasta ja kaiken yll\u00e4 leijuvasta sovinismista \u2013 her\u00e4tt\u00e4v\u00e4t raivon ja voimattomuuden tunteita. Huomaan v\u00e4lill\u00e4 ihmettelev\u00e4ni, voiko teksti olla per\u00e4isin miehen kyn\u00e4st\u00e4. Niin j\u00e4risytt\u00e4v\u00e4n vahvasti se puolustaa naisten asemaa. Ep\u00e4uskoon sekoittuu my\u00f6s iso annos ihailua Mukwegen rohkeutta kohtaan. Kaikista uhkailu-, vaientamis- ja jopa murhayrityksist\u00e4 huolimatta h\u00e4n on jatkanut periksiantamattomasti ty\u00f6t\u00e4\u00e4n. Opettajien mahdollisuuksista my\u00f6nteisen kehityksen tukemisessa muistuttavan Mukwegen sanat kirjan loppupuolella (s. 303) painuvat manifestina mieleen: \u201dMe kaikki opetamme ihmisi\u00e4 ymp\u00e4rill\u00e4mme: lapsia, yst\u00e4vi\u00e4, perheenj\u00e4seni\u00e4, kollegoja ja ty\u00f6tovereita. \u00c4l\u00e4 vaikene, kun kohtaat sovinismia. Tuomitse hy\u00f6kk\u00e4\u00e4v\u00e4 k\u00e4yt\u00f6s ja ilmoita siit\u00e4. \u00c4l\u00e4 hyv\u00e4ksy uhrien syytt\u00e4mist\u00e4. Selit\u00e4 stigman ja trauman merkitys. Varmista ett\u00e4 perheess\u00e4si ja ty\u00f6paikallasi tarjotaan yht\u00e4l\u00e4isi\u00e4 mahdollisuuksia miehille ja naisille, tyt\u00f6ille ja pojille.\u201d Ja: \u201d\u00c4l\u00e4k\u00e4 unohda opettaa pojille naisten kunnioittamista, jotta meid\u00e4n ei erikseen tarvitse suojella tytt\u00e4ri\u00e4.&#8221; [Satu]<\/p>\n\n\n\n<p>\u2013 Luin jostain, ett\u00e4 haastekohdat suunnitellaan nykyisin yhteisty\u00f6ss\u00e4 lukijayhteis\u00f6n kanssa, jolloin j\u00e4senet voivat ehdottaa uusia haastekohtia. Millaisen haastekohdan s\u00e4 haluaisit lis\u00e4t\u00e4? [Sini]<\/p>\n\n\n\n<p>\u2013 &#8221;Lue kaikkien aikojen lempikirjasi uudestaan.&#8221;  [Satu]<\/p>\n\n\n\n<p>\u2013 M\u00e4 ehdottaisin taiteilijael\u00e4m\u00e4kertaa. Se varmasti on jo ollut haastekohtana joskus. Helmetin sivuille on muuten koottu 2024 luetuksi raportoiduista kirjoista 20 eniten luetun <a href=\"https:\/\/helmet-tukisivusto.hel.fi\/uutiset\/10-vuotta-helmet-lukuhaastetta-tassa-ovat-lukuhaasteen-luetuimmat-vuonna-2024\/\">lista<\/a>. Siit\u00e4 sain itse hyvi\u00e4 lukuvinkkej\u00e4. N\u00e4ist\u00e4 kahdestakymmenest\u00e4 olen lukenut vain muutaman.  [Sini]<\/p>\n\n\n\n<figure class=\"wp-block-image size-large\"><a href=\"https:\/\/www.tarusola.fi\/kielikuvakohtaamisia\/wp-content\/uploads\/2025\/01\/DSC_4599.jpg\"><img loading=\"lazy\" decoding=\"async\" width=\"683\" height=\"1024\" src=\"https:\/\/www.tarusola.fi\/kielikuvakohtaamisia\/wp-content\/uploads\/2025\/01\/DSC_4599-683x1024.jpg\" alt=\"\" class=\"wp-image-3897\" srcset=\"https:\/\/www.tarusola.fi\/kielikuvakohtaamisia\/wp-content\/uploads\/2025\/01\/DSC_4599-683x1024.jpg 683w, https:\/\/www.tarusola.fi\/kielikuvakohtaamisia\/wp-content\/uploads\/2025\/01\/DSC_4599-200x300.jpg 200w, https:\/\/www.tarusola.fi\/kielikuvakohtaamisia\/wp-content\/uploads\/2025\/01\/DSC_4599-768x1151.jpg 768w, https:\/\/www.tarusola.fi\/kielikuvakohtaamisia\/wp-content\/uploads\/2025\/01\/DSC_4599.jpg 788w\" sizes=\"auto, (max-width: 683px) 100vw, 683px\" \/><\/a><\/figure>\n\n\n\n<p>\u2013 Kiinnostava lista ja j\u00e4nni\u00e4 kirjavalintoja! M\u00e4 voisin tehd\u00e4 sulle pienen kirjavinkkauksen n\u00e4ist\u00e4 nyt t\u00e4h\u00e4n haasteeseen lukemistani ja muista hyvist\u00e4 kirjoista tuonnempana, kun t\u00e4m\u00e4 tulipalokiire helpottaa ja valon m\u00e4\u00e4r\u00e4 lis\u00e4\u00e4ntyy. [Satu]<\/p>\n\n\n\n<p>\u2013 T\u00e4m\u00e4n vuoden Helmet-haasteetkin on jo <a href=\"https:\/\/helmet-tukisivusto.hel.fi\/uutiset\/vuoden-2025-helmet-haasteet-on-julkaistu\/\">julkaistu<\/a>. Oletko ehtinyt jo aloittaa sen parissa. Nyt on tosiaan yhdestoista vuosi. Montako kertaa olet ollut mukana jollain muotoa? [Sini]&nbsp;<\/p>\n\n\n\n<p>\u2013 Olen tehnyt kaikki lukuhaasteet. Silloin yhten\u00e4 vuonna, <a href=\"https:\/\/www.tarusola.fi\/kielikuvakohtaamisia\/lukeminen\/lukuhaasteessa\/\">2019<\/a>, tein tosiaan viisi lukuhaastetta saman vuoden aikana. [Satu]<\/p>\n\n\n\n<p>\u2013 Ajattelin t\u00e4n\u00e4 vuonna osallistua ainakin musahaasteeseen, koska se tuntuu helpommalta suorittaa ja uutta musiikkia on aina kiva l\u00f6yt\u00e4\u00e4. Lukuhaastetta mietin viel\u00e4. Tuo m\u00e4\u00e4r\u00e4 ei ole oikein koskaan minulta onnistunut, ja jopa 25 kirjan lukeminen vuodessa tekisi tiukkaa, koska aikaa ei vain tunnu l\u00f6ytyv\u00e4n. Elokuvahaastettakin voisin harkita. [Sini]<\/p>\n\n\n\n<figure class=\"wp-block-image size-large\"><a href=\"https:\/\/www.tarusola.fi\/kielikuvakohtaamisia\/wp-content\/uploads\/2025\/01\/DSC_7898.jpg\"><img loading=\"lazy\" decoding=\"async\" width=\"1024\" height=\"683\" src=\"https:\/\/www.tarusola.fi\/kielikuvakohtaamisia\/wp-content\/uploads\/2025\/01\/DSC_7898-1024x683.jpg\" alt=\"\" class=\"wp-image-3892\" srcset=\"https:\/\/www.tarusola.fi\/kielikuvakohtaamisia\/wp-content\/uploads\/2025\/01\/DSC_7898-1024x683.jpg 1024w, https:\/\/www.tarusola.fi\/kielikuvakohtaamisia\/wp-content\/uploads\/2025\/01\/DSC_7898-300x200.jpg 300w, https:\/\/www.tarusola.fi\/kielikuvakohtaamisia\/wp-content\/uploads\/2025\/01\/DSC_7898-768x512.jpg 768w, https:\/\/www.tarusola.fi\/kielikuvakohtaamisia\/wp-content\/uploads\/2025\/01\/DSC_7898.jpg 1181w\" sizes=\"auto, (max-width: 1024px) 100vw, 1024px\" \/><\/a><\/figure>\n\n\n\n<p>\u2013 Kuulostaa hyv\u00e4lt\u00e4! Oletko muuten ehtinyt k\u00e4yd\u00e4 n\u00e4yttelyiss\u00e4 t\u00e4ss\u00e4 alkuvuonna? [Satu]<\/p>\n\n\n\n<p>\u2013 Jonkin verran olen kiert\u00e4nyt jo gallerioita ja tietysti Atskin Gothic Modern -n\u00e4yttely oli pakko ehti\u00e4 katsomaan. Se olikin hieno ja harmittaa, etten ehtinyt sinne en\u00e4\u00e4 toistamiseen. Oletko s\u00e4 ehtinyt n\u00e4yttelyihin alkuvuodesta? [Sini]<\/p>\n\n\n\n<p>\u2013 Ehdin onneksi my\u00f6s tuohon Atskin hienoon n\u00e4yttelyyn. Harmi, kun se oli niin lyhyen aikaa esill\u00e4. Toinen todella inspiroiva kokemus oli Didrichsenin taidemuseossa Satumainen Carl-Henning Pedersen -n\u00e4yttely. Se oli v\u00e4rien ja mielikuvituksen juhlaa!&nbsp; [Satu]<\/p>\n\n\n\n<p>\u2013 Tehd\u00e4\u00e4nk\u00f6 joku n\u00e4yttelyk\u00e4ynti yhdess\u00e4? [Sini]<\/p>\n\n\n\n<p>\u2013 Tehd\u00e4\u00e4n oikein mieluusti! N\u00e4kemisiin viimeist\u00e4\u00e4n silloin! [Satu]<\/p>\n\n\n\n<figure class=\"wp-block-image size-large\"><a href=\"https:\/\/www.tarusola.fi\/kielikuvakohtaamisia\/wp-content\/uploads\/2025\/01\/Meren-sinet.jpg\"><img loading=\"lazy\" decoding=\"async\" width=\"1024\" height=\"683\" src=\"https:\/\/www.tarusola.fi\/kielikuvakohtaamisia\/wp-content\/uploads\/2025\/01\/Meren-sinet-1024x683.jpg\" alt=\"\" class=\"wp-image-3891\" srcset=\"https:\/\/www.tarusola.fi\/kielikuvakohtaamisia\/wp-content\/uploads\/2025\/01\/Meren-sinet-1024x683.jpg 1024w, https:\/\/www.tarusola.fi\/kielikuvakohtaamisia\/wp-content\/uploads\/2025\/01\/Meren-sinet-300x200.jpg 300w, https:\/\/www.tarusola.fi\/kielikuvakohtaamisia\/wp-content\/uploads\/2025\/01\/Meren-sinet-768x512.jpg 768w, https:\/\/www.tarusola.fi\/kielikuvakohtaamisia\/wp-content\/uploads\/2025\/01\/Meren-sinet.jpg 1181w\" sizes=\"auto, (max-width: 1024px) 100vw, 1024px\" \/><\/a><\/figure>\n\n\n\n<p>\u00a9 Tarusola<\/p>\n","protected":false},"excerpt":{"rendered":"<p>Kahden yst\u00e4v\u00e4n kohtaaminen er\u00e4\u00e4n\u00e4 tammikuun p\u00e4iv\u00e4n\u00e4 \u2013 Hei, Satu! Hyv\u00e4\u00e4 uutta vuotta! Miten sun vuodenvaihde on sujunut? [Sini] \u2013 Moi, Sini! Hyv\u00e4\u00e4 alkanutta vuotta sullekin ja kaikille lukijoillemme! Vuoden 2025 alku on ollut omalta osaltani todella kiireinen erityisesti tekstirintamalla. Tammikuun harmaudessa, kun sinist\u00e4 taivasta ei ole n\u00e4kynyt viikkoihin, katse on monesti hakenut toivoa valoisista muistoista. [&hellip;]<\/p>\n","protected":false},"author":1,"featured_media":0,"comment_status":"open","ping_status":"open","sticky":false,"template":"","format":"standard","meta":{"sfsi_plus_gutenberg_text_before_share":"","sfsi_plus_gutenberg_show_text_before_share":"","sfsi_plus_gutenberg_icon_type":"","sfsi_plus_gutenberg_icon_alignemt":"","sfsi_plus_gutenburg_max_per_row":"","footnotes":""},"categories":[330],"tags":[],"class_list":["post-3877","post","type-post","status-publish","format-standard","hentry","category-haaste"],"_links":{"self":[{"href":"https:\/\/www.tarusola.fi\/kielikuvakohtaamisia\/wp-json\/wp\/v2\/posts\/3877","targetHints":{"allow":["GET"]}}],"collection":[{"href":"https:\/\/www.tarusola.fi\/kielikuvakohtaamisia\/wp-json\/wp\/v2\/posts"}],"about":[{"href":"https:\/\/www.tarusola.fi\/kielikuvakohtaamisia\/wp-json\/wp\/v2\/types\/post"}],"author":[{"embeddable":true,"href":"https:\/\/www.tarusola.fi\/kielikuvakohtaamisia\/wp-json\/wp\/v2\/users\/1"}],"replies":[{"embeddable":true,"href":"https:\/\/www.tarusola.fi\/kielikuvakohtaamisia\/wp-json\/wp\/v2\/comments?post=3877"}],"version-history":[{"count":18,"href":"https:\/\/www.tarusola.fi\/kielikuvakohtaamisia\/wp-json\/wp\/v2\/posts\/3877\/revisions"}],"predecessor-version":[{"id":3907,"href":"https:\/\/www.tarusola.fi\/kielikuvakohtaamisia\/wp-json\/wp\/v2\/posts\/3877\/revisions\/3907"}],"wp:attachment":[{"href":"https:\/\/www.tarusola.fi\/kielikuvakohtaamisia\/wp-json\/wp\/v2\/media?parent=3877"}],"wp:term":[{"taxonomy":"category","embeddable":true,"href":"https:\/\/www.tarusola.fi\/kielikuvakohtaamisia\/wp-json\/wp\/v2\/categories?post=3877"},{"taxonomy":"post_tag","embeddable":true,"href":"https:\/\/www.tarusola.fi\/kielikuvakohtaamisia\/wp-json\/wp\/v2\/tags?post=3877"}],"curies":[{"name":"wp","href":"https:\/\/api.w.org\/{rel}","templated":true}]}}