{"id":344,"date":"2016-11-26T17:37:16","date_gmt":"2016-11-26T15:37:16","guid":{"rendered":"http:\/\/www.tarusola.fi\/kielikuvakohtaamisia\/?p=344"},"modified":"2019-11-24T12:59:19","modified_gmt":"2019-11-24T10:59:19","slug":"foorumilla","status":"publish","type":"post","link":"https:\/\/www.tarusola.fi\/kielikuvakohtaamisia\/seminaari\/foorumilla\/","title":{"rendered":"Foorumilla"},"content":{"rendered":"<p><a href=\"http:\/\/www.tarusola.fi\/kielikuvakohtaamisia\/wp-content\/uploads\/2016\/11\/KohtaaminenFoorumilla.png\"><img loading=\"lazy\" decoding=\"async\" width=\"750\" height=\"750\" class=\"aligncenter size-large wp-image-345\" alt=\"kohtaaminenfoorumilla\" src=\"http:\/\/www.tarusola.fi\/kielikuvakohtaamisia\/wp-content\/uploads\/2016\/11\/KohtaaminenFoorumilla-1024x1024.png\" srcset=\"https:\/\/www.tarusola.fi\/kielikuvakohtaamisia\/wp-content\/uploads\/2016\/11\/KohtaaminenFoorumilla-1024x1024.png 1024w, https:\/\/www.tarusola.fi\/kielikuvakohtaamisia\/wp-content\/uploads\/2016\/11\/KohtaaminenFoorumilla-150x150.png 150w, https:\/\/www.tarusola.fi\/kielikuvakohtaamisia\/wp-content\/uploads\/2016\/11\/KohtaaminenFoorumilla-300x300.png 300w, https:\/\/www.tarusola.fi\/kielikuvakohtaamisia\/wp-content\/uploads\/2016\/11\/KohtaaminenFoorumilla-768x767.png 768w, https:\/\/www.tarusola.fi\/kielikuvakohtaamisia\/wp-content\/uploads\/2016\/11\/KohtaaminenFoorumilla-144x144.png 144w, https:\/\/www.tarusola.fi\/kielikuvakohtaamisia\/wp-content\/uploads\/2016\/11\/KohtaaminenFoorumilla.png 1299w\" sizes=\"auto, (max-width: 750px) 100vw, 750px\" \/><\/a><\/p>\n<p><strong>Kahden yst\u00e4v\u00e4n kohtaaminen marraskuun alun p\u00e4ivin\u00e4<\/strong><\/p>\n<p>\u2013 Takana on kolme todella opettavaista p\u00e4iv\u00e4\u00e4 <a href=\"http:\/\/www.kulttuuriakaikille.fi\/kulttuurinyhdenvertaisuus-foorumi\" target=\"_blank\">Kulttuurin yhdenvertaisuus -foorumilla<\/a>!<\/p>\n<p>\u2013 Kyll\u00e4, tuli paljon itselle uutta asiaa saavutettavuudesta. Teemanahan olivat uudet luovat teknologiat taide- ja kulttuurikent\u00e4ll\u00e4 sek\u00e4 niiden mahdollisuudet edist\u00e4\u00e4 saavutettavuutta ja yhdenvertaisuutta.<\/p>\n<p>\u2013 Ensimm\u00e4inen p\u00e4iv\u00e4 oli ty\u00f6pajojen p\u00e4iv\u00e4. Miss\u00e4 pajassa s\u00e4 olitkaan, Sini?<\/p>\n<p>\u2013 Musiikin erityispalvelukeskuksessa Resonaarissa Kulosaaressa. Siell\u00e4 soittoa ja laulua opiskelevat erilaiset oppijat, esimerkiksi kehitysvammaiset. Toiminnasta meille kertoi ensin Markku Kaikkonen, ja sitten pajaan osallistujat p\u00e4\u00e4siv\u00e4t tutustumaan Kaarlo Uusitalon johdolla h\u00e4nen kehitt\u00e4m\u00e4\u00e4ns\u00e4 <a href=\"http:\/\/www.helsinkimissio.fi\/resonaari\/kuvionuotit%C2%AE\" target=\"_blank\">kuvionuottij\u00e4rjestelm\u00e4\u00e4n<\/a>. Onko se sulle tuttu?<\/p>\n<p>\u2013 Ei ole. Olisi tosi kiva kuulla enemm\u00e4n siit\u00e4.<\/p>\n<p>\u2013 Opetuksen aluksi Uusitalo lupasi, ett\u00e4 koko porukka tulisi soittamaan yhdess\u00e4 jo viidentoista minuutin opetuksen p\u00e4\u00e4tteeksi. Itse olin kyll\u00e4 aika ep\u00e4ilev\u00e4inen ja uskon, ett\u00e4 moni muukin pajaan osallistunut oli. Pian kuitenkin huomasin soittavani b\u00e4ndiss\u00e4 useamman biisin ja viel\u00e4 eri soittimilla. Jos olisin silloin joskus peruskoulussa saanut tutustua soittamiseen vastaavalla tavalla, olisin ehk\u00e4 p\u00e4\u00e4tynyt harrastamaan sit\u00e4 enemm\u00e4nkin. Ent\u00e4 sun paja, Satu?<\/p>\n<p><a href=\"http:\/\/www.tarusola.fi\/kielikuvakohtaamisia\/wp-content\/uploads\/2016\/11\/Resonaari.jpg\"><img loading=\"lazy\" decoding=\"async\" width=\"750\" height=\"493\" class=\"aligncenter size-large wp-image-351\" alt=\"resonaari\" src=\"http:\/\/www.tarusola.fi\/kielikuvakohtaamisia\/wp-content\/uploads\/2016\/11\/Resonaari-1024x673.jpg\" srcset=\"https:\/\/www.tarusola.fi\/kielikuvakohtaamisia\/wp-content\/uploads\/2016\/11\/Resonaari-1024x673.jpg 1024w, https:\/\/www.tarusola.fi\/kielikuvakohtaamisia\/wp-content\/uploads\/2016\/11\/Resonaari-300x197.jpg 300w, https:\/\/www.tarusola.fi\/kielikuvakohtaamisia\/wp-content\/uploads\/2016\/11\/Resonaari-768x505.jpg 768w, https:\/\/www.tarusola.fi\/kielikuvakohtaamisia\/wp-content\/uploads\/2016\/11\/Resonaari.jpg 1181w\" sizes=\"auto, (max-width: 750px) 100vw, 750px\" \/><\/a><\/p>\n<p>\u2013 M\u00e4 olin Iiris-keskuksessa <a href=\"http:\/\/www.kulttuuripalvelu.fi\/\" target=\"_blank\">N\u00e4k\u00f6vammaisten Kulttuuripalvelu ry:n<\/a> j\u00e4rjest\u00e4m\u00e4ss\u00e4 kuvailutulkkausty\u00f6pajassa, jonka ohjaajana toimi Sari Kekkonen. Pajassa perehdyttiin kuvailutulkkaukseen ja tehtiin konkreettisia harjoituksia. Vaikka olen p\u00e4\u00e4ssyt tekem\u00e4\u00e4n kuvailutulkkausta jonkin verran, opin pajassa uutta. Meill\u00e4 osallistujilla oli kaikilla erilaiset ammatilliset taustat, ja oli mielenkiintoista vertailla, kuinka jokainen teki omanlaisiaan valintoja saamaansa teosta kuvaillessaan.<\/p>\n<p>\u2013 Varmasti opettavaista my\u00f6s seurata muiden tapaa kuvailla.<\/p>\n<p>\u2013 Varsinaiseen seminaarip\u00e4iv\u00e4\u00e4n mahtui monenlaisia esityksi\u00e4, esimerkkej\u00e4 ja puheenvuoroja saavutettavuuden parantamisesta sek\u00e4 Suomen kontekstissa ett\u00e4 ulkomailla. Erityisen vaikuttava oli esitys Tukholman tekniikan museon <a href=\"http:\/\/www.tekniskamuseet.se\/1\/5952.html\" target=\"_blank\">MegaMind-alueesta<\/a>, jossa luovuutta ruokitaan uusien ideoiden ker\u00e4\u00e4misen ja yhdistelemisen avulla. Museossa on my\u00f6s otettu eri k\u00e4ytt\u00e4j\u00e4ryhmien tarpeet huomioon MegaMindin teht\u00e4v\u00e4pisteit\u00e4 ja niiden <a href=\"http:\/\/www.tekniskamuseet.se\/1\/6023.html\" target=\"_blank\">ohjeistuksia<\/a> laadittaessa.<\/p>\n<p><a href=\"http:\/\/www.tarusola.fi\/kielikuvakohtaamisia\/wp-content\/uploads\/2016\/11\/MegaMind.jpg\"><img loading=\"lazy\" decoding=\"async\" width=\"750\" height=\"1000\" class=\"aligncenter size-large wp-image-354\" alt=\"megamind\" src=\"http:\/\/www.tarusola.fi\/kielikuvakohtaamisia\/wp-content\/uploads\/2016\/11\/MegaMind-768x1024.jpg\" srcset=\"https:\/\/www.tarusola.fi\/kielikuvakohtaamisia\/wp-content\/uploads\/2016\/11\/MegaMind-768x1024.jpg 768w, https:\/\/www.tarusola.fi\/kielikuvakohtaamisia\/wp-content\/uploads\/2016\/11\/MegaMind-225x300.jpg 225w, https:\/\/www.tarusola.fi\/kielikuvakohtaamisia\/wp-content\/uploads\/2016\/11\/MegaMind.jpg 886w\" sizes=\"auto, (max-width: 750px) 100vw, 750px\" \/><\/a><\/p>\n<p>\u2013 Seminaariaamup\u00e4iv\u00e4n aikana olivat tosiaan ensin ne py\u00f6re\u00e4n p\u00f6yd\u00e4n keskustelut. Me p\u00e4\u00e4dyttiin eri keskusteluihin. Mihin s\u00e4 osallistuit?<\/p>\n<p>\u2013 Strukturoitu taide-el\u00e4mys ilman aistien ylikuormittamista. Keskustelussa k\u00e4siteltiin erityisesti sit\u00e4, mit\u00e4 museoissa pit\u00e4isi ottaa paremmin huomioon, jotta aistiyliherk\u00e4t ihmiset voisivat k\u00e4yd\u00e4 museoissa joutumatta liikaan \u00e4rsyketulvaan. Esiin tuli erilaisia ratkaisuja esimerkiksi akustiikan parantamisesta, hiljaisista huoneista, suunnitelluista ja ennakoitavissa olevista n\u00e4yttelypoluista. Ent\u00e4 millainen sun keskustelu oli?<\/p>\n<p>\u2013 Sara Ik\u00e4valko ja Johanna Rajala kertoivat palvelumuotoilun hy\u00f6dynt\u00e4misest\u00e4 Wellamo-opistossa, jossa kurssien suunnitteluun on otettu mukaan opiskelijat ja potentiaaliset opiskelijat. Siell\u00e4 on tavoitteellisesti kehitetty ns. erilaisille oppijoille kohdennettua tarjontaa esimerkiksi yhteissuunnittelun muodossa. Keskustelussa tuli esiin my\u00f6s hyvi\u00e4 huomioita siit\u00e4, ettei asiakaskaan aika tied\u00e4, mit\u00e4 kaipaa ja siksi kannattaa tarjota rohkeasti my\u00f6s uusia juttuja. Erityistarpeet huomioiva lyhyt kurssi voi madaltaa my\u00f6s kynnyst\u00e4 osallistua my\u00f6s muuhun kurssitoimintaan, kun perusteet ovat ensin tulleet tutuksi.<\/p>\n<p>\u2013 Iltap\u00e4iv\u00e4n parasta antia oli kyll\u00e4 taiteilija Jenni-Juulia Wallinheimo-Heimonen!<\/p>\n<p>\u2013 Kyll\u00e4! H\u00e4n on loistava puhuja ja esiintyj\u00e4. H\u00e4n sai asullaan vangittua yleis\u00f6n huomion ja kuvailutulkinkin hetkeksi h\u00e4mmentym\u00e4\u00e4n. Taiteilijan jaloissa oli kiinni h\u00e4nen parasiittijaloiksi nime\u00e4m\u00e4ns\u00e4 koristeelliset proteesit &#8221;joiden ainoa toiminnallinen funktio on mahdollistaa korkokenkien k\u00e4ytt\u00f6\u201d. Wallinheimo-Heimosen esitys Disability and technology tarjoaa mm. n\u00e4k\u00f6kulmia siihen, mit\u00e4 kaikkea tekniset apuv\u00e4lineet voisivat k\u00e4ytt\u00e4jilleen tarjota. Se l\u00f6ytyy muuten <a href=\"http:\/\/bambuser.com\/v\/6516077\" target=\"_blank\">t\u00e4\u00e4lt\u00e4<\/a> kohdasta 57.30.<\/p>\n<p><a href=\"http:\/\/www.tarusola.fi\/kielikuvakohtaamisia\/wp-content\/uploads\/2016\/11\/Pia-M\u00e4nnikk\u00f6-Some-People-Knit.jpg\"><img loading=\"lazy\" decoding=\"async\" width=\"750\" height=\"500\" class=\"aligncenter size-large wp-image-356\" alt=\"pia-mannikko-some-people-knit\" src=\"http:\/\/www.tarusola.fi\/kielikuvakohtaamisia\/wp-content\/uploads\/2016\/11\/Pia-M\u00e4nnikk\u00f6-Some-People-Knit-1024x683.jpg\" srcset=\"https:\/\/www.tarusola.fi\/kielikuvakohtaamisia\/wp-content\/uploads\/2016\/11\/Pia-M\u00e4nnikk\u00f6-Some-People-Knit-1024x683.jpg 1024w, https:\/\/www.tarusola.fi\/kielikuvakohtaamisia\/wp-content\/uploads\/2016\/11\/Pia-M\u00e4nnikk\u00f6-Some-People-Knit-300x200.jpg 300w, https:\/\/www.tarusola.fi\/kielikuvakohtaamisia\/wp-content\/uploads\/2016\/11\/Pia-M\u00e4nnikk\u00f6-Some-People-Knit-768x512.jpg 768w, https:\/\/www.tarusola.fi\/kielikuvakohtaamisia\/wp-content\/uploads\/2016\/11\/Pia-M\u00e4nnikk\u00f6-Some-People-Knit.jpg 1181w\" sizes=\"auto, (max-width: 750px) 100vw, 750px\" \/><\/a><\/p>\n<p>\u2013 Viimeisen\u00e4 foorumip\u00e4iv\u00e4n\u00e4 olikin sitten <a href=\"http:\/\/www.artkaarisilta.fi\/\" target=\"_blank\">Galleria Art Kaarisillassa<\/a> j\u00e4rjestetyn Koskettavin veistos -n\u00e4yttelyn vuoro. Riitta Lahtinen <a href=\"http:\/\/www.kuurosokeat.fi\/\" target=\"_blank\">Suomen Kuurosokeat ry:st\u00e4<\/a>  opasti meit\u00e4 asiantuntevasti n\u00e4yttelyss\u00e4. Oli intensiivinen kokemus p\u00e4\u00e4st\u00e4 tunnustelemaan eri materiaaleista olevia veistoksia silm\u00e4laput silmill\u00e4. Tunnustellen n\u00e4yttelyn teokset tuli koettua ihan eri tavalla kuin vain katsellen &#8211; paljon voimakkaammin.<\/p>\n<p>\u2013 Monet veistoksissa k\u00e4ytetyist\u00e4 materiaaleista tuntuivat k\u00e4siss\u00e4 heti tutuilta. N\u00e4yttelyn koskettavimmaksi veistokseksi valittu Pia M\u00e4nnik\u00f6n teos Some people knit oli kyll\u00e4 j\u00e4nnitt\u00e4v\u00e4, sill\u00e4 sen materiaali tuntui vieraalta ja tutulta samaan aikaan. Materiaali paljastuikin lopulta maalarinteipiksi. Kokoonsa n\u00e4hden kevyt teos sai monia tulkintoja ja yll\u00e4tti.<\/p>\n<p>\u2013 Tosi hienoa, ett\u00e4 Riitta Lahtinen tulee vieraaksemme blogiimme ensi vuoden puolella kertomaan lis\u00e4\u00e4 esimerkiksi <a href=\"http:\/\/www.sydan.fi\/terveys-ja-hyvinvointi\/riitta-lahtinen-kehittanyt-kosketusviestien-kieliopin\" target=\"_blank\">kosketusviesteist\u00e4<\/a>.<\/p>\n<p><a href=\"http:\/\/www.tarusola.fi\/kielikuvakohtaamisia\/wp-content\/uploads\/2016\/11\/Saana-Murtti-Beyond-presence.jpg\"><img loading=\"lazy\" decoding=\"async\" width=\"750\" height=\"500\" class=\"aligncenter size-large wp-image-358\" alt=\"saana-murtti-beyond-presence\" src=\"http:\/\/www.tarusola.fi\/kielikuvakohtaamisia\/wp-content\/uploads\/2016\/11\/Saana-Murtti-Beyond-presence-1024x683.jpg\" srcset=\"https:\/\/www.tarusola.fi\/kielikuvakohtaamisia\/wp-content\/uploads\/2016\/11\/Saana-Murtti-Beyond-presence-1024x683.jpg 1024w, https:\/\/www.tarusola.fi\/kielikuvakohtaamisia\/wp-content\/uploads\/2016\/11\/Saana-Murtti-Beyond-presence-300x200.jpg 300w, https:\/\/www.tarusola.fi\/kielikuvakohtaamisia\/wp-content\/uploads\/2016\/11\/Saana-Murtti-Beyond-presence-768x512.jpg 768w, https:\/\/www.tarusola.fi\/kielikuvakohtaamisia\/wp-content\/uploads\/2016\/11\/Saana-Murtti-Beyond-presence.jpg 1181w\" sizes=\"auto, (max-width: 750px) 100vw, 750px\" \/><\/a><\/p>\n<p>\u00a9 <a href=\"http:\/\/www.tarusola.fi\" target=\"_blank\">Tarusola<\/a><\/p>\n","protected":false},"excerpt":{"rendered":"<p>Kahden yst\u00e4v\u00e4n kohtaaminen marraskuun alun p\u00e4ivin\u00e4 \u2013 Takana on kolme todella opettavaista p\u00e4iv\u00e4\u00e4 Kulttuurin yhdenvertaisuus -foorumilla! \u2013 Kyll\u00e4, tuli paljon itselle uutta asiaa saavutettavuudesta. Teemanahan olivat uudet luovat teknologiat taide- ja kulttuurikent\u00e4ll\u00e4 sek\u00e4 niiden mahdollisuudet edist\u00e4\u00e4 saavutettavuutta ja yhdenvertaisuutta. \u2013 Ensimm\u00e4inen p\u00e4iv\u00e4 oli ty\u00f6pajojen p\u00e4iv\u00e4. Miss\u00e4 pajassa s\u00e4 olitkaan, Sini? \u2013 Musiikin erityispalvelukeskuksessa Resonaarissa Kulosaaressa. [&hellip;]<\/p>\n","protected":false},"author":1,"featured_media":0,"comment_status":"closed","ping_status":"closed","sticky":false,"template":"","format":"standard","meta":{"sfsi_plus_gutenberg_text_before_share":"","sfsi_plus_gutenberg_show_text_before_share":"","sfsi_plus_gutenberg_icon_type":"","sfsi_plus_gutenberg_icon_alignemt":"","sfsi_plus_gutenburg_max_per_row":"","footnotes":""},"categories":[71],"tags":[81,84,82,83],"class_list":["post-344","post","type-post","status-publish","format-standard","hentry","category-seminaari","tag-kulttuuria-kaikille","tag-kuvailutulkkaus","tag-saavutettavuus","tag-yhdenvertaisuus"],"_links":{"self":[{"href":"https:\/\/www.tarusola.fi\/kielikuvakohtaamisia\/wp-json\/wp\/v2\/posts\/344","targetHints":{"allow":["GET"]}}],"collection":[{"href":"https:\/\/www.tarusola.fi\/kielikuvakohtaamisia\/wp-json\/wp\/v2\/posts"}],"about":[{"href":"https:\/\/www.tarusola.fi\/kielikuvakohtaamisia\/wp-json\/wp\/v2\/types\/post"}],"author":[{"embeddable":true,"href":"https:\/\/www.tarusola.fi\/kielikuvakohtaamisia\/wp-json\/wp\/v2\/users\/1"}],"replies":[{"embeddable":true,"href":"https:\/\/www.tarusola.fi\/kielikuvakohtaamisia\/wp-json\/wp\/v2\/comments?post=344"}],"version-history":[{"count":20,"href":"https:\/\/www.tarusola.fi\/kielikuvakohtaamisia\/wp-json\/wp\/v2\/posts\/344\/revisions"}],"predecessor-version":[{"id":1437,"href":"https:\/\/www.tarusola.fi\/kielikuvakohtaamisia\/wp-json\/wp\/v2\/posts\/344\/revisions\/1437"}],"wp:attachment":[{"href":"https:\/\/www.tarusola.fi\/kielikuvakohtaamisia\/wp-json\/wp\/v2\/media?parent=344"}],"wp:term":[{"taxonomy":"category","embeddable":true,"href":"https:\/\/www.tarusola.fi\/kielikuvakohtaamisia\/wp-json\/wp\/v2\/categories?post=344"},{"taxonomy":"post_tag","embeddable":true,"href":"https:\/\/www.tarusola.fi\/kielikuvakohtaamisia\/wp-json\/wp\/v2\/tags?post=344"}],"curies":[{"name":"wp","href":"https:\/\/api.w.org\/{rel}","templated":true}]}}