{"id":3098,"date":"2023-10-31T21:21:05","date_gmt":"2023-10-31T19:21:05","guid":{"rendered":"https:\/\/www.tarusola.fi\/kielikuvakohtaamisia\/?p=3098"},"modified":"2023-11-01T12:30:13","modified_gmt":"2023-11-01T10:30:13","slug":"kirjamessuilla-2023","status":"publish","type":"post","link":"https:\/\/www.tarusola.fi\/kielikuvakohtaamisia\/messut\/kirjamessuilla-2023\/","title":{"rendered":"Kirjamessuilla 2023"},"content":{"rendered":"\n<figure class=\"wp-block-image size-large\"><a href=\"https:\/\/www.tarusola.fi\/kielikuvakohtaamisia\/wp-content\/uploads\/2023\/10\/Kirjamessut23.png\"><img loading=\"lazy\" decoding=\"async\" width=\"1024\" height=\"1024\" src=\"https:\/\/www.tarusola.fi\/kielikuvakohtaamisia\/wp-content\/uploads\/2023\/10\/Kirjamessut23-1024x1024.png\" alt=\"\" class=\"wp-image-3109\" srcset=\"https:\/\/www.tarusola.fi\/kielikuvakohtaamisia\/wp-content\/uploads\/2023\/10\/Kirjamessut23-1024x1024.png 1024w, https:\/\/www.tarusola.fi\/kielikuvakohtaamisia\/wp-content\/uploads\/2023\/10\/Kirjamessut23-300x300.png 300w, https:\/\/www.tarusola.fi\/kielikuvakohtaamisia\/wp-content\/uploads\/2023\/10\/Kirjamessut23-150x150.png 150w, https:\/\/www.tarusola.fi\/kielikuvakohtaamisia\/wp-content\/uploads\/2023\/10\/Kirjamessut23-768x767.png 768w, https:\/\/www.tarusola.fi\/kielikuvakohtaamisia\/wp-content\/uploads\/2023\/10\/Kirjamessut23-144x144.png 144w, https:\/\/www.tarusola.fi\/kielikuvakohtaamisia\/wp-content\/uploads\/2023\/10\/Kirjamessut23.png 1299w\" sizes=\"auto, (max-width: 1024px) 100vw, 1024px\" \/><\/a><\/figure>\n\n\n\n<p><strong>Kahden yst\u00e4v\u00e4n kohtaaminen er\u00e4\u00e4n\u00e4 lokakuun lopun p\u00e4iv\u00e4n\u00e4<\/strong><\/p>\n\n\n\n<p>\u2013 Moikka, Sini! Miten sun lokakuu on sujunut? [Satu]<\/p>\n\n\n\n<p>\u2013 Mukavan ty\u00f6nt\u00e4yteisesti, ent\u00e4 sulla? [Sini]<\/p>\n\n\n\n<p>\u2013 Mullakin on ollut varsin kiireist\u00e4 \u2013 hyv\u00e4ll\u00e4 tavalla. Olen ollut muun muassa S2-opetuksen <a href=\"https:\/\/www.oph.fi\/fi\/tapahtumat\/2023\/suomi-toisena-kielena-opetuksen-kehittamispaivat-xvi-kansallinen-seminaari\">kehitt\u00e4misp\u00e4ivill\u00e4<\/a>, ja nyt juuri olin <a href=\"https:\/\/kirjamessut.messukeskus.com\/\" data-type=\"link\" data-id=\"https:\/\/kirjamessut.messukeskus.com\/\">Helsingin Kirjamessuilla<\/a>. Kummastakin tapahtumasta olen kirjoittamassa jutun <a href=\"https:\/\/www.suomenopettajat.fi\/suomenopettajat-lehti\/\">Suomenopettajat-lehden<\/a> helmikuun numeroon. [Satu] [linkit]<\/p>\n\n\n\n<p>\u2013 Aivan, kirjamessut olikin juuri. Itse en ehtinyt Messukeskukseen. Millainen sun messukokemus oli t\u00e4n\u00e4 vuonna? [Sini]<\/p>\n\n\n\n<p>\u2013 Messuhulina tuntui samalla vanhalta tutulta mutta toisaalta eksoottiseltakin. Vaikka koronavuodet h\u00e4ilyv\u00e4t jo kaukaisuudessa, suurien ihmismassojen keskell\u00e4 huomaa niiden kuitenkin kummittelevan viel\u00e4 v\u00e4h\u00e4n jossain takaraivon sopukassa.\u00a0Ja t\u00e4n\u00e4 vuonna messuilla tosiaankin oli niit\u00e4 massoja; k\u00e4vij\u00f6it\u00e4 oli kaikkiaan yli 88 000! [Satu]<\/p>\n\n\n\n<figure class=\"wp-block-image size-large\"><a href=\"https:\/\/www.tarusola.fi\/kielikuvakohtaamisia\/wp-content\/uploads\/2023\/10\/Messuhulinaa.jpg\"><img loading=\"lazy\" decoding=\"async\" width=\"1024\" height=\"683\" src=\"https:\/\/www.tarusola.fi\/kielikuvakohtaamisia\/wp-content\/uploads\/2023\/10\/Messuhulinaa-1024x683.jpg\" alt=\"\" class=\"wp-image-3108\" srcset=\"https:\/\/www.tarusola.fi\/kielikuvakohtaamisia\/wp-content\/uploads\/2023\/10\/Messuhulinaa-1024x683.jpg 1024w, https:\/\/www.tarusola.fi\/kielikuvakohtaamisia\/wp-content\/uploads\/2023\/10\/Messuhulinaa-300x200.jpg 300w, https:\/\/www.tarusola.fi\/kielikuvakohtaamisia\/wp-content\/uploads\/2023\/10\/Messuhulinaa-768x512.jpg 768w, https:\/\/www.tarusola.fi\/kielikuvakohtaamisia\/wp-content\/uploads\/2023\/10\/Messuhulinaa.jpg 1181w\" sizes=\"auto, (max-width: 1024px) 100vw, 1024px\" \/><\/a><\/figure>\n\n\n\n<p>\u2013 Totta, v\u00e4lill\u00e4 se muistuu mieleen juuri ihmistungoksessa. [Sini]<\/p>\n\n\n\n<p>\u2013 Ohjelma oli taas monipuolinen. Tarjolla oli yli 900 keskustelua ja kirjailijahaastatteluja yli tuhannen esiintyj\u00e4n voimin sek\u00e4 Suomesta ett\u00e4 maailmalta. Olin kiinnostunut erityisesti kieleen, kouluun ja opetukseen liittyvist\u00e4 aiheista mutta l\u00f6ysin my\u00f6s monia, monia muita.\u00a0 [Satu]<\/p>\n\n\n\n<p>\u2013 Siell\u00e4 tuli varmasti my\u00f6s tavattua tuttuja ja solmittua uusia tuttavuuksia. Olitko paikalla kaikkina messup\u00e4ivin\u00e4? [Sini]<\/p>\n\n\n\n<p>\u2013 Joo, joka p\u00e4iv\u00e4 l\u00e4hes aamusta iltaan. Messukohtaamiset olivat todella antoisia ja mukavia. Voitaisiin sitten, kun lehtijuttuni on valmis, palata viel\u00e4 tarkemmin ohjelmaan, mutta ehk\u00e4 haluat kuulla muutamia nostoja omasta ohjelmastani?&nbsp; [Satu]<\/p>\n\n\n\n<p>\u2013 Ehdottomasti! [Sini]<\/p>\n\n\n\n<p>\u2013 Jo heti ensimm\u00e4isen\u00e4 messup\u00e4iv\u00e4n\u00e4 kuultiin monta t\u00e4rke\u00e4\u00e4 puheenvuoroa, joista erityisesti n\u00e4m\u00e4 kaksi k\u00e4sitteliv\u00e4t hyvin sit\u00e4, millaisia vaikeuksia voi joutua kokemaan yritt\u00e4ess\u00e4\u00e4n kuulua joukkoon omana itsen\u00e4\u00e4n ja kuinka elementaarisen t\u00e4rke\u00e4\u00e4 on, ett\u00e4 jokainen todellakin saisi olla oma itsens\u00e4: <strong>Elina V\u00e4lim\u00e4ki<\/strong> kertoi kirjastaan<em> Kiusatut. Kertomuksia koulusta <\/em>(Into, 2023). Se on haastatteluista koostuva teos, jossa kiusatut valaisevat omia kokemuksiaan ja sit\u00e4, millaiset j\u00e4ljet kiusaaminen on j\u00e4tt\u00e4nyt. Toinen kiinnostava oli <strong>Jani Toivolan<\/strong> ja <strong>Sara Salmanin <\/strong>k\u00e4ym\u00e4 keskustelu joulukuussa ilmestyv\u00e4st\u00e4 kirjasta <em>Ainoa huoneessa <\/em>(Storytel). Se kertoo Sara Salmanin kasvusta iranilaisen ja suomalaisen kulttuuriin keskell\u00e4 sek\u00e4 haasteista kasvun tiell\u00e4.&nbsp; [Satu]<\/p>\n\n\n\n<figure class=\"wp-block-image size-large\"><a href=\"https:\/\/www.tarusola.fi\/kielikuvakohtaamisia\/wp-content\/uploads\/2023\/10\/AinoaHuoneessa.jpg\"><img loading=\"lazy\" decoding=\"async\" width=\"1024\" height=\"683\" src=\"https:\/\/www.tarusola.fi\/kielikuvakohtaamisia\/wp-content\/uploads\/2023\/10\/AinoaHuoneessa-1024x683.jpg\" alt=\"\" class=\"wp-image-3111\" srcset=\"https:\/\/www.tarusola.fi\/kielikuvakohtaamisia\/wp-content\/uploads\/2023\/10\/AinoaHuoneessa-1024x683.jpg 1024w, https:\/\/www.tarusola.fi\/kielikuvakohtaamisia\/wp-content\/uploads\/2023\/10\/AinoaHuoneessa-300x200.jpg 300w, https:\/\/www.tarusola.fi\/kielikuvakohtaamisia\/wp-content\/uploads\/2023\/10\/AinoaHuoneessa-768x512.jpg 768w, https:\/\/www.tarusola.fi\/kielikuvakohtaamisia\/wp-content\/uploads\/2023\/10\/AinoaHuoneessa.jpg 1181w\" sizes=\"auto, (max-width: 1024px) 100vw, 1024px\" \/><\/a><\/figure>\n\n\n\n<p>\u2013 T\u00e4rkeit\u00e4 aiheita tosiaan! Hyvi\u00e4 lukuvinkkej\u00e4! [Sini]<\/p>\n\n\n\n<p>\u2013 T\u00e4m\u00e4nvuotisten Helsingin Kirjamessujen teema oli valta, ja sen ymp\u00e4rille kietoutui monta kiinnostavaa keskustelua. Yhdess\u00e4 n\u00e4ist\u00e4 kysyttiin, keiden \u00e4\u00e4net kuuluvat suomalaisessa kirjallisuudessa. Vastauksia kysymykseen etsiv\u00e4t messujen ohjelmajohtaja <strong>Ville Bl\u00e5fieldin<\/strong> haastattelemina <strong>Laura Lindstedt, Maimouna Matikainen-Soreau, T\u00e9ri Zambrano<\/strong> ja <strong>Pajtim Statovci. <\/strong>My\u00f6s heid\u00e4n esiin nostamiaan t\u00e4rkeit\u00e4 n\u00e4k\u00f6kulmia k\u00e4sittelen tarkemmin my\u00f6hemmin lehtijutussani. [Satu]<\/p>\n\n\n\n<p>\u2013 Teemana valta on tosiaan kiinnostava ja aina ajankohtainen. [Sini]<\/p>\n\n\n\n<figure class=\"wp-block-image size-large\"><a href=\"https:\/\/www.tarusola.fi\/kielikuvakohtaamisia\/wp-content\/uploads\/2023\/10\/Valta.jpg\"><img loading=\"lazy\" decoding=\"async\" width=\"1024\" height=\"683\" src=\"https:\/\/www.tarusola.fi\/kielikuvakohtaamisia\/wp-content\/uploads\/2023\/10\/Valta-1024x683.jpg\" alt=\"\" class=\"wp-image-3112\" srcset=\"https:\/\/www.tarusola.fi\/kielikuvakohtaamisia\/wp-content\/uploads\/2023\/10\/Valta-1024x683.jpg 1024w, https:\/\/www.tarusola.fi\/kielikuvakohtaamisia\/wp-content\/uploads\/2023\/10\/Valta-300x200.jpg 300w, https:\/\/www.tarusola.fi\/kielikuvakohtaamisia\/wp-content\/uploads\/2023\/10\/Valta-768x512.jpg 768w, https:\/\/www.tarusola.fi\/kielikuvakohtaamisia\/wp-content\/uploads\/2023\/10\/Valta.jpg 1181w\" sizes=\"auto, (max-width: 1024px) 100vw, 1024px\" \/><\/a><\/figure>\n\n\n\n<p>\u2013 On hienoa, ett\u00e4 \u00e4\u00e4nens\u00e4 kuuluviin on saanut my\u00f6s <strong>Lola Lorenzo, <\/strong>jonka el\u00e4m\u00e4st\u00e4 <strong>Baba Lybeck<\/strong> on kirjoittanut <em>Lola<\/em>-nimisen kirjan (Into, 2023). Heit\u00e4 haastatteli <strong>Kelet Ali<\/strong>, ja haastattelun ja kirjan selailun perusteella lukulistani sai taas yhden uuden vahvan j\u00e4senen lis\u00e4\u00e4.&nbsp; [Satu]<\/p>\n\n\n\n<figure class=\"wp-block-image size-large\"><a href=\"https:\/\/www.tarusola.fi\/kielikuvakohtaamisia\/wp-content\/uploads\/2023\/10\/Lola.jpg\"><img loading=\"lazy\" decoding=\"async\" width=\"1024\" height=\"683\" src=\"https:\/\/www.tarusola.fi\/kielikuvakohtaamisia\/wp-content\/uploads\/2023\/10\/Lola-1024x683.jpg\" alt=\"\" class=\"wp-image-3114\" srcset=\"https:\/\/www.tarusola.fi\/kielikuvakohtaamisia\/wp-content\/uploads\/2023\/10\/Lola-1024x683.jpg 1024w, https:\/\/www.tarusola.fi\/kielikuvakohtaamisia\/wp-content\/uploads\/2023\/10\/Lola-300x200.jpg 300w, https:\/\/www.tarusola.fi\/kielikuvakohtaamisia\/wp-content\/uploads\/2023\/10\/Lola-768x512.jpg 768w, https:\/\/www.tarusola.fi\/kielikuvakohtaamisia\/wp-content\/uploads\/2023\/10\/Lola.jpg 1181w\" sizes=\"auto, (max-width: 1024px) 100vw, 1024px\" \/><\/a><\/figure>\n\n\n\n<p>\u2013 Lola Lorenzo onkin kiinnostava henkil\u00f6. Hienoa, ett\u00e4 h\u00e4nenkin tarinaansa p\u00e4\u00e4see nyt tutustumaan my\u00f6s kirjan muodossa. [Sini]<\/p>\n\n\n\n<p>\u2013 Vahvuuteen ja valtaan kytkeytyi my\u00f6s <strong>Sofi Oksasen <\/strong>haastattelu, jossa h\u00e4n kertoi uudesta kirjastaan <em>Samaan virtaan \u2013 Putinin sota naisia vastaan <\/em>(Like, 2023). Ei voi muuta kuin ihailla Sofi Oksasen rohkeutta tarttua yhteiskunnallisesti merkitt\u00e4viin aiheisiin, vaikka h\u00e4n saa osakseen my\u00f6s trollausta ja vihapuhetta. T\u00e4m\u00e4kin teos saa multa vahvan lukusuosituksen. [Satu]<\/p>\n\n\n\n<p>\u2013 Sofi Oksanen on yksi mun suosikkikirjailijoista, ja t\u00e4m\u00e4 kirja on my\u00f6s mun lukujonossa. [Sini]<\/p>\n\n\n\n<figure class=\"wp-block-image size-large\"><a href=\"https:\/\/www.tarusola.fi\/kielikuvakohtaamisia\/wp-content\/uploads\/2023\/10\/SofiOksanen.jpg\"><img loading=\"lazy\" decoding=\"async\" width=\"693\" height=\"1024\" src=\"https:\/\/www.tarusola.fi\/kielikuvakohtaamisia\/wp-content\/uploads\/2023\/10\/SofiOksanen-693x1024.jpg\" alt=\"\" class=\"wp-image-3115\" srcset=\"https:\/\/www.tarusola.fi\/kielikuvakohtaamisia\/wp-content\/uploads\/2023\/10\/SofiOksanen-693x1024.jpg 693w, https:\/\/www.tarusola.fi\/kielikuvakohtaamisia\/wp-content\/uploads\/2023\/10\/SofiOksanen-203x300.jpg 203w, https:\/\/www.tarusola.fi\/kielikuvakohtaamisia\/wp-content\/uploads\/2023\/10\/SofiOksanen-768x1135.jpg 768w, https:\/\/www.tarusola.fi\/kielikuvakohtaamisia\/wp-content\/uploads\/2023\/10\/SofiOksanen.jpg 799w\" sizes=\"auto, (max-width: 693px) 100vw, 693px\" \/><\/a><\/figure>\n\n\n\n<p>\u2013 Rohkeutta oli ilmassa paljon my\u00f6s silloin, kun lasten alueella Kumpula-lavalla vanhemmille suunnatussa ohjelmassa puhuivat kirjailija <strong>Maria Turtschaninoff, <\/strong>suomentaja <strong>Eero Balk <\/strong>ja<strong> Eveliina Viitanen <\/strong>Pelastakaa lapset -j\u00e4rjest\u00f6st\u00e4 kustannustoimittaja<strong> Saara Tiuraniemen<\/strong> haastattelemina. He keskustelivat sota-ajan lastenkirjallisuudesta Ukrainassa ja siit\u00e4, millaisia tarinoita sodan keskell\u00e4 el\u00e4v\u00e4t lapset tarvitsevat sek\u00e4 miten sodasta voi kertoa lapsille. Eero Balk, joka on tehnyt el\u00e4m\u00e4nty\u00f6ns\u00e4 erityisesti ukrainalaisen kirjallisuuden suomentajana, tuntee omakohtaisesti lukuisia riipaisevia kohtaloita ja kertoi koskettavasti lapsista sodan jaloissa. L\u00e4hes spontaanisti kollegaansa korvaamaan tullut Saara Tiuraniemi kertoi my\u00f6s liikuttavista ja j\u00e4nnitt\u00e4vist\u00e4 hetkist\u00e4, joita <strong>Larysa Denysenkon <\/strong>kirjojen <em>Maja ja yst\u00e4v\u00e4t <\/em>(Tammi, 2022)\u00a0sek\u00e4 <em>Ilmah\u00e4lytysten lapset <\/em>(Tammi, 2023) liittyi. Kumpikin kirjoista on Eero Balkin suomentama. <em>Maja ja yst\u00e4v\u00e4t<\/em> -kirjasta, jonka kuvituksen on tehnyt <strong>Marija Foja,<\/strong> meill\u00e4 olikin puhetta silloin, kun tehtiin ukrainalaista kulttuuria k\u00e4sittelev\u00e4 <a href=\"https:\/\/www.tarusola.fi\/kielikuvakohtaamisia\/katsaus\/ukrainalaista-kulttuuria-kartoittamassa\/\" data-type=\"link\" data-id=\"https:\/\/www.tarusola.fi\/kielikuvakohtaamisia\/katsaus\/ukrainalaista-kulttuuria-kartoittamassa\/\">postaus<\/a>. <em>Ilmah\u00e4lytysten lapset <\/em>-kirjasta, jonka on kuvittanut<strong> Olena London<\/strong>, kirjoitin juuri Suomenopettajat-lehden lokakuun numerossa Liikuttava lukumuisto -osioon. Kirjastossa se on saanut kanteensa Vaikeat asiat -tarran\u00a0 \u2013 ja ihan syyst\u00e4. Rankkuudestaan huolimatta se on eritt\u00e4in t\u00e4rke\u00e4\u00e4 luettavaa. [Satu]<\/p>\n\n\n\n<figure class=\"wp-block-image size-large\"><a href=\"https:\/\/www.tarusola.fi\/kielikuvakohtaamisia\/wp-content\/uploads\/2023\/10\/Ukrainan-kirjallisuus.jpg\"><img loading=\"lazy\" decoding=\"async\" width=\"1024\" height=\"683\" src=\"https:\/\/www.tarusola.fi\/kielikuvakohtaamisia\/wp-content\/uploads\/2023\/10\/Ukrainan-kirjallisuus-1024x683.jpg\" alt=\"\" class=\"wp-image-3116\" srcset=\"https:\/\/www.tarusola.fi\/kielikuvakohtaamisia\/wp-content\/uploads\/2023\/10\/Ukrainan-kirjallisuus-1024x683.jpg 1024w, https:\/\/www.tarusola.fi\/kielikuvakohtaamisia\/wp-content\/uploads\/2023\/10\/Ukrainan-kirjallisuus-300x200.jpg 300w, https:\/\/www.tarusola.fi\/kielikuvakohtaamisia\/wp-content\/uploads\/2023\/10\/Ukrainan-kirjallisuus-768x512.jpg 768w, https:\/\/www.tarusola.fi\/kielikuvakohtaamisia\/wp-content\/uploads\/2023\/10\/Ukrainan-kirjallisuus.jpg 1181w\" sizes=\"auto, (max-width: 1024px) 100vw, 1024px\" \/><\/a><\/figure>\n\n\n\n<p>\u2013 Kuulostaa, ett\u00e4 sun kirjamessukokemus sis\u00e4lsi paljon painavaa ja raskasta asiaa. [Sini]<\/p>\n\n\n\n<p>\u2013 Monien rankkojen aiheiden keskell\u00e4 oli hienoa saada my\u00f6s virkistyst\u00e4. Sit\u00e4 parhaimmillaan tarjoili <strong>Petri Tamminen <\/strong>kertoessaan uudesta kirjastaan <em>Urheilijael\u00e4m\u00e4kerta <\/em>(Otava, 2023). Teos on tyylilt\u00e4\u00e4n taattua Petri Tammista: pelkistetty\u00e4 ja iskev\u00e4\u00e4. Humoristista mutta samalla syv\u00e4llist\u00e4. T\u00e4ss\u00e4 yhteydess\u00e4 on mainittava my\u00f6s toinen Petri Tammiselta t\u00e4n\u00e4 vuonna ilmestynyt kirja, joka on pienest\u00e4 koostaan huolimatta t\u00e4ynn\u00e4 painavaa asiaa: <em>Ajatusten vahtimestari<\/em> (Otava, 2023). Sen on kuvittanut <strong>Ninka Reittu<\/strong>, ja sen pit\u00e4isi l\u00f6yty\u00e4 jokaisen murehtijan taskusta. Kirja nimitt\u00e4in auttaa omalla hienovaraisella tavallaan suuntaamaan omaa ajatteluaan liiasta murehtimisesta kohti itselleen armollisempaa ajattelutapaa.\u00a0[Satu]<\/p>\n\n\n\n<figure class=\"wp-block-image size-large\"><a href=\"https:\/\/www.tarusola.fi\/kielikuvakohtaamisia\/wp-content\/uploads\/2023\/10\/HaastatteluTamminen.jpg\"><img loading=\"lazy\" decoding=\"async\" width=\"1024\" height=\"683\" src=\"https:\/\/www.tarusola.fi\/kielikuvakohtaamisia\/wp-content\/uploads\/2023\/10\/HaastatteluTamminen-1024x683.jpg\" alt=\"\" class=\"wp-image-3117\" srcset=\"https:\/\/www.tarusola.fi\/kielikuvakohtaamisia\/wp-content\/uploads\/2023\/10\/HaastatteluTamminen-1024x683.jpg 1024w, https:\/\/www.tarusola.fi\/kielikuvakohtaamisia\/wp-content\/uploads\/2023\/10\/HaastatteluTamminen-300x200.jpg 300w, https:\/\/www.tarusola.fi\/kielikuvakohtaamisia\/wp-content\/uploads\/2023\/10\/HaastatteluTamminen-768x512.jpg 768w, https:\/\/www.tarusola.fi\/kielikuvakohtaamisia\/wp-content\/uploads\/2023\/10\/HaastatteluTamminen.jpg 1181w\" sizes=\"auto, (max-width: 1024px) 100vw, 1024px\" \/><\/a><\/figure>\n\n\n\n<p>\u2013 L\u00f6yd\u00e4n kyll\u00e4 itsest\u00e4ni sen verran murehtijaa, ett\u00e4 t\u00e4m\u00e4kin on hyv\u00e4 lukuvinkki. Mulla on parhaillaan kuuntelussa Petri Tammisen <em>Enon opetukset <\/em>(Otava, 2006), josta pid\u00e4n kovasti. [Sini]<\/p>\n\n\n\n<p>\u2013 Sekin on hieno kirja! Ai niin, me puhuttiin <a href=\"https:\/\/www.tarusola.fi\/kielikuvakohtaamisia\/kirja\/kesaisissa-kirjavinkeissa\/\">aiemmin<\/a> lyhyesti Syyriaan liittyv\u00e4st\u00e4 suomenkielisest\u00e4 kirjallisuudesta, josta tuli puhetta\u00a0 messuillakin muutamien kanssa kirjoittamani lehtijutun tiimoilta. Itse messuohjelmassa Syyriaa ei n\u00e4kynyt, kuten ei monia muitakaan kriisialueita. Tuo mainitsemani juttu on nyt tosiaan ilmestynyt ja voisin vinkata muutaman kirjan, jos haluat? Kaikki niist\u00e4 ei ole uusinta uutta mutta kiinnostavia joka tapauksessa. Kirjallisuutta kriisialueilta -sarja on muutenkin ollut tavallaan my\u00f6s sellainen pieni teko kirjan kaaren lyhyk\u00e4isyytt\u00e4 vastaan, koska monet k\u00e4sittelemist\u00e4ni kirjoista on julkaistu vuosia sitten.\u00a0[Satu] <\/p>\n\n\n\n<p>\u2013 Joo, ehdottomasti! [Sini]<\/p>\n\n\n\n<figure class=\"wp-block-image size-large\"><a href=\"https:\/\/www.tarusola.fi\/kielikuvakohtaamisia\/wp-content\/uploads\/2023\/10\/Syyrian-kirjallisuutta-scaled.jpg\"><img loading=\"lazy\" decoding=\"async\" width=\"1024\" height=\"795\" src=\"https:\/\/www.tarusola.fi\/kielikuvakohtaamisia\/wp-content\/uploads\/2023\/10\/Syyrian-kirjallisuutta-1024x795.jpg\" alt=\"\" class=\"wp-image-3120\" srcset=\"https:\/\/www.tarusola.fi\/kielikuvakohtaamisia\/wp-content\/uploads\/2023\/10\/Syyrian-kirjallisuutta-1024x795.jpg 1024w, https:\/\/www.tarusola.fi\/kielikuvakohtaamisia\/wp-content\/uploads\/2023\/10\/Syyrian-kirjallisuutta-300x233.jpg 300w, https:\/\/www.tarusola.fi\/kielikuvakohtaamisia\/wp-content\/uploads\/2023\/10\/Syyrian-kirjallisuutta-768x596.jpg 768w, https:\/\/www.tarusola.fi\/kielikuvakohtaamisia\/wp-content\/uploads\/2023\/10\/Syyrian-kirjallisuutta-1536x1192.jpg 1536w, https:\/\/www.tarusola.fi\/kielikuvakohtaamisia\/wp-content\/uploads\/2023\/10\/Syyrian-kirjallisuutta-2048x1589.jpg 2048w\" sizes=\"auto, (max-width: 1024px) 100vw, 1024px\" \/><\/a><\/figure>\n\n\n\n<p>\u2013&nbsp; T\u00e4m\u00e4 ensimm\u00e4inen on kuitenkin tuore tapaus ja l\u00f6ytyi my\u00f6s messuilta. Kirjoitin siit\u00e4 n\u00e4in: \u201dUusin<strong> <\/strong>Syyriaan<strong> <\/strong>liittyv\u00e4 suomenkielinen teos on<strong> <\/strong>t\u00e4m\u00e4n vuoden elokuussa ilmestynyt syyrialaistaustaisen<strong> Zoulfa Katouhin<\/strong> <em>Sitruunapuiden aika <\/em>(suom. Helene B\u00fctzow, Tammi, 2023). Se on nuortenkirja, mutta aikuinenkin lukija tempautuu l\u00e4hes luontevasti Salama Kassab -nimisen 18-vuotiaan p\u00e4\u00e4henkil\u00f6n dramaattisiin vaiheisiin, vaikka esimerkiksi vuoden farmakologiaa opiskelleen tyt\u00f6n suorittamat kirurgiset operaatiot koettelevatkin lukijan el\u00e4ytymiskyvyn rajoja. Kenan-nimiseen poikaan tutustuminen laajentaa tuntemusten skaalaa.<\/p>\n\n\n\n<p>Salaman on valittava, j\u00e4\u00e4k\u00f6 h\u00e4n Syyriaan hoitamaan avuntarvitsijoita yhdess\u00e4 harvoista j\u00e4ljell\u00e4 olevista sairaaloista vai lunastaako pid\u00e4tyksen yhteydess\u00e4 kadonneelle Hamza-veljelleen tekem\u00e4n lupauksensa vied\u00e4 t\u00e4m\u00e4n raskaana oleva Layla-vaimo turvaan Saksaan. P\u00e4\u00e4t\u00f6s on n\u00e4kyjen varjostama, eik\u00e4 matkallakaan ole helppoa, mutta aviomieheksi tullut Kenan vierell\u00e4\u00e4n Salama saa turvaa maailmalta. \u2019Mullasta on noussut versoja, ne taistelevat maan vetovoimaa vastaan, ja se muistuttaa minua Syyriasta. Sen voimasta ja kauneudesta. Laylan sanoista ja h\u00e4nen eloisuudestaan. \u00c4idist\u00e4, babasta ja Hamzasta. Se muistuttaa minua siit\u00e4, ett\u00e4 toivo ei kuole niin kauan kuin sitruunapuut kasvavat.\u2019\u201d(s. 525.)<em> <\/em><\/p>\n\n\n\n<p>Toisesta hienosta teoksesta tai pikemminkin teossarjasta kirjoitin n\u00e4in: \u201cSarjakuvan keinoin el\u00e4m\u00e4\u00e4 Syyriassa ja sen ulkopuolella ranskalais-syyrialaisen perheen lapsena tarkastelevan <strong>Riad Sattoufin<\/strong> palkitusta <em>Tulevaisuuden arabi. Lapsuus L\u00e4hi-id\u00e4ss\u00e4 &#8211;<\/em>sarjakuvaromaanisarjasta on ilmestynyt t\u00e4h\u00e4n menness\u00e4 kuusi osaa<em> <\/em><strong>Saara P\u00e4\u00e4kk\u00f6sen <\/strong>suomentamina (WSOY, 2015\u2013). Ensimm\u00e4inen osa sijoittuu vuosiin 1978\u20131981 ja kuudes vuosiin 1994\u20132011. Sarja on houkuttavasti ja koukuttavasti tehty. Sattoufin kerrontatyyli on ironinen, humoristinen ja paikoitellen n\u00e4enn\u00e4isen kepe\u00e4, vaikka k\u00e4sittelyss\u00e4 ovat suuret aiheet ja teemat. Hienot kuvat ja osuvat tekstit avaavat p\u00e4\u00e4henkil\u00f6n ja h\u00e4nen perheens\u00e4 el\u00e4m\u00e4nvaiheita osana laajempaa yhteiskunnallista kokonaisuutta. Ruutu ruudulta lukija uppoutuu yh\u00e4 syvemm\u00e4lle juonenk\u00e4\u00e4nteisiin ja saa samalla suuren tietom\u00e4\u00e4r\u00e4n. Ei ihme, ett\u00e4 Sattouf on niitt\u00e4nyt upealla sarjallaan palkintoja toisensa j\u00e4lkeen.\u201d [Satu]<\/p>\n\n\n\n<p>\u2013 Kiitos n\u00e4ist\u00e4 vinkkauksista! Kiva, ett\u00e4 mukana on my\u00f6s sarjakuvaa, ja viel\u00e4 noin pitk\u00e4n sarjan muodossa. Taidan tutustua siihen heti ensimm\u00e4iseksi. Ilokseni se l\u00f6ytyi jopa BookBeatin valikoimasta, vaikka tykk\u00e4\u00e4n tosin lukea sarjakuvat paperisina siin\u00e4 koossa, johon ne on painettu. [Sini]<\/p>\n\n\n\n<figure class=\"wp-block-image size-large\"><a href=\"https:\/\/www.tarusola.fi\/kielikuvakohtaamisia\/wp-content\/uploads\/2023\/10\/Unelmien-kirja.png\"><img loading=\"lazy\" decoding=\"async\" width=\"1024\" height=\"527\" src=\"https:\/\/www.tarusola.fi\/kielikuvakohtaamisia\/wp-content\/uploads\/2023\/10\/Unelmien-kirja-1024x527.png\" alt=\"\" class=\"wp-image-3121\" srcset=\"https:\/\/www.tarusola.fi\/kielikuvakohtaamisia\/wp-content\/uploads\/2023\/10\/Unelmien-kirja-1024x527.png 1024w, https:\/\/www.tarusola.fi\/kielikuvakohtaamisia\/wp-content\/uploads\/2023\/10\/Unelmien-kirja-300x154.png 300w, https:\/\/www.tarusola.fi\/kielikuvakohtaamisia\/wp-content\/uploads\/2023\/10\/Unelmien-kirja-768x395.png 768w, https:\/\/www.tarusola.fi\/kielikuvakohtaamisia\/wp-content\/uploads\/2023\/10\/Unelmien-kirja-1536x790.png 1536w, https:\/\/www.tarusola.fi\/kielikuvakohtaamisia\/wp-content\/uploads\/2023\/10\/Unelmien-kirja.png 1907w\" sizes=\"auto, (max-width: 1024px) 100vw, 1024px\" \/><\/a><\/figure>\n\n\n\n<p>\u2013 Muuten, Euroopan komission Naapuruuspolitiikan ja laajentumisneuvottelujen p\u00e4\u00e4osaston julkaisutoimiston ja Unicefin yhteisty\u00f6ss\u00e4 julkaisema&nbsp;<em>Unelmien kirja<\/em> (2021) on kokoelma syyrialaisten maastaan paenneiden lasten ajatuksia kodista, kotimaasta ja tulevaisuuden unelmista. Sivunumeroimatonta kirjaa kuvataan \u201dpieneksi kunnianosoitukseksi syyrialaisille lapsille\u201d. Lis\u00e4ksi se \u201don muistutus ihmisyydest\u00e4mme ja yhteisest\u00e4 vastuusta tehd\u00e4 yhteisty\u00f6t\u00e4 jokaisen lapsen oikeuksien suojelemiseksi.\u201d<\/p>\n\n\n\n<p>Lyhyet tarinat on jaettu johdantoteksteill\u00e4 alkaviin lukuihin, ja ne sis\u00e4lt\u00e4v\u00e4t monia pys\u00e4ytt\u00e4vi\u00e4 kohtia. Esimerkiksi 12-vuotias Rasha kertoo asuessaan Turkissa: \u201dIhmiset sanovat, ett\u00e4 Syyria oli suurenmoinen maa, mutta nyt kaikki on tuhottu, ja olen siit\u00e4 hyvin surullinen. Tied\u00e4n, ett\u00e4 jos menen sinne takaisin, kaikki on erilaista.\u201d Kuten julkaisuhetkell\u00e4 Unicefin p\u00e4\u00e4sihteerin\u00e4 toiminut <strong>Henriette H. Fore<\/strong> muistuttaa loppusanoissaan: \u201dSyyria on edelleen yksi vaarallisimmista paikoista lasten kasvaa.\u201d Kauniisti kuvitettu, opetusk\u00e4ytt\u00f6\u00f6nkin soveltuva kirjanen l\u00f6ytyy pdf-muodossa Euroopan unionin <a href=\"https:\/\/learning-corner.learning.europa.eu\/learning-materials\/book-dreams_fi\" data-type=\"link\" data-id=\"https:\/\/learning-corner.learning.europa.eu\/learning-materials\/book-dreams_fi\">verkkosivustolta<\/a>. L\u00e4mmin lukusuositus! [Satu]<\/p>\n\n\n\n<p>\u2013 Arvokasta, ett\u00e4 lasten kokemukset ja \u00e4\u00e4ni saadaan esiin. T\u00e4ytyy tutustua t\u00e4h\u00e4nkin. [Sini]<\/p>\n\n\n\n<p>\u2013 Kirjallisuutta kriisialueilta -sarja toistaiseksi loppu, koska se on ollut niin ajallisesti haastava, vaikkakin todella antoisa ja my\u00f6s kiitelty. Mutta muuten kyll\u00e4 kaunokirjallisuuden k\u00e4sittely jatkuu. Mainitsemisen arvoinen on esimerkiksi my\u00f6s <em>Uenon asema<\/em>, josta kirjoitin lokakuun numerossa. [Satu]\u00a0<\/p>\n\n\n\n<figure class=\"wp-block-image size-full\"><a href=\"https:\/\/www.tarusola.fi\/kielikuvakohtaamisia\/wp-content\/uploads\/2023\/10\/Uenon-asema.png\"><img loading=\"lazy\" decoding=\"async\" width=\"1017\" height=\"656\" src=\"https:\/\/www.tarusola.fi\/kielikuvakohtaamisia\/wp-content\/uploads\/2023\/10\/Uenon-asema.png\" alt=\"\" class=\"wp-image-3102\" srcset=\"https:\/\/www.tarusola.fi\/kielikuvakohtaamisia\/wp-content\/uploads\/2023\/10\/Uenon-asema.png 1017w, https:\/\/www.tarusola.fi\/kielikuvakohtaamisia\/wp-content\/uploads\/2023\/10\/Uenon-asema-300x194.png 300w, https:\/\/www.tarusola.fi\/kielikuvakohtaamisia\/wp-content\/uploads\/2023\/10\/Uenon-asema-768x495.png 768w\" sizes=\"auto, (max-width: 1017px) 100vw, 1017px\" \/><\/a><\/figure>\n\n\n\n<p>\u2013 Luinkin sen arvion ja ajattelin, ett\u00e4 jos teos saa sut noin vaikuttuneeksi, sen t\u00e4ytyy olla hyv\u00e4. Kiitos t\u00e4st\u00e4kin ja muista t\u00e4m\u00e4n kohtaamisen kirjavinkeist\u00e4. Taas on paljon kirjallisuutta, johon tarttua. [Sini]<\/p>\n\n\n\n<p>\u2013 Kiva kuulla. Ent\u00e4 millaisia kulttuuriel\u00e4myksi\u00e4 sulla on ollut viime aikoina?&nbsp; [Satu]<\/p>\n\n\n\n<p>\u2013&nbsp; Syyslomalla p\u00e4\u00e4sin k\u00e4ym\u00e4\u00e4n Tampereella. Vapriikissa on esill\u00e4 ihastuttava n\u00e4yttely <a href=\"https:\/\/www.vapriikki.fi\/nayttelyt\/olipa-kerran-tarina-satujen-synnysta\/\">Olipa kerran, tarina satujen synnyst\u00e4<\/a>. N\u00e4yttelyarkkitehtuuri oli hieno satumets\u00e4, joka tarjosi n\u00e4yttelyvieraille paljon tarkasteltavaa ja kurkisteltavaa. Tila olikin t\u00e4ynn\u00e4 lomailevia perheit\u00e4, silti mihink\u00e4\u00e4n ei tarvinnut jonottaa. Seinill\u00e4 oli my\u00f6s paljon ja monipuolisesti tietoa aiheesta, hauskalla tavalla esitettyn\u00e4. N\u00e4yttely on alun perin Viron kansallismuseon tuottama, ja muokattiin suomalaiseen satuperinteeseen sopivaksi.&nbsp; [Sini] <\/p>\n\n\n\n<p>\u2013 Kiitos hyv\u00e4st\u00e4 n\u00e4yttelyvinkist\u00e4! Ja kirjallisuuteen palataan varmasti tuonnempanakin. Viimeist\u00e4\u00e4n, kun on Helmet-haasteen umpeutumisen aika. Sit\u00e4 ennen ehdit\u00e4\u00e4n kuitenkin tehd\u00e4 kaikenlaista. Yritet\u00e4\u00e4nk\u00f6 marraskuussa l\u00f6yt\u00e4\u00e4 valoa pimeyteen jostain pirist\u00e4v\u00e4st\u00e4? [Satu]<\/p>\n\n\n\n<p>\u2013 Ehdottomasti! Piristyst\u00e4, v\u00e4ri\u00e4 ja valoa kaivataan. [Sini]<\/p>\n\n\n\n<figure class=\"wp-block-image size-large\"><a href=\"https:\/\/www.tarusola.fi\/kielikuvakohtaamisia\/wp-content\/uploads\/2023\/10\/Loppukuvaehdotus.jpg\"><img loading=\"lazy\" decoding=\"async\" width=\"1024\" height=\"683\" src=\"https:\/\/www.tarusola.fi\/kielikuvakohtaamisia\/wp-content\/uploads\/2023\/10\/Loppukuvaehdotus-1024x683.jpg\" alt=\"\" class=\"wp-image-3101\" srcset=\"https:\/\/www.tarusola.fi\/kielikuvakohtaamisia\/wp-content\/uploads\/2023\/10\/Loppukuvaehdotus-1024x683.jpg 1024w, https:\/\/www.tarusola.fi\/kielikuvakohtaamisia\/wp-content\/uploads\/2023\/10\/Loppukuvaehdotus-300x200.jpg 300w, https:\/\/www.tarusola.fi\/kielikuvakohtaamisia\/wp-content\/uploads\/2023\/10\/Loppukuvaehdotus-768x512.jpg 768w, https:\/\/www.tarusola.fi\/kielikuvakohtaamisia\/wp-content\/uploads\/2023\/10\/Loppukuvaehdotus.jpg 1181w\" sizes=\"auto, (max-width: 1024px) 100vw, 1024px\" \/><\/a><\/figure>\n\n\n\n<p>\u00a9Tarusola<\/p>\n","protected":false},"excerpt":{"rendered":"<p>Kahden yst\u00e4v\u00e4n kohtaaminen er\u00e4\u00e4n\u00e4 lokakuun lopun p\u00e4iv\u00e4n\u00e4 \u2013 Moikka, Sini! Miten sun lokakuu on sujunut? [Satu] \u2013 Mukavan ty\u00f6nt\u00e4yteisesti, ent\u00e4 sulla? [Sini] \u2013 Mullakin on ollut varsin kiireist\u00e4 \u2013 hyv\u00e4ll\u00e4 tavalla. Olen ollut muun muassa S2-opetuksen kehitt\u00e4misp\u00e4ivill\u00e4, ja nyt juuri olin Helsingin Kirjamessuilla. Kummastakin tapahtumasta olen kirjoittamassa jutun Suomenopettajat-lehden helmikuun numeroon. [Satu] [linkit] \u2013 Aivan, [&hellip;]<\/p>\n","protected":false},"author":1,"featured_media":0,"comment_status":"open","ping_status":"open","sticky":false,"template":"","format":"standard","meta":{"sfsi_plus_gutenberg_text_before_share":"","sfsi_plus_gutenberg_show_text_before_share":"","sfsi_plus_gutenberg_icon_type":"","sfsi_plus_gutenberg_icon_alignemt":"","sfsi_plus_gutenburg_max_per_row":"","footnotes":""},"categories":[119],"tags":[401,403,188,410,402,411,408,354,404,407,409,406],"class_list":["post-3098","post","type-post","status-publish","format-standard","hentry","category-messut","tag-ainoa-huoneessa","tag-eero-balk","tag-helsiningin-kirjamessut","tag-ilmahalytysten-lapset","tag-kiusatut","tag-maja-ja-ystavat","tag-olipa-kerran","tag-petri-tamminen","tag-sofi-oksanen","tag-syyrian-kirjallisuus","tag-uenon-asema","tag-unelmien-kirja"],"_links":{"self":[{"href":"https:\/\/www.tarusola.fi\/kielikuvakohtaamisia\/wp-json\/wp\/v2\/posts\/3098","targetHints":{"allow":["GET"]}}],"collection":[{"href":"https:\/\/www.tarusola.fi\/kielikuvakohtaamisia\/wp-json\/wp\/v2\/posts"}],"about":[{"href":"https:\/\/www.tarusola.fi\/kielikuvakohtaamisia\/wp-json\/wp\/v2\/types\/post"}],"author":[{"embeddable":true,"href":"https:\/\/www.tarusola.fi\/kielikuvakohtaamisia\/wp-json\/wp\/v2\/users\/1"}],"replies":[{"embeddable":true,"href":"https:\/\/www.tarusola.fi\/kielikuvakohtaamisia\/wp-json\/wp\/v2\/comments?post=3098"}],"version-history":[{"count":34,"href":"https:\/\/www.tarusola.fi\/kielikuvakohtaamisia\/wp-json\/wp\/v2\/posts\/3098\/revisions"}],"predecessor-version":[{"id":3147,"href":"https:\/\/www.tarusola.fi\/kielikuvakohtaamisia\/wp-json\/wp\/v2\/posts\/3098\/revisions\/3147"}],"wp:attachment":[{"href":"https:\/\/www.tarusola.fi\/kielikuvakohtaamisia\/wp-json\/wp\/v2\/media?parent=3098"}],"wp:term":[{"taxonomy":"category","embeddable":true,"href":"https:\/\/www.tarusola.fi\/kielikuvakohtaamisia\/wp-json\/wp\/v2\/categories?post=3098"},{"taxonomy":"post_tag","embeddable":true,"href":"https:\/\/www.tarusola.fi\/kielikuvakohtaamisia\/wp-json\/wp\/v2\/tags?post=3098"}],"curies":[{"name":"wp","href":"https:\/\/api.w.org\/{rel}","templated":true}]}}