{"id":2961,"date":"2023-08-31T09:20:50","date_gmt":"2023-08-31T07:20:50","guid":{"rendered":"https:\/\/www.tarusola.fi\/kielikuvakohtaamisia\/?p=2961"},"modified":"2023-08-31T09:20:51","modified_gmt":"2023-08-31T07:20:51","slug":"biennaalissa","status":"publish","type":"post","link":"https:\/\/www.tarusola.fi\/kielikuvakohtaamisia\/nayttely\/biennaalissa\/","title":{"rendered":"Biennaalissa"},"content":{"rendered":"\n<figure class=\"wp-block-image size-large\"><a href=\"https:\/\/www.tarusola.fi\/kielikuvakohtaamisia\/wp-content\/uploads\/2023\/08\/Biennaalissa-kopio.png\"><img loading=\"lazy\" decoding=\"async\" width=\"1024\" height=\"1024\" src=\"https:\/\/www.tarusola.fi\/kielikuvakohtaamisia\/wp-content\/uploads\/2023\/08\/Biennaalissa-kopio-1024x1024.png\" alt=\"\" class=\"wp-image-2963\" srcset=\"https:\/\/www.tarusola.fi\/kielikuvakohtaamisia\/wp-content\/uploads\/2023\/08\/Biennaalissa-kopio-1024x1024.png 1024w, https:\/\/www.tarusola.fi\/kielikuvakohtaamisia\/wp-content\/uploads\/2023\/08\/Biennaalissa-kopio-300x300.png 300w, https:\/\/www.tarusola.fi\/kielikuvakohtaamisia\/wp-content\/uploads\/2023\/08\/Biennaalissa-kopio-150x150.png 150w, https:\/\/www.tarusola.fi\/kielikuvakohtaamisia\/wp-content\/uploads\/2023\/08\/Biennaalissa-kopio-768x767.png 768w, https:\/\/www.tarusola.fi\/kielikuvakohtaamisia\/wp-content\/uploads\/2023\/08\/Biennaalissa-kopio-144x144.png 144w, https:\/\/www.tarusola.fi\/kielikuvakohtaamisia\/wp-content\/uploads\/2023\/08\/Biennaalissa-kopio.png 1299w\" sizes=\"auto, (max-width: 1024px) 100vw, 1024px\" \/><\/a><\/figure>\n\n\n\n<p><strong>Kahden yst\u00e4v\u00e4n kohtaaminen palveluvastaava Kiira Kivisaaren kanssa er\u00e4\u00e4n\u00e4 elokuun lopun p\u00e4iv\u00e4n\u00e4<\/strong><\/p>\n\n\n\n<p>\u2013 Moi, Kiira! Oli tosi kiva p\u00e4\u00e4st\u00e4 Sinin kanssa tutustumaan <a href=\"https:\/\/helsinkibiennaali.fi\/\">Helsinki Biennaaliin<\/a> ja Vallisaareen sun opastuksella. [Satu] <\/p>\n\n\n\n<figure class=\"wp-block-image size-large\"><a href=\"https:\/\/www.tarusola.fi\/kielikuvakohtaamisia\/wp-content\/uploads\/2023\/08\/Biennalkyltti-1.jpg\"><img loading=\"lazy\" decoding=\"async\" width=\"1024\" height=\"713\" src=\"https:\/\/www.tarusola.fi\/kielikuvakohtaamisia\/wp-content\/uploads\/2023\/08\/Biennalkyltti-1-1024x713.jpg\" alt=\"\" class=\"wp-image-3011\" srcset=\"https:\/\/www.tarusola.fi\/kielikuvakohtaamisia\/wp-content\/uploads\/2023\/08\/Biennalkyltti-1-1024x713.jpg 1024w, https:\/\/www.tarusola.fi\/kielikuvakohtaamisia\/wp-content\/uploads\/2023\/08\/Biennalkyltti-1-300x209.jpg 300w, https:\/\/www.tarusola.fi\/kielikuvakohtaamisia\/wp-content\/uploads\/2023\/08\/Biennalkyltti-1-768x535.jpg 768w, https:\/\/www.tarusola.fi\/kielikuvakohtaamisia\/wp-content\/uploads\/2023\/08\/Biennalkyltti-1.jpg 1181w\" sizes=\"auto, (max-width: 1024px) 100vw, 1024px\" \/><\/a><\/figure>\n\n\n\n<p>\u2013 Osa n\u00e4yttelyst\u00e4 on tosiaan mantereen puolella, esimerkiksi Helsingin taidemuseossa <a href=\"https:\/\/www.hamhelsinki.fi\/\">HAMissa<\/a>. Sinne me ei viel\u00e4 Sadun kanssa ehdittyk\u00e4\u00e4n. [Sini]<\/p>\n\n\n\n<figure class=\"wp-block-image size-large\"><a href=\"https:\/\/www.tarusola.fi\/kielikuvakohtaamisia\/wp-content\/uploads\/2023\/08\/Vallisaaren-laituri2.jpg\"><img loading=\"lazy\" decoding=\"async\" width=\"1024\" height=\"683\" src=\"https:\/\/www.tarusola.fi\/kielikuvakohtaamisia\/wp-content\/uploads\/2023\/08\/Vallisaaren-laituri2-1024x683.jpg\" alt=\"\" class=\"wp-image-3014\" srcset=\"https:\/\/www.tarusola.fi\/kielikuvakohtaamisia\/wp-content\/uploads\/2023\/08\/Vallisaaren-laituri2-1024x683.jpg 1024w, https:\/\/www.tarusola.fi\/kielikuvakohtaamisia\/wp-content\/uploads\/2023\/08\/Vallisaaren-laituri2-300x200.jpg 300w, https:\/\/www.tarusola.fi\/kielikuvakohtaamisia\/wp-content\/uploads\/2023\/08\/Vallisaaren-laituri2-768x512.jpg 768w, https:\/\/www.tarusola.fi\/kielikuvakohtaamisia\/wp-content\/uploads\/2023\/08\/Vallisaaren-laituri2-1536x1025.jpg 1536w, https:\/\/www.tarusola.fi\/kielikuvakohtaamisia\/wp-content\/uploads\/2023\/08\/Vallisaaren-laituri2.jpg 1575w\" sizes=\"auto, (max-width: 1024px) 100vw, 1024px\" \/><\/a><\/figure>\n\n\n\n<p>\u2013 Joo, Helsinki Biennaali levitt\u00e4ytyy Vallisaaren lis\u00e4ksi mantereella HAM Helsingin taidemuseoon sek\u00e4 esimerkiksi Oodiin ja kulttuurikeskuksiin. [Kiira]<\/p>\n\n\n\n<p>\u2013 Miten kaikki on mennyt t\u00e4n\u00e4 vuonna? [Satu]<\/p>\n\n\n\n<figure class=\"wp-block-image size-large\"><a href=\"https:\/\/www.tarusola.fi\/kielikuvakohtaamisia\/wp-content\/uploads\/2023\/08\/Taiteilijat-ja-kartta.jpg\"><img loading=\"lazy\" decoding=\"async\" width=\"1024\" height=\"683\" src=\"https:\/\/www.tarusola.fi\/kielikuvakohtaamisia\/wp-content\/uploads\/2023\/08\/Taiteilijat-ja-kartta-1024x683.jpg\" alt=\"\" class=\"wp-image-2975\" srcset=\"https:\/\/www.tarusola.fi\/kielikuvakohtaamisia\/wp-content\/uploads\/2023\/08\/Taiteilijat-ja-kartta-1024x683.jpg 1024w, https:\/\/www.tarusola.fi\/kielikuvakohtaamisia\/wp-content\/uploads\/2023\/08\/Taiteilijat-ja-kartta-300x200.jpg 300w, https:\/\/www.tarusola.fi\/kielikuvakohtaamisia\/wp-content\/uploads\/2023\/08\/Taiteilijat-ja-kartta-768x512.jpg 768w, https:\/\/www.tarusola.fi\/kielikuvakohtaamisia\/wp-content\/uploads\/2023\/08\/Taiteilijat-ja-kartta-1536x1025.jpg 1536w, https:\/\/www.tarusola.fi\/kielikuvakohtaamisia\/wp-content\/uploads\/2023\/08\/Taiteilijat-ja-kartta.jpg 1575w\" sizes=\"auto, (max-width: 1024px) 100vw, 1024px\" \/><\/a><\/figure>\n\n\n\n<p>\u2013 T\u00e4m\u00e4n vuoden biennaali on sujunut hienosti! [Kiira]<\/p>\n\n\n\n<p>\u2013 Mainitsit, ett\u00e4 ty\u00f6p\u00e4ivien aikana voi sattua ja tapahtua kaikenlaista yll\u00e4tt\u00e4v\u00e4\u00e4. Haluatko kertoa jonkun esimerkin? [Sini]<\/p>\n\n\n\n<p>\u2013 Ty\u00f6p\u00e4iv\u00e4t on tosiaan vaihtelevia ja kaipaavat dynaamista otetta. Vallisaaressa me ollaan kuin vieraana ja sopeudutaan muuhun luontoon. Vuonna 2021 piti esimerkiksi hieman viiv\u00e4stytt\u00e4\u00e4 yhden teospaikan avaamista, kun hirvi seisoi kellarin katolla. [Kiira]<\/p>\n\n\n\n<p>\u2013 Se oli varmasti yll\u00e4tt\u00e4v\u00e4 ja vaikuttava n\u00e4ky. [Sini]<\/p>\n\n\n\n<figure class=\"wp-block-image size-large\"><a href=\"https:\/\/www.tarusola.fi\/kielikuvakohtaamisia\/wp-content\/uploads\/2023\/08\/Kiira_paras.jpg\"><img loading=\"lazy\" decoding=\"async\" width=\"683\" height=\"1024\" src=\"https:\/\/www.tarusola.fi\/kielikuvakohtaamisia\/wp-content\/uploads\/2023\/08\/Kiira_paras-683x1024.jpg\" alt=\"\" class=\"wp-image-2976\" srcset=\"https:\/\/www.tarusola.fi\/kielikuvakohtaamisia\/wp-content\/uploads\/2023\/08\/Kiira_paras-683x1024.jpg 683w, https:\/\/www.tarusola.fi\/kielikuvakohtaamisia\/wp-content\/uploads\/2023\/08\/Kiira_paras-200x300.jpg 200w, https:\/\/www.tarusola.fi\/kielikuvakohtaamisia\/wp-content\/uploads\/2023\/08\/Kiira_paras-768x1151.jpg 768w, https:\/\/www.tarusola.fi\/kielikuvakohtaamisia\/wp-content\/uploads\/2023\/08\/Kiira_paras.jpg 788w\" sizes=\"auto, (max-width: 683px) 100vw, 683px\" \/><\/a><\/figure>\n\n\n\n<p>\u2013 Olit tosiaan my\u00f6s viimekertaisessa Helsinki Biennaalissa mukana. Millainen roolisi oli silloin? Ent\u00e4 millainen on toimenkuvasi t\u00e4n\u00e4 vuonna? [Satu]<\/p>\n\n\n\n<p>\u2013 Toissa vuoden biennaalissa toimin biennaalin ymp\u00e4rist\u00f6koordinaattorina. Loin ja toteutin biennaalin vastuullisuusty\u00f6t\u00e4. T\u00e4n\u00e4 vuonna toimin palveluvastaavana, roolissani vastaan Vallisaaren asiakaspalvelutiimin p\u00e4ivitt\u00e4isest\u00e4 toiminnasta ja ty\u00f6oloista. [Kiira]<\/p>\n\n\n\n<figure class=\"wp-block-image size-large\"><a href=\"https:\/\/www.tarusola.fi\/kielikuvakohtaamisia\/wp-content\/uploads\/2023\/08\/Vallisaaren-rantaa-ja-merta.jpg\"><img loading=\"lazy\" decoding=\"async\" width=\"1024\" height=\"683\" src=\"https:\/\/www.tarusola.fi\/kielikuvakohtaamisia\/wp-content\/uploads\/2023\/08\/Vallisaaren-rantaa-ja-merta-1024x683.jpg\" alt=\"\" class=\"wp-image-3016\" srcset=\"https:\/\/www.tarusola.fi\/kielikuvakohtaamisia\/wp-content\/uploads\/2023\/08\/Vallisaaren-rantaa-ja-merta-1024x683.jpg 1024w, https:\/\/www.tarusola.fi\/kielikuvakohtaamisia\/wp-content\/uploads\/2023\/08\/Vallisaaren-rantaa-ja-merta-300x200.jpg 300w, https:\/\/www.tarusola.fi\/kielikuvakohtaamisia\/wp-content\/uploads\/2023\/08\/Vallisaaren-rantaa-ja-merta-768x512.jpg 768w, https:\/\/www.tarusola.fi\/kielikuvakohtaamisia\/wp-content\/uploads\/2023\/08\/Vallisaaren-rantaa-ja-merta.jpg 1181w\" sizes=\"auto, (max-width: 1024px) 100vw, 1024px\" \/><\/a><\/figure>\n\n\n\n<p>\u2013 Muistelen, ett\u00e4 kerroit tehneesi my\u00f6s kirjallisia raportteja viimekertaisesta Helsinki Biennaalista. L\u00f6ytyv\u00e4tk\u00f6 ne netist\u00e4? [Satu]<\/p>\n\n\n\n<p>\u2013 Vuoden 2021 Helsinki Biennaalista&nbsp; on julkaistu kattava vaikuttavuustutkimus, jossa olen yhten\u00e4 kirjoittajana. Tutkimus l\u00f6ytyy <a href=\"https:\/\/www.hel.fi\/hel2\/tietokeskus\/julkaisut\/pdf\/22_03_09_Tutkimuskatsauksia_1_Taskinen_Kivisaari_Kuusi_Mustonen.pdf\">netist\u00e4<\/a>. [Kiira]<\/p>\n\n\n\n<p>\u2013 Vaikuttaa n\u00e4in nopealla silm\u00e4ilyll\u00e4 monipuoliselta ja kiinnostavalta tutkimukselta. T\u00e4ytyykin tutustua t\u00e4h\u00e4n ajan kanssa.&nbsp; Saarella n\u00e4ytti liikkuvan koululaisryhmi\u00e4. Onko Helsinki Biennaalin k\u00e4sittelyyn tarjolla jonkinlaisia oppimateriaaleja tai teht\u00e4vi\u00e4? [Sini]<\/p>\n\n\n\n<p>\u2013 Nyt syksyll\u00e4 saarella vierailee paljon koululaisia. <a href=\"https:\/\/helsinkibiennaali.fi\/kouluille\/\">Heille<\/a> on tehty oma oppimateriaali, jota he voivat k\u00e4ytt\u00e4\u00e4 vierailunsa aikana. Helsinki Biennaalin nettisivuilta l\u00f6ytyy my\u00f6s vinkkej\u00e4 vierailuun lasten kanssa. [Kiira]<\/p>\n\n\n\n<p>\u2013 Saaren k\u00e4tkeytyy monia teoksia. Mitk\u00e4 ovat teid\u00e4n lempiteoksianne? Itse\u00e4ni puhuttelivat eniten PHOSfate-ryhm\u00e4n hiekkapuutarhainstallaatio ja <strong>Adri\u00e1n Villar Rojasin<\/strong> saareen k\u00e4tkeytyv\u00e4t teokset. Ensimm\u00e4inen erityisesti siihen liittyvien ymp\u00e4rist\u00f6kysymysten ja L\u00e4nsi-Saharan takia ja j\u00e4lkimm\u00e4inen niiden mielikuvitusta kutkuttavien muotojen ja sijaintien takia.&nbsp; [Satu]<\/p>\n\n\n\n<figure class=\"wp-block-image size-large\"><a href=\"https:\/\/www.tarusola.fi\/kielikuvakohtaamisia\/wp-content\/uploads\/2023\/08\/PHOSfate.jpg\"><img loading=\"lazy\" decoding=\"async\" width=\"1024\" height=\"683\" src=\"https:\/\/www.tarusola.fi\/kielikuvakohtaamisia\/wp-content\/uploads\/2023\/08\/PHOSfate-1024x683.jpg\" alt=\"\" class=\"wp-image-2977\" srcset=\"https:\/\/www.tarusola.fi\/kielikuvakohtaamisia\/wp-content\/uploads\/2023\/08\/PHOSfate-1024x683.jpg 1024w, https:\/\/www.tarusola.fi\/kielikuvakohtaamisia\/wp-content\/uploads\/2023\/08\/PHOSfate-300x200.jpg 300w, https:\/\/www.tarusola.fi\/kielikuvakohtaamisia\/wp-content\/uploads\/2023\/08\/PHOSfate-768x512.jpg 768w, https:\/\/www.tarusola.fi\/kielikuvakohtaamisia\/wp-content\/uploads\/2023\/08\/PHOSfate.jpg 1181w\" sizes=\"auto, (max-width: 1024px) 100vw, 1024px\" \/><\/a><\/figure>\n\n\n\n<figure class=\"wp-block-image size-large\"><a href=\"https:\/\/www.tarusola.fi\/kielikuvakohtaamisia\/wp-content\/uploads\/2023\/08\/Sadun-mielikuvitusta-heratteleva-2.-teossarja.jpg\"><img loading=\"lazy\" decoding=\"async\" width=\"683\" height=\"1024\" src=\"https:\/\/www.tarusola.fi\/kielikuvakohtaamisia\/wp-content\/uploads\/2023\/08\/Sadun-mielikuvitusta-heratteleva-2.-teossarja-683x1024.jpg\" alt=\"\" class=\"wp-image-2978\" srcset=\"https:\/\/www.tarusola.fi\/kielikuvakohtaamisia\/wp-content\/uploads\/2023\/08\/Sadun-mielikuvitusta-heratteleva-2.-teossarja-683x1024.jpg 683w, https:\/\/www.tarusola.fi\/kielikuvakohtaamisia\/wp-content\/uploads\/2023\/08\/Sadun-mielikuvitusta-heratteleva-2.-teossarja-200x300.jpg 200w, https:\/\/www.tarusola.fi\/kielikuvakohtaamisia\/wp-content\/uploads\/2023\/08\/Sadun-mielikuvitusta-heratteleva-2.-teossarja-768x1151.jpg 768w, https:\/\/www.tarusola.fi\/kielikuvakohtaamisia\/wp-content\/uploads\/2023\/08\/Sadun-mielikuvitusta-heratteleva-2.-teossarja.jpg 788w\" sizes=\"auto, (max-width: 683px) 100vw, 683px\" \/><\/a><\/figure>\n\n\n\n<figure class=\"wp-block-image size-large\"><a href=\"https:\/\/www.tarusola.fi\/kielikuvakohtaamisia\/wp-content\/uploads\/2023\/08\/VillarRojas3.jpg\"><img loading=\"lazy\" decoding=\"async\" width=\"683\" height=\"1024\" src=\"https:\/\/www.tarusola.fi\/kielikuvakohtaamisia\/wp-content\/uploads\/2023\/08\/VillarRojas3-683x1024.jpg\" alt=\"\" class=\"wp-image-3001\" srcset=\"https:\/\/www.tarusola.fi\/kielikuvakohtaamisia\/wp-content\/uploads\/2023\/08\/VillarRojas3-683x1024.jpg 683w, https:\/\/www.tarusola.fi\/kielikuvakohtaamisia\/wp-content\/uploads\/2023\/08\/VillarRojas3-200x300.jpg 200w, https:\/\/www.tarusola.fi\/kielikuvakohtaamisia\/wp-content\/uploads\/2023\/08\/VillarRojas3-768x1151.jpg 768w, https:\/\/www.tarusola.fi\/kielikuvakohtaamisia\/wp-content\/uploads\/2023\/08\/VillarRojas3.jpg 788w\" sizes=\"auto, (max-width: 683px) 100vw, 683px\" \/><\/a><\/figure>\n\n\n\n<p>\u2013 <em>Saarten Materia Medica <\/em>oli mielest\u00e4ni hieno teos, joka tarjosi moniaistisen kokemuksen. T\u00e4h\u00e4n teokseen liittyy my\u00f6s performanssi, jota en harmi kyll\u00e4 p\u00e4\u00e4ssyt n\u00e4kem\u00e4\u00e4n. <strong>Lotta Petronellan<\/strong> lis\u00e4ksi teosta on ollut tekem\u00e4ss\u00e4 s\u00e4velt\u00e4j\u00e4 ja artisti <strong>Lau Nau <\/strong>sek\u00e4 keitti\u00f6mestari ja ruokakirjailija <strong>Sami Tallberg<\/strong>, jonka <em>Villiyrttikirja<\/em> l\u00f6ytyy omastakin hyllyst\u00e4. Lotta Petronella taas on tuttu saaristoa k\u00e4sittelevist\u00e4 teoksistaan. H\u00e4n tuntuu todella luontevalta taiteilijavalinnalta t\u00e4h\u00e4n saareen sijoittuvaan biennaaliin. [Sini]<\/p>\n\n\n\n<figure class=\"wp-block-image size-large\"><a href=\"https:\/\/www.tarusola.fi\/kielikuvakohtaamisia\/wp-content\/uploads\/2023\/08\/Petronella1.jpg\"><img loading=\"lazy\" decoding=\"async\" width=\"1024\" height=\"643\" src=\"https:\/\/www.tarusola.fi\/kielikuvakohtaamisia\/wp-content\/uploads\/2023\/08\/Petronella1-1024x643.jpg\" alt=\"\" class=\"wp-image-2979\" srcset=\"https:\/\/www.tarusola.fi\/kielikuvakohtaamisia\/wp-content\/uploads\/2023\/08\/Petronella1-1024x643.jpg 1024w, https:\/\/www.tarusola.fi\/kielikuvakohtaamisia\/wp-content\/uploads\/2023\/08\/Petronella1-300x188.jpg 300w, https:\/\/www.tarusola.fi\/kielikuvakohtaamisia\/wp-content\/uploads\/2023\/08\/Petronella1-768x483.jpg 768w, https:\/\/www.tarusola.fi\/kielikuvakohtaamisia\/wp-content\/uploads\/2023\/08\/Petronella1.jpg 1181w\" sizes=\"auto, (max-width: 1024px) 100vw, 1024px\" \/><\/a><\/figure>\n\n\n\n<figure class=\"wp-block-image size-large\"><a href=\"https:\/\/www.tarusola.fi\/kielikuvakohtaamisia\/wp-content\/uploads\/2023\/08\/Petronella2.jpg\"><img loading=\"lazy\" decoding=\"async\" width=\"1024\" height=\"683\" src=\"https:\/\/www.tarusola.fi\/kielikuvakohtaamisia\/wp-content\/uploads\/2023\/08\/Petronella2-1024x683.jpg\" alt=\"\" class=\"wp-image-2980\" srcset=\"https:\/\/www.tarusola.fi\/kielikuvakohtaamisia\/wp-content\/uploads\/2023\/08\/Petronella2-1024x683.jpg 1024w, https:\/\/www.tarusola.fi\/kielikuvakohtaamisia\/wp-content\/uploads\/2023\/08\/Petronella2-300x200.jpg 300w, https:\/\/www.tarusola.fi\/kielikuvakohtaamisia\/wp-content\/uploads\/2023\/08\/Petronella2-768x512.jpg 768w, https:\/\/www.tarusola.fi\/kielikuvakohtaamisia\/wp-content\/uploads\/2023\/08\/Petronella2.jpg 1181w\" sizes=\"auto, (max-width: 1024px) 100vw, 1024px\" \/><\/a><\/figure>\n\n\n\n<figure class=\"wp-block-image size-large\"><a href=\"https:\/\/www.tarusola.fi\/kielikuvakohtaamisia\/wp-content\/uploads\/2023\/08\/Petronella4.jpg\"><img loading=\"lazy\" decoding=\"async\" width=\"1024\" height=\"700\" src=\"https:\/\/www.tarusola.fi\/kielikuvakohtaamisia\/wp-content\/uploads\/2023\/08\/Petronella4-1024x700.jpg\" alt=\"\" class=\"wp-image-2981\" srcset=\"https:\/\/www.tarusola.fi\/kielikuvakohtaamisia\/wp-content\/uploads\/2023\/08\/Petronella4-1024x700.jpg 1024w, https:\/\/www.tarusola.fi\/kielikuvakohtaamisia\/wp-content\/uploads\/2023\/08\/Petronella4-300x205.jpg 300w, https:\/\/www.tarusola.fi\/kielikuvakohtaamisia\/wp-content\/uploads\/2023\/08\/Petronella4-768x525.jpg 768w, https:\/\/www.tarusola.fi\/kielikuvakohtaamisia\/wp-content\/uploads\/2023\/08\/Petronella4.jpg 1181w\" sizes=\"auto, (max-width: 1024px) 100vw, 1024px\" \/><\/a><\/figure>\n\n\n\n<figure class=\"wp-block-image size-large\"><a href=\"https:\/\/www.tarusola.fi\/kielikuvakohtaamisia\/wp-content\/uploads\/2023\/08\/Petronella3.jpg\"><img loading=\"lazy\" decoding=\"async\" width=\"683\" height=\"1024\" src=\"https:\/\/www.tarusola.fi\/kielikuvakohtaamisia\/wp-content\/uploads\/2023\/08\/Petronella3-683x1024.jpg\" alt=\"\" class=\"wp-image-2982\" srcset=\"https:\/\/www.tarusola.fi\/kielikuvakohtaamisia\/wp-content\/uploads\/2023\/08\/Petronella3-683x1024.jpg 683w, https:\/\/www.tarusola.fi\/kielikuvakohtaamisia\/wp-content\/uploads\/2023\/08\/Petronella3-200x300.jpg 200w, https:\/\/www.tarusola.fi\/kielikuvakohtaamisia\/wp-content\/uploads\/2023\/08\/Petronella3-768x1151.jpg 768w, https:\/\/www.tarusola.fi\/kielikuvakohtaamisia\/wp-content\/uploads\/2023\/08\/Petronella3.jpg 788w\" sizes=\"auto, (max-width: 683px) 100vw, 683px\" \/><\/a><\/figure>\n\n\n\n<p>\u2013 Vaikea valita suosikkeja. <strong>Tuula N\u00e4rhisen<\/strong> <em>Plastic Horizon<\/em> -teoksessa on jotain kaunista ja surullista samaan aikaan, joten se aina liikuttaa. <strong>Emilija \u0160kranulyt\u0117n<\/strong> teoksessa puolestaan p\u00e4\u00e4see osaksi vedenalaista maailmaa, joka on mielest\u00e4ni j\u00e4nnitt\u00e4v\u00e4\u00e4 ja siksi kiehtovaa. [Kiira]<\/p>\n\n\n\n<figure class=\"wp-block-image size-large\"><a href=\"https:\/\/www.tarusola.fi\/kielikuvakohtaamisia\/wp-content\/uploads\/2023\/08\/Narhinen1.jpg\"><img loading=\"lazy\" decoding=\"async\" width=\"683\" height=\"1024\" src=\"https:\/\/www.tarusola.fi\/kielikuvakohtaamisia\/wp-content\/uploads\/2023\/08\/Narhinen1-683x1024.jpg\" alt=\"\" class=\"wp-image-2992\" srcset=\"https:\/\/www.tarusola.fi\/kielikuvakohtaamisia\/wp-content\/uploads\/2023\/08\/Narhinen1-683x1024.jpg 683w, https:\/\/www.tarusola.fi\/kielikuvakohtaamisia\/wp-content\/uploads\/2023\/08\/Narhinen1-200x300.jpg 200w, https:\/\/www.tarusola.fi\/kielikuvakohtaamisia\/wp-content\/uploads\/2023\/08\/Narhinen1-768x1151.jpg 768w, https:\/\/www.tarusola.fi\/kielikuvakohtaamisia\/wp-content\/uploads\/2023\/08\/Narhinen1.jpg 788w\" sizes=\"auto, (max-width: 683px) 100vw, 683px\" \/><\/a><\/figure>\n\n\n\n<figure class=\"wp-block-image size-large\"><a href=\"https:\/\/www.tarusola.fi\/kielikuvakohtaamisia\/wp-content\/uploads\/2023\/08\/Narhinen2.jpg\"><img loading=\"lazy\" decoding=\"async\" width=\"1024\" height=\"683\" src=\"https:\/\/www.tarusola.fi\/kielikuvakohtaamisia\/wp-content\/uploads\/2023\/08\/Narhinen2-1024x683.jpg\" alt=\"\" class=\"wp-image-2993\" srcset=\"https:\/\/www.tarusola.fi\/kielikuvakohtaamisia\/wp-content\/uploads\/2023\/08\/Narhinen2-1024x683.jpg 1024w, https:\/\/www.tarusola.fi\/kielikuvakohtaamisia\/wp-content\/uploads\/2023\/08\/Narhinen2-300x200.jpg 300w, https:\/\/www.tarusola.fi\/kielikuvakohtaamisia\/wp-content\/uploads\/2023\/08\/Narhinen2-768x512.jpg 768w, https:\/\/www.tarusola.fi\/kielikuvakohtaamisia\/wp-content\/uploads\/2023\/08\/Narhinen2.jpg 1181w\" sizes=\"auto, (max-width: 1024px) 100vw, 1024px\" \/><\/a><\/figure>\n\n\n\n<figure class=\"wp-block-image size-large\"><a href=\"https:\/\/www.tarusola.fi\/kielikuvakohtaamisia\/wp-content\/uploads\/2023\/08\/Taalta-loytyy-Kiiraa-inspiroiva-teos.jpg\"><img loading=\"lazy\" decoding=\"async\" width=\"1024\" height=\"734\" src=\"https:\/\/www.tarusola.fi\/kielikuvakohtaamisia\/wp-content\/uploads\/2023\/08\/Taalta-loytyy-Kiiraa-inspiroiva-teos-1024x734.jpg\" alt=\"\" class=\"wp-image-2984\" srcset=\"https:\/\/www.tarusola.fi\/kielikuvakohtaamisia\/wp-content\/uploads\/2023\/08\/Taalta-loytyy-Kiiraa-inspiroiva-teos-1024x734.jpg 1024w, https:\/\/www.tarusola.fi\/kielikuvakohtaamisia\/wp-content\/uploads\/2023\/08\/Taalta-loytyy-Kiiraa-inspiroiva-teos-300x215.jpg 300w, https:\/\/www.tarusola.fi\/kielikuvakohtaamisia\/wp-content\/uploads\/2023\/08\/Taalta-loytyy-Kiiraa-inspiroiva-teos-768x550.jpg 768w, https:\/\/www.tarusola.fi\/kielikuvakohtaamisia\/wp-content\/uploads\/2023\/08\/Taalta-loytyy-Kiiraa-inspiroiva-teos.jpg 1181w\" sizes=\"auto, (max-width: 1024px) 100vw, 1024px\" \/><\/a><\/figure>\n\n\n\n<figure class=\"wp-block-image size-large\"><a href=\"https:\/\/www.tarusola.fi\/kielikuvakohtaamisia\/wp-content\/uploads\/2023\/08\/Skarnulyte1.jpg\"><img loading=\"lazy\" decoding=\"async\" width=\"1024\" height=\"683\" src=\"https:\/\/www.tarusola.fi\/kielikuvakohtaamisia\/wp-content\/uploads\/2023\/08\/Skarnulyte1-1024x683.jpg\" alt=\"\" class=\"wp-image-2985\" srcset=\"https:\/\/www.tarusola.fi\/kielikuvakohtaamisia\/wp-content\/uploads\/2023\/08\/Skarnulyte1-1024x683.jpg 1024w, https:\/\/www.tarusola.fi\/kielikuvakohtaamisia\/wp-content\/uploads\/2023\/08\/Skarnulyte1-300x200.jpg 300w, https:\/\/www.tarusola.fi\/kielikuvakohtaamisia\/wp-content\/uploads\/2023\/08\/Skarnulyte1-768x512.jpg 768w, https:\/\/www.tarusola.fi\/kielikuvakohtaamisia\/wp-content\/uploads\/2023\/08\/Skarnulyte1.jpg 1181w\" sizes=\"auto, (max-width: 1024px) 100vw, 1024px\" \/><\/a><\/figure>\n\n\n\n<figure class=\"wp-block-image size-large\"><a href=\"https:\/\/www.tarusola.fi\/kielikuvakohtaamisia\/wp-content\/uploads\/2023\/08\/Skarnulyte2.jpg\"><img loading=\"lazy\" decoding=\"async\" width=\"768\" height=\"1024\" src=\"https:\/\/www.tarusola.fi\/kielikuvakohtaamisia\/wp-content\/uploads\/2023\/08\/Skarnulyte2-768x1024.jpg\" alt=\"\" class=\"wp-image-2986\" srcset=\"https:\/\/www.tarusola.fi\/kielikuvakohtaamisia\/wp-content\/uploads\/2023\/08\/Skarnulyte2-768x1024.jpg 768w, https:\/\/www.tarusola.fi\/kielikuvakohtaamisia\/wp-content\/uploads\/2023\/08\/Skarnulyte2-225x300.jpg 225w, https:\/\/www.tarusola.fi\/kielikuvakohtaamisia\/wp-content\/uploads\/2023\/08\/Skarnulyte2.jpg 886w\" sizes=\"auto, (max-width: 768px) 100vw, 768px\" \/><\/a><\/figure>\n\n\n\n<p>\u2013 Vallisaaren milj\u00f6\u00f6 on taideteos itsess\u00e4\u00e4n. Historian eri kerrokset ja upea luonto lumoavat. Puolustusvoimien j\u00e4ljet, vanhat talot ja kivirakennelmat ruokkivat mielikuvitusta.&nbsp; Mik\u00e4 olikaan Mets\u00e4hallituksen rooli saarella? [Satu]<\/p>\n\n\n\n<figure class=\"wp-block-image size-large\"><a href=\"https:\/\/www.tarusola.fi\/kielikuvakohtaamisia\/wp-content\/uploads\/2023\/08\/Menneen-lasnaoloa.jpg\"><img loading=\"lazy\" decoding=\"async\" width=\"1024\" height=\"683\" src=\"https:\/\/www.tarusola.fi\/kielikuvakohtaamisia\/wp-content\/uploads\/2023\/08\/Menneen-lasnaoloa-1024x683.jpg\" alt=\"\" class=\"wp-image-2988\" srcset=\"https:\/\/www.tarusola.fi\/kielikuvakohtaamisia\/wp-content\/uploads\/2023\/08\/Menneen-lasnaoloa-1024x683.jpg 1024w, https:\/\/www.tarusola.fi\/kielikuvakohtaamisia\/wp-content\/uploads\/2023\/08\/Menneen-lasnaoloa-300x200.jpg 300w, https:\/\/www.tarusola.fi\/kielikuvakohtaamisia\/wp-content\/uploads\/2023\/08\/Menneen-lasnaoloa-768x512.jpg 768w, https:\/\/www.tarusola.fi\/kielikuvakohtaamisia\/wp-content\/uploads\/2023\/08\/Menneen-lasnaoloa.jpg 1181w\" sizes=\"auto, (max-width: 1024px) 100vw, 1024px\" \/><\/a><\/figure>\n\n\n\n<figure class=\"wp-block-image size-large\"><a href=\"https:\/\/www.tarusola.fi\/kielikuvakohtaamisia\/wp-content\/uploads\/2023\/08\/Paloasema.jpg\"><img loading=\"lazy\" decoding=\"async\" width=\"1024\" height=\"649\" src=\"https:\/\/www.tarusola.fi\/kielikuvakohtaamisia\/wp-content\/uploads\/2023\/08\/Paloasema-1024x649.jpg\" alt=\"\" class=\"wp-image-2994\" srcset=\"https:\/\/www.tarusola.fi\/kielikuvakohtaamisia\/wp-content\/uploads\/2023\/08\/Paloasema-1024x649.jpg 1024w, https:\/\/www.tarusola.fi\/kielikuvakohtaamisia\/wp-content\/uploads\/2023\/08\/Paloasema-300x190.jpg 300w, https:\/\/www.tarusola.fi\/kielikuvakohtaamisia\/wp-content\/uploads\/2023\/08\/Paloasema-768x486.jpg 768w, https:\/\/www.tarusola.fi\/kielikuvakohtaamisia\/wp-content\/uploads\/2023\/08\/Paloasema.jpg 1181w\" sizes=\"auto, (max-width: 1024px) 100vw, 1024px\" \/><\/a><\/figure>\n\n\n\n<figure class=\"wp-block-image size-large\"><a href=\"https:\/\/www.tarusola.fi\/kielikuvakohtaamisia\/wp-content\/uploads\/2023\/08\/Kilvet.jpg\"><img loading=\"lazy\" decoding=\"async\" width=\"1024\" height=\"683\" src=\"https:\/\/www.tarusola.fi\/kielikuvakohtaamisia\/wp-content\/uploads\/2023\/08\/Kilvet-1024x683.jpg\" alt=\"\" class=\"wp-image-2989\" srcset=\"https:\/\/www.tarusola.fi\/kielikuvakohtaamisia\/wp-content\/uploads\/2023\/08\/Kilvet-1024x683.jpg 1024w, https:\/\/www.tarusola.fi\/kielikuvakohtaamisia\/wp-content\/uploads\/2023\/08\/Kilvet-300x200.jpg 300w, https:\/\/www.tarusola.fi\/kielikuvakohtaamisia\/wp-content\/uploads\/2023\/08\/Kilvet-768x512.jpg 768w, https:\/\/www.tarusola.fi\/kielikuvakohtaamisia\/wp-content\/uploads\/2023\/08\/Kilvet.jpg 1181w\" sizes=\"auto, (max-width: 1024px) 100vw, 1024px\" \/><\/a><\/figure>\n\n\n\n<p>\u2013 Mets\u00e4hallitus hallinnoi Vallisaarta ja vastaa muun muassa kaikista saaren yleisist\u00e4 asioista, kuten huolto- ja yll\u00e4pitot\u00f6ist\u00e4. [Kiira]<\/p>\n\n\n\n<p>\u2013 Kerroit my\u00f6s, ett\u00e4 saarella asustaa useita lepakkolajeja. Ty\u00f6kaverini vinkkasi tuossa jokin aika sitten, ett\u00e4 Helmet-kirjastosta on mahdollista lainata <a href=\"https:\/\/haku.helmet.fi\/iii\/encore\/record\/C__Rb2520702\">lepakkotutkaa<\/a>. Mitenk\u00e4s n\u00e4m\u00e4 saaren aukioloajat meniv\u00e4tk\u00e4\u00e4n? Olisiko siell\u00e4 mahdollista tutkailla lepakkoja pime\u00e4n aikaan? [Sini]<\/p>\n\n\n\n<figure class=\"wp-block-image size-large\"><a href=\"https:\/\/www.tarusola.fi\/kielikuvakohtaamisia\/wp-content\/uploads\/2023\/08\/Lepakkokyltti.jpg\"><img loading=\"lazy\" decoding=\"async\" width=\"683\" height=\"1024\" src=\"https:\/\/www.tarusola.fi\/kielikuvakohtaamisia\/wp-content\/uploads\/2023\/08\/Lepakkokyltti-683x1024.jpg\" alt=\"\" class=\"wp-image-2990\" srcset=\"https:\/\/www.tarusola.fi\/kielikuvakohtaamisia\/wp-content\/uploads\/2023\/08\/Lepakkokyltti-683x1024.jpg 683w, https:\/\/www.tarusola.fi\/kielikuvakohtaamisia\/wp-content\/uploads\/2023\/08\/Lepakkokyltti-200x300.jpg 200w, https:\/\/www.tarusola.fi\/kielikuvakohtaamisia\/wp-content\/uploads\/2023\/08\/Lepakkokyltti-768x1151.jpg 768w, https:\/\/www.tarusola.fi\/kielikuvakohtaamisia\/wp-content\/uploads\/2023\/08\/Lepakkokyltti.jpg 788w\" sizes=\"auto, (max-width: 683px) 100vw, 683px\" \/><\/a><\/figure>\n\n\n\n<p>\u2013 Helsinki Biennaali on auki tiistaista sunnuntaihin klo 11\u201318, mutta saarelle p\u00e4\u00e4see 8\u201321 reittiliikenteell\u00e4. Eli lepakkotutkailu on mahdollista, etenkin pimenevin\u00e4 syysiltoina. [Kiira]<\/p>\n\n\n\n<p>\u2013 Ja syyskuun 17. p\u00e4iv\u00e4 taisi olla viimeinen mahdollisuus tutustua Helsinki Biennaaliin viel\u00e4. Kiitos, kun saatiin sut vieraaksemme blogiin, Kiira!\u00a0 [Satu]<\/p>\n\n\n\n<p>\u2013 Ja kiitos viel\u00e4 saarikierroksesta! [Sini]<\/p>\n\n\n\n<p>\u2013 Kiitos teille! Aina ilo esitell\u00e4 Helsinki Biennaalia ja Vallisaarta! [Kiira]<\/p>\n\n\n\n<figure class=\"wp-block-image size-large\"><a href=\"https:\/\/www.tarusola.fi\/kielikuvakohtaamisia\/wp-content\/uploads\/2023\/08\/Loppukuvahedotus-1.jpg\"><img loading=\"lazy\" decoding=\"async\" width=\"1024\" height=\"617\" src=\"https:\/\/www.tarusola.fi\/kielikuvakohtaamisia\/wp-content\/uploads\/2023\/08\/Loppukuvahedotus-1-1024x617.jpg\" alt=\"\" class=\"wp-image-2972\" srcset=\"https:\/\/www.tarusola.fi\/kielikuvakohtaamisia\/wp-content\/uploads\/2023\/08\/Loppukuvahedotus-1-1024x617.jpg 1024w, https:\/\/www.tarusola.fi\/kielikuvakohtaamisia\/wp-content\/uploads\/2023\/08\/Loppukuvahedotus-1-300x181.jpg 300w, https:\/\/www.tarusola.fi\/kielikuvakohtaamisia\/wp-content\/uploads\/2023\/08\/Loppukuvahedotus-1-768x463.jpg 768w, https:\/\/www.tarusola.fi\/kielikuvakohtaamisia\/wp-content\/uploads\/2023\/08\/Loppukuvahedotus-1.jpg 1181w\" sizes=\"auto, (max-width: 1024px) 100vw, 1024px\" \/><\/a><\/figure>\n\n\n\n<p>\u00a9<a href=\"http:\/\/www.tarusola.fi\" data-type=\"link\" data-id=\"http:\/\/www.tarusola.fi\">Tarusola<\/a><\/p>\n","protected":false},"excerpt":{"rendered":"<p>Kahden yst\u00e4v\u00e4n kohtaaminen palveluvastaava Kiira Kivisaaren kanssa er\u00e4\u00e4n\u00e4 elokuun lopun p\u00e4iv\u00e4n\u00e4 \u2013 Moi, Kiira! Oli tosi kiva p\u00e4\u00e4st\u00e4 Sinin kanssa tutustumaan Helsinki Biennaaliin ja Vallisaareen sun opastuksella. [Satu] \u2013 Osa n\u00e4yttelyst\u00e4 on tosiaan mantereen puolella, esimerkiksi Helsingin taidemuseossa HAMissa. Sinne me ei viel\u00e4 Sadun kanssa ehdittyk\u00e4\u00e4n. [Sini] \u2013 Joo, Helsinki Biennaali levitt\u00e4ytyy Vallisaaren lis\u00e4ksi mantereella [&hellip;]<\/p>\n","protected":false},"author":1,"featured_media":0,"comment_status":"open","ping_status":"open","sticky":false,"template":"","format":"standard","meta":{"sfsi_plus_gutenberg_text_before_share":"","sfsi_plus_gutenberg_show_text_before_share":"","sfsi_plus_gutenberg_icon_type":"","sfsi_plus_gutenberg_icon_alignemt":"","sfsi_plus_gutenburg_max_per_row":"","footnotes":""},"categories":[31],"tags":[142,295,398,397],"class_list":["post-2961","post","type-post","status-publish","format-standard","hentry","category-nayttely","tag-ham","tag-helsinki-biennaali","tag-kiira-kivisaari","tag-vallisaari"],"_links":{"self":[{"href":"https:\/\/www.tarusola.fi\/kielikuvakohtaamisia\/wp-json\/wp\/v2\/posts\/2961","targetHints":{"allow":["GET"]}}],"collection":[{"href":"https:\/\/www.tarusola.fi\/kielikuvakohtaamisia\/wp-json\/wp\/v2\/posts"}],"about":[{"href":"https:\/\/www.tarusola.fi\/kielikuvakohtaamisia\/wp-json\/wp\/v2\/types\/post"}],"author":[{"embeddable":true,"href":"https:\/\/www.tarusola.fi\/kielikuvakohtaamisia\/wp-json\/wp\/v2\/users\/1"}],"replies":[{"embeddable":true,"href":"https:\/\/www.tarusola.fi\/kielikuvakohtaamisia\/wp-json\/wp\/v2\/comments?post=2961"}],"version-history":[{"count":31,"href":"https:\/\/www.tarusola.fi\/kielikuvakohtaamisia\/wp-json\/wp\/v2\/posts\/2961\/revisions"}],"predecessor-version":[{"id":3023,"href":"https:\/\/www.tarusola.fi\/kielikuvakohtaamisia\/wp-json\/wp\/v2\/posts\/2961\/revisions\/3023"}],"wp:attachment":[{"href":"https:\/\/www.tarusola.fi\/kielikuvakohtaamisia\/wp-json\/wp\/v2\/media?parent=2961"}],"wp:term":[{"taxonomy":"category","embeddable":true,"href":"https:\/\/www.tarusola.fi\/kielikuvakohtaamisia\/wp-json\/wp\/v2\/categories?post=2961"},{"taxonomy":"post_tag","embeddable":true,"href":"https:\/\/www.tarusola.fi\/kielikuvakohtaamisia\/wp-json\/wp\/v2\/tags?post=2961"}],"curies":[{"name":"wp","href":"https:\/\/api.w.org\/{rel}","templated":true}]}}