{"id":2933,"date":"2023-07-31T17:05:17","date_gmt":"2023-07-31T15:05:17","guid":{"rendered":"https:\/\/www.tarusola.fi\/kielikuvakohtaamisia\/?p=2933"},"modified":"2023-07-31T18:30:31","modified_gmt":"2023-07-31T16:30:31","slug":"kesaisissa-kirjavinkeissa","status":"publish","type":"post","link":"https:\/\/www.tarusola.fi\/kielikuvakohtaamisia\/kirja\/kesaisissa-kirjavinkeissa\/","title":{"rendered":"Kes\u00e4isiss\u00e4 kirjavinkeiss\u00e4"},"content":{"rendered":"\n<figure class=\"wp-block-image size-large\"><a href=\"https:\/\/www.tarusola.fi\/kielikuvakohtaamisia\/wp-content\/uploads\/2023\/07\/Kirjateltta.png\"><img loading=\"lazy\" decoding=\"async\" width=\"1024\" height=\"1024\" src=\"https:\/\/www.tarusola.fi\/kielikuvakohtaamisia\/wp-content\/uploads\/2023\/07\/Kirjateltta-1024x1024.png\" alt=\"\" class=\"wp-image-2935\" srcset=\"https:\/\/www.tarusola.fi\/kielikuvakohtaamisia\/wp-content\/uploads\/2023\/07\/Kirjateltta-1024x1024.png 1024w, https:\/\/www.tarusola.fi\/kielikuvakohtaamisia\/wp-content\/uploads\/2023\/07\/Kirjateltta-300x300.png 300w, https:\/\/www.tarusola.fi\/kielikuvakohtaamisia\/wp-content\/uploads\/2023\/07\/Kirjateltta-150x150.png 150w, https:\/\/www.tarusola.fi\/kielikuvakohtaamisia\/wp-content\/uploads\/2023\/07\/Kirjateltta-768x767.png 768w, https:\/\/www.tarusola.fi\/kielikuvakohtaamisia\/wp-content\/uploads\/2023\/07\/Kirjateltta-144x144.png 144w, https:\/\/www.tarusola.fi\/kielikuvakohtaamisia\/wp-content\/uploads\/2023\/07\/Kirjateltta.png 1299w\" sizes=\"auto, (max-width: 1024px) 100vw, 1024px\" \/><\/a><\/figure>\n\n\n\n<p><strong>Kahden yst\u00e4v\u00e4n kohtaaminen er\u00e4\u00e4n\u00e4 hein\u00e4kuun lopun p\u00e4iv\u00e4n\u00e4<\/strong><\/p>\n\n\n\n<p>\u2013 Hei, Satu! Voikohan jo n\u00e4in hein\u00e4kuun lopussa kysy\u00e4, miten sun kes\u00e4 on mennyt? Itse p\u00e4\u00e4sin tekem\u00e4\u00e4n pienen ulkomaanreissun ja nauttimaan my\u00f6s kotimaan kohteista. [Sini]<\/p>\n\n\n\n<p>\u2013 Kuulostaa tosi kivalta! Mun aika on mennyt etup\u00e4\u00e4ss\u00e4 luonnon keskell\u00e4 lukiessa ja kirjoittaessa. Tuulen humina, veden v\u00e4rin\u00e4 ja perhosten lento ovat virkist\u00e4neet tekstity\u00f6t\u00e4. Mun jokakes\u00e4inen toive on, ett\u00e4 t\u00e4t\u00e4 valoa saisi purkkiin marraskuuta varten.\u00a0 [Satu]<\/p>\n\n\n\n<figure class=\"wp-block-image size-large\"><a href=\"https:\/\/www.tarusola.fi\/kielikuvakohtaamisia\/wp-content\/uploads\/2023\/07\/Kuvituskuva2.jpg\"><img loading=\"lazy\" decoding=\"async\" width=\"1024\" height=\"683\" src=\"https:\/\/www.tarusola.fi\/kielikuvakohtaamisia\/wp-content\/uploads\/2023\/07\/Kuvituskuva2-1024x683.jpg\" alt=\"\" class=\"wp-image-2939\" srcset=\"https:\/\/www.tarusola.fi\/kielikuvakohtaamisia\/wp-content\/uploads\/2023\/07\/Kuvituskuva2-1024x683.jpg 1024w, https:\/\/www.tarusola.fi\/kielikuvakohtaamisia\/wp-content\/uploads\/2023\/07\/Kuvituskuva2-300x200.jpg 300w, https:\/\/www.tarusola.fi\/kielikuvakohtaamisia\/wp-content\/uploads\/2023\/07\/Kuvituskuva2-768x512.jpg 768w, https:\/\/www.tarusola.fi\/kielikuvakohtaamisia\/wp-content\/uploads\/2023\/07\/Kuvituskuva2.jpg 1181w\" sizes=\"auto, (max-width: 1024px) 100vw, 1024px\" \/><\/a><\/figure>\n\n\n\n<p>\u2013 Viel\u00e4 on kes\u00e4\u00e4 kuitenkin j\u00e4ljell\u00e4. Viimeksi kun n\u00e4htiin oli puhetta, ett\u00e4 sulla vois olla taas uusia lukuvinkkej\u00e4. Juuri nyt kaipaisin uusia tarinoita. [Sini]<\/p>\n\n\n\n<p>\u2013 Joo, on tullut luettua taas lukematon m\u00e4\u00e4r\u00e4 kirjoja. Osa kirjoista on kyll\u00e4 synk\u00e4hk\u00f6j\u00e4, sill\u00e4 monet liittyv\u00e4t Kirjallisuutta kriisialueilta -sarjaani, jossa on aiemmin kertomieni Ukrainaa ja Afganistania k\u00e4sittelevien suomenkielisten kirjojen lis\u00e4ksi ilmestynyt Somaliaa ja Irakia k\u00e4sittelevien suomenkielisten kirjojen artikkelit. Nyt on ty\u00f6n alla Syyriaan liittyv\u00e4 kirjallisuus. Ovatko Somalia, Irak ja Syyria sulle tuttuja kirjallisuuksiltaan?\u00a0 [Satu]<\/p>\n\n\n\n<figure class=\"wp-block-image size-large\"><a href=\"https:\/\/www.tarusola.fi\/kielikuvakohtaamisia\/wp-content\/uploads\/2023\/07\/Artikkelit.jpg\"><img loading=\"lazy\" decoding=\"async\" width=\"1024\" height=\"683\" src=\"https:\/\/www.tarusola.fi\/kielikuvakohtaamisia\/wp-content\/uploads\/2023\/07\/Artikkelit-1024x683.jpg\" alt=\"\" class=\"wp-image-2940\" srcset=\"https:\/\/www.tarusola.fi\/kielikuvakohtaamisia\/wp-content\/uploads\/2023\/07\/Artikkelit-1024x683.jpg 1024w, https:\/\/www.tarusola.fi\/kielikuvakohtaamisia\/wp-content\/uploads\/2023\/07\/Artikkelit-300x200.jpg 300w, https:\/\/www.tarusola.fi\/kielikuvakohtaamisia\/wp-content\/uploads\/2023\/07\/Artikkelit-768x512.jpg 768w, https:\/\/www.tarusola.fi\/kielikuvakohtaamisia\/wp-content\/uploads\/2023\/07\/Artikkelit.jpg 1181w\" sizes=\"auto, (max-width: 1024px) 100vw, 1024px\" \/><\/a><\/figure>\n\n\n\n<p>\u2013 T\u00e4ytyy sanoa, ett\u00e4 ovat kyll\u00e4 hyvin vieraita, ainakin toistaiseksi. Ehk\u00e4 sun vinkeill\u00e4 p\u00e4\u00e4sen tutustumaan niihinkin. [Sini]<\/p>\n\n\n\n<figure class=\"wp-block-image size-large\"><a href=\"https:\/\/www.tarusola.fi\/kielikuvakohtaamisia\/wp-content\/uploads\/2023\/07\/Somalia-kokoelmaa.jpg\"><img loading=\"lazy\" decoding=\"async\" width=\"1024\" height=\"721\" src=\"https:\/\/www.tarusola.fi\/kielikuvakohtaamisia\/wp-content\/uploads\/2023\/07\/Somalia-kokoelmaa-1024x721.jpg\" alt=\"\" class=\"wp-image-2942\" srcset=\"https:\/\/www.tarusola.fi\/kielikuvakohtaamisia\/wp-content\/uploads\/2023\/07\/Somalia-kokoelmaa-1024x721.jpg 1024w, https:\/\/www.tarusola.fi\/kielikuvakohtaamisia\/wp-content\/uploads\/2023\/07\/Somalia-kokoelmaa-300x211.jpg 300w, https:\/\/www.tarusola.fi\/kielikuvakohtaamisia\/wp-content\/uploads\/2023\/07\/Somalia-kokoelmaa-768x540.jpg 768w, https:\/\/www.tarusola.fi\/kielikuvakohtaamisia\/wp-content\/uploads\/2023\/07\/Somalia-kokoelmaa.jpg 1181w\" sizes=\"auto, (max-width: 1024px) 100vw, 1024px\" \/><\/a><\/figure>\n\n\n\n<p>\u2013Itsellenik\u00e4\u00e4n ne eiv\u00e4t olleet kovin tuttuja ennen luku-urakoitani. Somaliaan liittyv\u00e4st\u00e4 suomenkielisest\u00e4\u00a0 kirjallisuudesta taisin suositella sulle aiemmin sit\u00e4 <strong>Nura Farahin<\/strong><em> Lumimaata<\/em>. Toinen suositteluni on t\u00e4m\u00e4, josta kirjoitin artikkelissa n\u00e4in: &#8221;Somalialais-brittil\u00e4isen <strong>Nadifa Mohamedin<\/strong><em> Kadotettujen hedelm\u00e4tarha<\/em> (suom. Heli Naski, Atena, 2014) on palkittu romaani, joka sijoittuu 1980-luvun lopun Somaliaan. Se on karu, julma ja samalla kaunis tarina kolmesta naispuolisesta keskushenkil\u00f6st\u00e4, joiden el\u00e4m\u00e4n polut kohtaavat er\u00e4\u00e4n kohtalokkaan tapahtuman my\u00f6t\u00e4. 9-vuotias Deqo, nuori Filsan-niminen sotilas ja vanha rouva Kawsar. He kaikki ovat omalla tavallaan vahvoja rajuissa olosuhteissa, ja periksiantamattomuus vie heit\u00e4 eteenp\u00e4in. Tapahtumien keskeisen\u00e4 n\u00e4ytt\u00e4m\u00f6n\u00e4 toimii Hargeisan kaupunki, ja kirjailija on kertomansa mukaan saanut tarinaansa inspiraatiota iso\u00e4itins\u00e4 el\u00e4m\u00e4n elementeist\u00e4. Romaani on kaunokirjallisuutta, joka j\u00e4\u00e4 mieleen pitk\u00e4ksi aikaa.\u201d T\u00e4ss\u00e4 viel\u00e4 pieni katkelma teoksesta: \u201dH\u00e4nen hedelm\u00e4tarhassaan puut ovat saaneet syntyns\u00e4 kuolemista; ne olivat merkkin\u00e4 h\u00e4nen kauttaan kulkeneiden lasten maallisista j\u00e4\u00e4nn\u00f6ksist\u00e4 ja kasvoivat niist\u00e4. H\u00e4n ei koskaan poiminut niist\u00e4 pudonneita hedelmi\u00e4, koska piti sit\u00e4 er\u00e4\u00e4nlaisena kannibalismina, mutta niist\u00e4 pehmeist\u00e4, muodottomista olennoista oli kasvanut pitki\u00e4, vahvoja, kovakaarnaisia puita, jotka kukkivat ja kutsuivat lintuja oksilleen ja kiipesiv\u00e4t hedelm\u00e4tarhan aitojen yli niiden takana olevaan maailmaan.\u201d (s. 141.)\u00a0 [Satu]<\/p>\n\n\n\n<figure class=\"wp-block-image size-large\"><a href=\"https:\/\/www.tarusola.fi\/kielikuvakohtaamisia\/wp-content\/uploads\/2023\/07\/Kuvituskuva.jpg\"><img loading=\"lazy\" decoding=\"async\" width=\"1024\" height=\"768\" src=\"https:\/\/www.tarusola.fi\/kielikuvakohtaamisia\/wp-content\/uploads\/2023\/07\/Kuvituskuva-1024x768.jpg\" alt=\"\" class=\"wp-image-2941\" srcset=\"https:\/\/www.tarusola.fi\/kielikuvakohtaamisia\/wp-content\/uploads\/2023\/07\/Kuvituskuva-1024x768.jpg 1024w, https:\/\/www.tarusola.fi\/kielikuvakohtaamisia\/wp-content\/uploads\/2023\/07\/Kuvituskuva-300x225.jpg 300w, https:\/\/www.tarusola.fi\/kielikuvakohtaamisia\/wp-content\/uploads\/2023\/07\/Kuvituskuva-768x576.jpg 768w, https:\/\/www.tarusola.fi\/kielikuvakohtaamisia\/wp-content\/uploads\/2023\/07\/Kuvituskuva.jpg 1181w\" sizes=\"auto, (max-width: 1024px) 100vw, 1024px\" \/><\/a><\/figure>\n\n\n\n<p>\u2013 Todella vaikuttava tekstinp\u00e4tk\u00e4. Harmikseni t\u00e4t\u00e4 Nadifa Mohamedin kirjaa ei l\u00f6ytynyt BookBeatista. T\u00e4ytyykin varmaan k\u00e4\u00e4nty\u00e4 kirjaston puoleen. [Sini]<\/p>\n\n\n\n<p>\u2013 Joo, kirjasto auttaa aina. Irakiin liittyv\u00e4st\u00e4 suomenkielisest\u00e4 kirjallisuudesta nostaisin esiin kirjan <em>Bagdadin kutsu<\/em>. Siit\u00e4 kirjoitin n\u00e4in: \u201cVaimonsa nimest\u00e4 johdetulla salanimell\u00e4 kirjoittavan<strong> Yasmina Khadran <\/strong>eli entisen Algerian armeijan upseerin <strong>Mohammed Moulessehoulin <\/strong>romaani <em>Bagdadin kutsu <\/em>(suom. Lotta Toivanen, WSOY, 2007) on kuvaus kostoon johtavasta vihasta. Amerikkalaisiin miehitt\u00e4jiin ja heid\u00e4n iskuihinsa kohdistuva katkeruus on suurempaa kuin Saddam Husseiniin kohdistunut. &#8217;He eiv\u00e4t tunne tapojamme, haaveitamme saati rukouksiamme. Ennen kaikkea he eiv\u00e4t tied\u00e4, ett\u00e4 meill\u00e4 on tukipilarimme, ett\u00e4 muistimme on s\u00e4r\u00f6t\u00f6n ja valintamme oikeamieliset. Mit\u00e4 he tiet\u00e4v\u00e4t Mesopotamiasta, siit\u00e4 loisteliaasta Irakista, jota he tallaavat surkeilla saappaillaan? Mit\u00e4 Baabelin tornista, riippuvista puutarhoista, Harun ar-Rashidista, <em>Tuhannen ja yhden y\u00f6n tarinoista<\/em>? Eiv\u00e4t mit\u00e4\u00e4n! He eiv\u00e4t tutki menneisyyden sit\u00e4 puolta, he n\u00e4kev\u00e4t maamme pelkk\u00e4n\u00e4 valtaisana \u00f6ljyl\u00e4t\u00e4kk\u00f6n\u00e4, josta he latkivat veremme viimeisen pisaran.&#8217; (s. 137.)\u00a0<\/p>\n\n\n\n<p><em>Bagdadin kutsu<\/em> on kaunokirjallisesti tasokas romaani, ja vaikka se on t\u00e4ynn\u00e4 raakuuksien kuvausta, se pit\u00e4\u00e4 otteessaan loppuun asti. Kun Kafr Karamin kyl\u00e4st\u00e4 kostoretkelleen l\u00e4htev\u00e4 nuori beduiini p\u00e4\u00e4tyy Bagdadin kautta Libyaan, suunniteltu kosto saa pandemiavuosien varjossa luettuna entist\u00e4 hyyt\u00e4v\u00e4mpi\u00e4 s\u00e4vyj\u00e4.\u201d [Satu]<\/p>\n\n\n\n<figure class=\"wp-block-image size-large\"><a href=\"https:\/\/www.tarusola.fi\/kielikuvakohtaamisia\/wp-content\/uploads\/2023\/07\/Bagdadin-kutsu.jpg\"><img loading=\"lazy\" decoding=\"async\" width=\"643\" height=\"1024\" src=\"https:\/\/www.tarusola.fi\/kielikuvakohtaamisia\/wp-content\/uploads\/2023\/07\/Bagdadin-kutsu-643x1024.jpg\" alt=\"\" class=\"wp-image-2943\" srcset=\"https:\/\/www.tarusola.fi\/kielikuvakohtaamisia\/wp-content\/uploads\/2023\/07\/Bagdadin-kutsu-643x1024.jpg 643w, https:\/\/www.tarusola.fi\/kielikuvakohtaamisia\/wp-content\/uploads\/2023\/07\/Bagdadin-kutsu-188x300.jpg 188w, https:\/\/www.tarusola.fi\/kielikuvakohtaamisia\/wp-content\/uploads\/2023\/07\/Bagdadin-kutsu.jpg 742w\" sizes=\"auto, (max-width: 643px) 100vw, 643px\" \/><\/a><\/figure>\n\n\n\n<p>\u2013 Ei siis kevytt\u00e4 kes\u00e4lukemista, mutta kuulostaa kyll\u00e4 kiinnostavalta. Ent\u00e4 Syyriaan liittyv\u00e4 kirjallisuus, mit\u00e4 suosittelisit luettavaksi? [Sini]<\/p>\n\n\n\n<p>\u2013 Joo, n\u00e4m\u00e4 Kriisialue-sarjan kirjat ovat tosiaan aika rankkoja, mutta niin on el\u00e4m\u00e4kin kriisialueilla. Syyrian osalta mun lukuprojekti on viel\u00e4 kesken; juttu ilmestyy vasta lokakuussa. Voisin antaa silloin vinkkej\u00e4 uudemman kerran sen osalta ja nyt ehk\u00e4 v\u00e4h\u00e4n kevyemp\u00e4\u00e4 kes\u00e4lukemista \u2013 tai ei ainakaan niin sotien s\u00e4vytt\u00e4m\u00e4\u00e4. Yksi sellainen on <strong>Claudia Durastantin<\/strong> <em>Tuntemani vieraat <\/em>(suom. <strong>Taru Nystr\u00f6m<\/strong>, Kustantamo S&amp;S, 2022). Se on sek\u00e4 omakohtainen ett\u00e4 omaleimainen teos keski\u00f6ss\u00e4\u00e4n perhe ja erityisess\u00e4 valokeilassa min\u00e4-kertojan kuurot vanhemmat paikoitellen hurjine tarinoineen. Vanhempien varautunut suhtautuminen viittomakieleen on vaikuttanut suuresti koko perheen vuorovaikutukseen. Teos on koostuu melko lyhyist\u00e4 osioista, jotka voi halutessaan lukea miss\u00e4 j\u00e4rjestyksess\u00e4 tahansa. [Satu]<\/p>\n\n\n\n<figure class=\"wp-block-image size-large\"><a href=\"https:\/\/www.tarusola.fi\/kielikuvakohtaamisia\/wp-content\/uploads\/2023\/07\/Lukunurkassa-Tuntemani-vieraat.jpg\"><img loading=\"lazy\" decoding=\"async\" width=\"1024\" height=\"683\" src=\"https:\/\/www.tarusola.fi\/kielikuvakohtaamisia\/wp-content\/uploads\/2023\/07\/Lukunurkassa-Tuntemani-vieraat-1024x683.jpg\" alt=\"\" class=\"wp-image-2944\" srcset=\"https:\/\/www.tarusola.fi\/kielikuvakohtaamisia\/wp-content\/uploads\/2023\/07\/Lukunurkassa-Tuntemani-vieraat-1024x683.jpg 1024w, https:\/\/www.tarusola.fi\/kielikuvakohtaamisia\/wp-content\/uploads\/2023\/07\/Lukunurkassa-Tuntemani-vieraat-300x200.jpg 300w, https:\/\/www.tarusola.fi\/kielikuvakohtaamisia\/wp-content\/uploads\/2023\/07\/Lukunurkassa-Tuntemani-vieraat-768x512.jpg 768w, https:\/\/www.tarusola.fi\/kielikuvakohtaamisia\/wp-content\/uploads\/2023\/07\/Lukunurkassa-Tuntemani-vieraat.jpg 1181w\" sizes=\"auto, (max-width: 1024px) 100vw, 1024px\" \/><\/a><\/figure>\n\n\n\n<p>\u2013 Kuulostaa ihan huippumielenkiintoiselta. Kiitos taas lukuvinkeist\u00e4! Oletko muuten ehtinyt vierailla kes\u00e4n\u00e4yttelyiss\u00e4? [Sini]<\/p>\n\n\n\n<p>\u2013 Joo, olen. Esimerkiksi <a rel=\"noreferrer noopener\" href=\"https:\/\/taidekeskussalmela.fi\/\" target=\"_blank\">Taidekeskus Salmelassa<\/a> ja siihen liittyv\u00e4ss\u00e4 <a rel=\"noreferrer noopener\" href=\"https:\/\/taidekeskussalmela.fi\/vuohijarvinayttelyt\" target=\"_blank\">Vuohij\u00e4rven luonto- ja kulttuuritalossa<\/a>, jossa on esill\u00e4 Riitta Nelimarkan teoksia <em>Hassuna 2<\/em> -n\u00e4yttelyss\u00e4. [Satu]<\/p>\n\n\n\n<p>\u2013 Olisikohan meill\u00e4 viel\u00e4 elokuussa aikaa tutustua yhdess\u00e4 kotimaan n\u00e4yttelytarjontaan? [Sini]<\/p>\n\n\n\n<p>\u2013 Ehdottomasti! Miten olisi <a rel=\"noreferrer noopener\" href=\"https:\/\/helsinkibiennaali.fi\/\" target=\"_blank\">Helsinki Biennaali<\/a>, joka on auki viel\u00e4 17. p\u00e4iv\u00e4\u00e4n syyskuuta? [Satu]<\/p>\n\n\n\n<p>\u2013 Hyv\u00e4 idea! N\u00e4hd\u00e4\u00e4n siell\u00e4! [Sini]<\/p>\n\n\n\n<figure class=\"wp-block-image size-large\"><a href=\"https:\/\/www.tarusola.fi\/kielikuvakohtaamisia\/wp-content\/uploads\/2023\/07\/Loppukuvaehdotus.jpg\"><img loading=\"lazy\" decoding=\"async\" width=\"1024\" height=\"683\" src=\"https:\/\/www.tarusola.fi\/kielikuvakohtaamisia\/wp-content\/uploads\/2023\/07\/Loppukuvaehdotus-1024x683.jpg\" alt=\"\" class=\"wp-image-2948\" srcset=\"https:\/\/www.tarusola.fi\/kielikuvakohtaamisia\/wp-content\/uploads\/2023\/07\/Loppukuvaehdotus-1024x683.jpg 1024w, https:\/\/www.tarusola.fi\/kielikuvakohtaamisia\/wp-content\/uploads\/2023\/07\/Loppukuvaehdotus-300x200.jpg 300w, https:\/\/www.tarusola.fi\/kielikuvakohtaamisia\/wp-content\/uploads\/2023\/07\/Loppukuvaehdotus-768x512.jpg 768w, https:\/\/www.tarusola.fi\/kielikuvakohtaamisia\/wp-content\/uploads\/2023\/07\/Loppukuvaehdotus.jpg 1181w\" sizes=\"auto, (max-width: 1024px) 100vw, 1024px\" \/><\/a><\/figure>\n\n\n\n<p>\u00a9 <a href=\"http:\/\/www.tarusola.fi\" target=\"_blank\" rel=\"noreferrer noopener\">Tarusola<\/a><\/p>\n","protected":false},"excerpt":{"rendered":"<p>Kahden yst\u00e4v\u00e4n kohtaaminen er\u00e4\u00e4n\u00e4 hein\u00e4kuun lopun p\u00e4iv\u00e4n\u00e4 \u2013 Hei, Satu! Voikohan jo n\u00e4in hein\u00e4kuun lopussa kysy\u00e4, miten sun kes\u00e4 on mennyt? Itse p\u00e4\u00e4sin tekem\u00e4\u00e4n pienen ulkomaanreissun ja nauttimaan my\u00f6s kotimaan kohteista. [Sini] \u2013 Kuulostaa tosi kivalta! Mun aika on mennyt etup\u00e4\u00e4ss\u00e4 luonnon keskell\u00e4 lukiessa ja kirjoittaessa. Tuulen humina, veden v\u00e4rin\u00e4 ja perhosten lento ovat virkist\u00e4neet [&hellip;]<\/p>\n","protected":false},"author":1,"featured_media":0,"comment_status":"open","ping_status":"open","sticky":false,"template":"","format":"standard","meta":{"sfsi_plus_gutenberg_text_before_share":"","sfsi_plus_gutenberg_show_text_before_share":"","sfsi_plus_gutenberg_icon_type":"","sfsi_plus_gutenberg_icon_alignemt":"","sfsi_plus_gutenburg_max_per_row":"","footnotes":""},"categories":[172],"tags":[395,256,396],"class_list":["post-2933","post","type-post","status-publish","format-standard","hentry","category-kirja","tag-irakin-kirjallisuus","tag-kirjavinkit","tag-somalian-kirjallisuus"],"_links":{"self":[{"href":"https:\/\/www.tarusola.fi\/kielikuvakohtaamisia\/wp-json\/wp\/v2\/posts\/2933","targetHints":{"allow":["GET"]}}],"collection":[{"href":"https:\/\/www.tarusola.fi\/kielikuvakohtaamisia\/wp-json\/wp\/v2\/posts"}],"about":[{"href":"https:\/\/www.tarusola.fi\/kielikuvakohtaamisia\/wp-json\/wp\/v2\/types\/post"}],"author":[{"embeddable":true,"href":"https:\/\/www.tarusola.fi\/kielikuvakohtaamisia\/wp-json\/wp\/v2\/users\/1"}],"replies":[{"embeddable":true,"href":"https:\/\/www.tarusola.fi\/kielikuvakohtaamisia\/wp-json\/wp\/v2\/comments?post=2933"}],"version-history":[{"count":16,"href":"https:\/\/www.tarusola.fi\/kielikuvakohtaamisia\/wp-json\/wp\/v2\/posts\/2933\/revisions"}],"predecessor-version":[{"id":2959,"href":"https:\/\/www.tarusola.fi\/kielikuvakohtaamisia\/wp-json\/wp\/v2\/posts\/2933\/revisions\/2959"}],"wp:attachment":[{"href":"https:\/\/www.tarusola.fi\/kielikuvakohtaamisia\/wp-json\/wp\/v2\/media?parent=2933"}],"wp:term":[{"taxonomy":"category","embeddable":true,"href":"https:\/\/www.tarusola.fi\/kielikuvakohtaamisia\/wp-json\/wp\/v2\/categories?post=2933"},{"taxonomy":"post_tag","embeddable":true,"href":"https:\/\/www.tarusola.fi\/kielikuvakohtaamisia\/wp-json\/wp\/v2\/tags?post=2933"}],"curies":[{"name":"wp","href":"https:\/\/api.w.org\/{rel}","templated":true}]}}