{"id":2900,"date":"2023-06-30T12:23:43","date_gmt":"2023-06-30T10:23:43","guid":{"rendered":"https:\/\/www.tarusola.fi\/kielikuvakohtaamisia\/?p=2900"},"modified":"2023-06-30T13:19:40","modified_gmt":"2023-06-30T11:19:40","slug":"hameenlinnan-taidemuseossa","status":"publish","type":"post","link":"https:\/\/www.tarusola.fi\/kielikuvakohtaamisia\/nayttely\/hameenlinnan-taidemuseossa\/","title":{"rendered":"H\u00e4meenlinnan taidemuseossa"},"content":{"rendered":"\n<figure class=\"wp-block-image size-large\"><a href=\"https:\/\/www.tarusola.fi\/kielikuvakohtaamisia\/wp-content\/uploads\/2023\/06\/Hameenlinnan-taidemuseossa.png\"><img loading=\"lazy\" decoding=\"async\" width=\"1024\" height=\"1024\" src=\"https:\/\/www.tarusola.fi\/kielikuvakohtaamisia\/wp-content\/uploads\/2023\/06\/Hameenlinnan-taidemuseossa-1024x1024.png\" alt=\"\" class=\"wp-image-2902\" srcset=\"https:\/\/www.tarusola.fi\/kielikuvakohtaamisia\/wp-content\/uploads\/2023\/06\/Hameenlinnan-taidemuseossa-1024x1024.png 1024w, https:\/\/www.tarusola.fi\/kielikuvakohtaamisia\/wp-content\/uploads\/2023\/06\/Hameenlinnan-taidemuseossa-300x300.png 300w, https:\/\/www.tarusola.fi\/kielikuvakohtaamisia\/wp-content\/uploads\/2023\/06\/Hameenlinnan-taidemuseossa-150x150.png 150w, https:\/\/www.tarusola.fi\/kielikuvakohtaamisia\/wp-content\/uploads\/2023\/06\/Hameenlinnan-taidemuseossa-768x767.png 768w, https:\/\/www.tarusola.fi\/kielikuvakohtaamisia\/wp-content\/uploads\/2023\/06\/Hameenlinnan-taidemuseossa-144x144.png 144w, https:\/\/www.tarusola.fi\/kielikuvakohtaamisia\/wp-content\/uploads\/2023\/06\/Hameenlinnan-taidemuseossa.png 1299w\" sizes=\"auto, (max-width: 1024px) 100vw, 1024px\" \/><\/a><\/figure>\n\n\n\n<p><strong>Kolmen yst\u00e4v\u00e4n kohtaaminen er\u00e4\u00e4n\u00e4 kes\u00e4kuun p\u00e4iv\u00e4n\u00e4<\/strong><\/p>\n\n\n\n<p>\u2013 Moikka, Sini! Tosi kivaa, ett\u00e4 l\u00f6ydettiin aikaa t\u00e4lle kes\u00e4iselle kulttuuriretkelle! [Satu]<\/p>\n\n\n\n<p>\u2013&nbsp; Hei, Satu ja Suvi! T\u00e4\u00e4ll\u00e4 H\u00e4meenlinnassa ei ollakaan k\u00e4yty yhdess\u00e4 aikaisemmin. Onko t\u00e4m\u00e4 taidemuseo teille entuudestaan tuttu paikka? [Sini]<\/p>\n\n\n\n<figure class=\"wp-block-image size-large\"><a href=\"https:\/\/www.tarusola.fi\/kielikuvakohtaamisia\/wp-content\/uploads\/2023\/06\/Hameenlinnan-taidemuseo1.jpg\"><img loading=\"lazy\" decoding=\"async\" width=\"1024\" height=\"683\" src=\"https:\/\/www.tarusola.fi\/kielikuvakohtaamisia\/wp-content\/uploads\/2023\/06\/Hameenlinnan-taidemuseo1-1024x683.jpg\" alt=\"\" class=\"wp-image-2907\" srcset=\"https:\/\/www.tarusola.fi\/kielikuvakohtaamisia\/wp-content\/uploads\/2023\/06\/Hameenlinnan-taidemuseo1-1024x683.jpg 1024w, https:\/\/www.tarusola.fi\/kielikuvakohtaamisia\/wp-content\/uploads\/2023\/06\/Hameenlinnan-taidemuseo1-300x200.jpg 300w, https:\/\/www.tarusola.fi\/kielikuvakohtaamisia\/wp-content\/uploads\/2023\/06\/Hameenlinnan-taidemuseo1-768x512.jpg 768w, https:\/\/www.tarusola.fi\/kielikuvakohtaamisia\/wp-content\/uploads\/2023\/06\/Hameenlinnan-taidemuseo1.jpg 1181w\" sizes=\"auto, (max-width: 1024px) 100vw, 1024px\" \/><\/a><\/figure>\n\n\n\n<p>\u2013 En ole k\u00e4ynyt koskaan ennen t\u00e4\u00e4ll\u00e4. H\u00e4meenlinnassa olen my\u00f6s ensimm\u00e4ist\u00e4 kertaa.&nbsp;[Suvi]<\/p>\n\n\n\n<p>\u2013 Mullekin t\u00e4m\u00e4 taidemuseo on uusi tuttavuus. Milj\u00f6\u00f6 ainakin on oikein vieh\u00e4tt\u00e4v\u00e4.&nbsp;[Satu]<\/p>\n\n\n\n<p>\u2013 Viimeksi kun k\u00e4vin t\u00e4\u00e4ll\u00e4, esill\u00e4 oli <strong>Tommi Toijan<\/strong> hieno n\u00e4yttely. Se oli tuossa viereisess\u00e4 Engel-rakennuksessa, joten t\u00e4\u00e4ll\u00e4 Lohrmann-rakennuksessa en ole vieraillut aiemmin. [Sini]<\/p>\n\n\n\n<figure class=\"wp-block-image size-large\"><a href=\"https:\/\/www.tarusola.fi\/kielikuvakohtaamisia\/wp-content\/uploads\/2023\/06\/Museorakennus.jpg\"><img loading=\"lazy\" decoding=\"async\" width=\"1024\" height=\"683\" src=\"https:\/\/www.tarusola.fi\/kielikuvakohtaamisia\/wp-content\/uploads\/2023\/06\/Museorakennus-1024x683.jpg\" alt=\"\" class=\"wp-image-2910\" srcset=\"https:\/\/www.tarusola.fi\/kielikuvakohtaamisia\/wp-content\/uploads\/2023\/06\/Museorakennus-1024x683.jpg 1024w, https:\/\/www.tarusola.fi\/kielikuvakohtaamisia\/wp-content\/uploads\/2023\/06\/Museorakennus-300x200.jpg 300w, https:\/\/www.tarusola.fi\/kielikuvakohtaamisia\/wp-content\/uploads\/2023\/06\/Museorakennus-768x512.jpg 768w, https:\/\/www.tarusola.fi\/kielikuvakohtaamisia\/wp-content\/uploads\/2023\/06\/Museorakennus.jpg 1181w\" sizes=\"auto, (max-width: 1024px) 100vw, 1024px\" \/><\/a><\/figure>\n\n\n\n<p>\u2013 Mik\u00e4 n\u00e4yttely t\u00e4\u00e4ll\u00e4 onkaan nyt?&nbsp;[Suvi]<\/p>\n\n\n\n<p>\u2013 Vexi Salmi ja yst\u00e4v\u00e4t &#8211;<a rel=\"noreferrer noopener\" href=\"https:\/\/www.hameenlinnantaidemuseo.fi\/nayttelyt\/vexi-salmen-ystavat-muistonayttely\/\" target=\"_blank\">muiston\u00e4yttely<\/a>, jossa on runsaasti teoksia <strong>Vexi Salmen<\/strong> ja h\u00e4nen vaimonsa <strong>Katri Wanner-Salmen<\/strong> kokoelmasta. Kuinka hyvin tunnette Salmen ja h\u00e4nen el\u00e4m\u00e4nty\u00f6ns\u00e4? [Satu]<\/p>\n\n\n\n<figure class=\"wp-block-image size-large\"><a href=\"https:\/\/www.tarusola.fi\/kielikuvakohtaamisia\/wp-content\/uploads\/2023\/06\/VexiSalmijaYstavat.jpg\"><img loading=\"lazy\" decoding=\"async\" width=\"1024\" height=\"801\" src=\"https:\/\/www.tarusola.fi\/kielikuvakohtaamisia\/wp-content\/uploads\/2023\/06\/VexiSalmijaYstavat-1024x801.jpg\" alt=\"\" class=\"wp-image-2909\" srcset=\"https:\/\/www.tarusola.fi\/kielikuvakohtaamisia\/wp-content\/uploads\/2023\/06\/VexiSalmijaYstavat-1024x801.jpg 1024w, https:\/\/www.tarusola.fi\/kielikuvakohtaamisia\/wp-content\/uploads\/2023\/06\/VexiSalmijaYstavat-300x235.jpg 300w, https:\/\/www.tarusola.fi\/kielikuvakohtaamisia\/wp-content\/uploads\/2023\/06\/VexiSalmijaYstavat-768x601.jpg 768w, https:\/\/www.tarusola.fi\/kielikuvakohtaamisia\/wp-content\/uploads\/2023\/06\/VexiSalmijaYstavat.jpg 1181w\" sizes=\"auto, (max-width: 1024px) 100vw, 1024px\" \/><\/a><\/figure>\n\n\n\n<p>\u2013 Kyll\u00e4h\u00e4n Vexi Salmen vaikutus suomalaiseen musiikkiin on tullut tutuksi. Tiesin h\u00e4nen olevan my\u00f6s kuvataiteen yst\u00e4v\u00e4 ja ker\u00e4ilij\u00e4. Sit\u00e4 en tiennyt, ett\u00e4 h\u00e4n on l\u00e4ht\u00f6isin H\u00e4meenlinnasta. Kiinnostavaa p\u00e4\u00e4st\u00e4 tutustumaan kokoelman\u00e4yttelyyn.&nbsp;[Sini]<\/p>\n\n\n\n<p>\u2013 T\u00e4\u00e4ll\u00e4 yl\u00e4kerrassahan on sein\u00e4t ja lattiat t\u00e4ynn\u00e4 teoksia!&nbsp;[Suvi]<\/p>\n\n\n\n<p>\u2013 Yhdell\u00e4 sein\u00e4ll\u00e4 olevan sitaatin mukaan Vexi Salmi on sanonut: \u201cMik\u00e4 lauluista tulee, se tauluihin menee.\u201d N\u00e4yttelyteksteiss\u00e4 on muitakin Salmen ajatuksia. T\u00e4st\u00e4 <em>Intohimona taide<\/em> -kirjasta (2005) esiin nostetusta pid\u00e4n erityisesti: \u201cIhmiset havainnoivat ymp\u00e4rist\u00f6ns\u00e4 ja kaiken kokemansa aistein. Muistoihin liittyv\u00e4t tuoksut, maut, tunnot, sanat ja kuvat. Usein n\u00e4it\u00e4 on vaikea erottaa toisistaan. Itse olen kirjoittaessani maalannut muistojani sanoin.\u201d [Satu]<\/p>\n\n\n\n<p>\u2013 N\u00e4in nopean ensisilm\u00e4yksen perusteella n\u00e4ytt\u00e4\u00e4 silt\u00e4, ett\u00e4 Salmen taidemaku on ollut monipuolinen. Teoksia on tunnetuilta suomalaisilta taiteilijoilta, mutta my\u00f6s Suomen ulkopuolella vaikuttaneilta taiteilijoilta. N\u00e4yttelyn nimi viittaa ilmeisesti Vexi Salmen tokaisuun \u201dTeoksista on tullut yst\u00e4vi\u00e4ni\u201d, mutta ymm\u00e4rt\u00e4\u00e4kseni my\u00f6s h\u00e4nen tuttavapiiriins\u00e4 kuului paljon kuvataiteilijoita. L\u00f6ytyyk\u00f6 teille suosikkeja kokoelman teoksista?&nbsp;[Sini]<\/p>\n\n\n\n<figure class=\"wp-block-image size-large\"><a href=\"https:\/\/www.tarusola.fi\/kielikuvakohtaamisia\/wp-content\/uploads\/2023\/06\/OttoPankok.jpg\"><img loading=\"lazy\" decoding=\"async\" width=\"1024\" height=\"656\" src=\"https:\/\/www.tarusola.fi\/kielikuvakohtaamisia\/wp-content\/uploads\/2023\/06\/OttoPankok-1024x656.jpg\" alt=\"\" class=\"wp-image-2912\" srcset=\"https:\/\/www.tarusola.fi\/kielikuvakohtaamisia\/wp-content\/uploads\/2023\/06\/OttoPankok-1024x656.jpg 1024w, https:\/\/www.tarusola.fi\/kielikuvakohtaamisia\/wp-content\/uploads\/2023\/06\/OttoPankok-300x192.jpg 300w, https:\/\/www.tarusola.fi\/kielikuvakohtaamisia\/wp-content\/uploads\/2023\/06\/OttoPankok-768x492.jpg 768w, https:\/\/www.tarusola.fi\/kielikuvakohtaamisia\/wp-content\/uploads\/2023\/06\/OttoPankok.jpg 1181w\" sizes=\"auto, (max-width: 1024px) 100vw, 1024px\" \/><\/a><\/figure>\n\n\n\n<p>\u2013 T\u00e4m\u00e4 <strong>Otto Pankokin <\/strong><em>Neujahrsgruss f\u00fcr 1939<\/em> her\u00e4tt\u00e4\u00e4 suurta sympatiaa erityisesti nen\u00e4apinansa ja tekstins\u00e4\u00a0 puolesta. Nen\u00e4apinasta tulee heti mieleen meid\u00e4n <em>Mainion matkatoimiston<\/em> Nestori Nen\u00e4apina, ja teksti \u201c1939 ist mit Vorsicht zu betreten!\u201d her\u00e4tt\u00e4\u00e4 monenlaisia ajatuksia varovaisuudesta silloin ja varovaisuudesta nyt. <strong>Rosa Liksomin <\/strong>t\u00f6ist\u00e4 olen aina pit\u00e4nyt paljon, varsinkin h\u00e4nen kirjallisesta tuotannostaan. H\u00e4nen novellikokoelmansa <em>Yhden y\u00f6n pys\u00e4kki <\/em>(1985), <em>Unohdettu vartti <\/em>(1986) ja <em>Tyhj\u00e4n tien paratiisit<\/em> (1989) tekiv\u00e4t aikoinaan l\u00e4htem\u00e4tt\u00f6m\u00e4n vaikutuksen, ja ajattelen joka kerta niit\u00e4, kun n\u00e4en Liksomin muita t\u00f6it\u00e4. [Satu]<\/p>\n\n\n\n<p>\u2013 M\u00e4 tykk\u00e4\u00e4n n\u00e4ist\u00e4 tulitikkuaskit\u00f6ist\u00e4. Mua vet\u00e4\u00e4 puoleensa t\u00e4llaisissa kokoelmat\u00f6iss\u00e4 se, ett\u00e4 niiss\u00e4 on monia erilaisia osia, joista syntyy kokonaisuus. Ja huomasin, ett\u00e4 t\u00e4\u00e4ll\u00e4 on my\u00f6s <strong>Otto Dixin<\/strong> teoksia. Olin juuri koulussa k\u00e4sitellyt h\u00e4nt\u00e4 ja sodan vaikutusta taiteeseen. Mik\u00e4 on sun lempiteoksesi t\u00e4\u00e4ll\u00e4, Sini?&nbsp;[Suvi]<\/p>\n\n\n\n<figure class=\"wp-block-image size-large\"><a href=\"https:\/\/www.tarusola.fi\/kielikuvakohtaamisia\/wp-content\/uploads\/2023\/06\/OttoDix.jpg\"><img loading=\"lazy\" decoding=\"async\" width=\"926\" height=\"1024\" src=\"https:\/\/www.tarusola.fi\/kielikuvakohtaamisia\/wp-content\/uploads\/2023\/06\/OttoDix-926x1024.jpg\" alt=\"\" class=\"wp-image-2913\" srcset=\"https:\/\/www.tarusola.fi\/kielikuvakohtaamisia\/wp-content\/uploads\/2023\/06\/OttoDix-926x1024.jpg 926w, https:\/\/www.tarusola.fi\/kielikuvakohtaamisia\/wp-content\/uploads\/2023\/06\/OttoDix-271x300.jpg 271w, https:\/\/www.tarusola.fi\/kielikuvakohtaamisia\/wp-content\/uploads\/2023\/06\/OttoDix-768x849.jpg 768w, https:\/\/www.tarusola.fi\/kielikuvakohtaamisia\/wp-content\/uploads\/2023\/06\/OttoDix.jpg 1068w\" sizes=\"auto, (max-width: 926px) 100vw, 926px\" \/><\/a><\/figure>\n\n\n\n<p>\u2013 L\u00f6ysin monta suosikkia, mutta erityisesti ilahduin l\u00f6ydetty\u00e4ni t\u00e4\u00e4lt\u00e4 originaalikuvitukset <strong>Wiggo Wallensk\u00f6ldin<\/strong> <em>Anatolij D. Mbdrinov, sienitieteilij\u00e4<\/em> -kirjaan. Wallensk\u00f6ldin kirja kertoo kuvitteellisen sienitieteilij\u00e4n el\u00e4m\u00e4st\u00e4 ja tutkimuksista. T\u00e4ss\u00e4 vieress\u00e4 on my\u00f6s kirjan selailukappale. N\u00e4yttelytekstiss\u00e4 kerrotaan, ett\u00e4 kuvitukset olivat myynniss\u00e4 yksitt\u00e4isin\u00e4 teoksina, mutta Vexi Salmi halusi s\u00e4ilytt\u00e4\u00e4 kuvituksen kokonaisuutena ja otti niiden ostoa varten pankkilainan. Hienoa, ett\u00e4 ne p\u00e4\u00e4see nytkin n\u00e4kem\u00e4\u00e4n kokonaisuutena osana kokoelmaa. [Sini]<\/p>\n\n\n\n<figure class=\"wp-block-image size-large\"><a href=\"https:\/\/www.tarusola.fi\/kielikuvakohtaamisia\/wp-content\/uploads\/2023\/06\/Wallenskold.jpg\"><img loading=\"lazy\" decoding=\"async\" width=\"1024\" height=\"683\" src=\"https:\/\/www.tarusola.fi\/kielikuvakohtaamisia\/wp-content\/uploads\/2023\/06\/Wallenskold-1024x683.jpg\" alt=\"\" class=\"wp-image-2914\" srcset=\"https:\/\/www.tarusola.fi\/kielikuvakohtaamisia\/wp-content\/uploads\/2023\/06\/Wallenskold-1024x683.jpg 1024w, https:\/\/www.tarusola.fi\/kielikuvakohtaamisia\/wp-content\/uploads\/2023\/06\/Wallenskold-300x200.jpg 300w, https:\/\/www.tarusola.fi\/kielikuvakohtaamisia\/wp-content\/uploads\/2023\/06\/Wallenskold-768x512.jpg 768w, https:\/\/www.tarusola.fi\/kielikuvakohtaamisia\/wp-content\/uploads\/2023\/06\/Wallenskold.jpg 1181w\" sizes=\"auto, (max-width: 1024px) 100vw, 1024px\" \/><\/a><\/figure>\n\n\n\n<p>\u2013 Todellakin! On kyll\u00e4 upeaa ja ihailtavaa, kun joku omistautuu hyv\u00e4lle asialle intohimoisesti. Ja arvostan my\u00f6s sit\u00e4, ett\u00e4 kokoelmat p\u00e4\u00e4sev\u00e4t n\u00e4in esille, jotta jokaisen on mahdollista p\u00e4\u00e4st\u00e4 n\u00e4kem\u00e4\u00e4n niit\u00e4.&nbsp;[Satu]<\/p>\n\n\n\n<p>\u2013 Joo. M\u00e4 bongasin viel\u00e4 yhden&nbsp;kirjan, joka liittyy my\u00f6s t\u00e4h\u00e4n n\u00e4yttelyyn. Se on t\u00e4m\u00e4 <em>Rappiotaide. Saksalaista ekspressionismia Vexi Salmen kokoelmasta <\/em>-kirja. Se julkaistiin t\u00e4\u00e4ll\u00e4 aiemmin olleen n\u00e4yttelyn aikaan.&nbsp;[Suvi]<\/p>\n\n\n\n<figure class=\"wp-block-image size-large\"><a href=\"https:\/\/www.tarusola.fi\/kielikuvakohtaamisia\/wp-content\/uploads\/2023\/06\/Rappiotaide.jpg\"><img loading=\"lazy\" decoding=\"async\" width=\"1024\" height=\"683\" src=\"https:\/\/www.tarusola.fi\/kielikuvakohtaamisia\/wp-content\/uploads\/2023\/06\/Rappiotaide-1024x683.jpg\" alt=\"\" class=\"wp-image-2915\" srcset=\"https:\/\/www.tarusola.fi\/kielikuvakohtaamisia\/wp-content\/uploads\/2023\/06\/Rappiotaide-1024x683.jpg 1024w, https:\/\/www.tarusola.fi\/kielikuvakohtaamisia\/wp-content\/uploads\/2023\/06\/Rappiotaide-300x200.jpg 300w, https:\/\/www.tarusola.fi\/kielikuvakohtaamisia\/wp-content\/uploads\/2023\/06\/Rappiotaide-768x512.jpg 768w, https:\/\/www.tarusola.fi\/kielikuvakohtaamisia\/wp-content\/uploads\/2023\/06\/Rappiotaide.jpg 1181w\" sizes=\"auto, (max-width: 1024px) 100vw, 1024px\" \/><\/a><\/figure>\n\n\n\n<p>\u2013 T\u00e4ytyykin tutustua tarkemmin. Ehk\u00e4 t\u00e4ss\u00e4 on materiaalia my\u00f6s Suville tuleviin esitelmiin, jos Otto Dix ja muu rappiotaide edelleen kiinnostaa. [Sini]<\/p>\n\n\n\n<p>\u2013 Jeps. T\u00e4m\u00e4 on ollut kiinnostava ja opettavainen kokemus joka tapauksessa.&nbsp; [Suvi]<\/p>\n\n\n\n<p>\u2013 Joo, ja tuohon<strong> Berndt Lindholmin <\/strong>Polkuja maisemaan &#8211;<a rel=\"noreferrer noopener\" href=\"https:\/\/www.hameenlinnantaidemuseo.fi\/nayttelyt\/berndt-lindholm-1841-1914-polkuja-maisemaan-9-6-17-9-2023\/\" target=\"_blank\">n\u00e4yttelyynkin<\/a> olisi mukava tutustua, jos kes\u00e4kiireet antavat my\u00f6den. Kiitos kivasta n\u00e4yttelyseurasta! [Satu]<\/p>\n\n\n\n<p>\u2013 Kiitos samoin teille molemmille! [Sini]<\/p>\n\n\n\n<div class=\"wp-block-cover is-light\" style=\"min-height:430px;aspect-ratio:unset;\"><span aria-hidden=\"true\" class=\"wp-block-cover__background has-background-dim\"><\/span><img loading=\"lazy\" decoding=\"async\" width=\"1024\" height=\"727\" class=\"wp-block-cover__image-background wp-image-2916\" alt=\"\" src=\"https:\/\/www.tarusola.fi\/kielikuvakohtaamisia\/wp-content\/uploads\/2023\/06\/Kirjoituskone-1024x727.jpg\" style=\"object-position:100% 90%\" data-object-fit=\"cover\" data-object-position=\"100% 90%\" srcset=\"https:\/\/www.tarusola.fi\/kielikuvakohtaamisia\/wp-content\/uploads\/2023\/06\/Kirjoituskone-1024x727.jpg 1024w, https:\/\/www.tarusola.fi\/kielikuvakohtaamisia\/wp-content\/uploads\/2023\/06\/Kirjoituskone-300x213.jpg 300w, https:\/\/www.tarusola.fi\/kielikuvakohtaamisia\/wp-content\/uploads\/2023\/06\/Kirjoituskone-768x545.jpg 768w, https:\/\/www.tarusola.fi\/kielikuvakohtaamisia\/wp-content\/uploads\/2023\/06\/Kirjoituskone.jpg 1105w\" sizes=\"auto, (max-width: 1024px) 100vw, 1024px\" \/><div class=\"wp-block-cover__inner-container is-layout-flow wp-block-cover-is-layout-flow\">\n<p><\/p>\n\n\n\n<p><\/p>\n\n\n\n<p><\/p>\n\n\n\n<p><\/p>\n\n\n\n<p><\/p>\n\n\n\n<p><\/p>\n\n\n\n<p><\/p>\n\n\n\n<ul class=\"wp-block-list\">\n<li><\/li>\n<\/ul>\n\n\n\n<p class=\"has-white-color has-text-color has-small-font-size\">                                                                                                                            <\/p>\n\n\n\n<p class=\"has-white-color has-text-color has-small-font-size\"><\/p>\n\n\n\n<p class=\"has-white-color has-text-color has-small-font-size\">        <\/p>\n\n\n\n<p class=\"has-text-align-left has-white-color has-text-color has-small-font-size\">                                                                                                                                       Vexi Salmen kirjoituskone H\u00e4meenlinnan taidemuseossa<\/p>\n<\/div><\/div>\n\n\n\n<p><\/p>\n\n\n\n<p>\u00a9<a href=\"http:\/\/www.tarusola.fi\" target=\"_blank\" rel=\"noreferrer noopener\">Tarusola<\/a><\/p>\n","protected":false},"excerpt":{"rendered":"<p>Kolmen yst\u00e4v\u00e4n kohtaaminen er\u00e4\u00e4n\u00e4 kes\u00e4kuun p\u00e4iv\u00e4n\u00e4 \u2013 Moikka, Sini! Tosi kivaa, ett\u00e4 l\u00f6ydettiin aikaa t\u00e4lle kes\u00e4iselle kulttuuriretkelle! [Satu] \u2013&nbsp; Hei, Satu ja Suvi! T\u00e4\u00e4ll\u00e4 H\u00e4meenlinnassa ei ollakaan k\u00e4yty yhdess\u00e4 aikaisemmin. Onko t\u00e4m\u00e4 taidemuseo teille entuudestaan tuttu paikka? [Sini] \u2013 En ole k\u00e4ynyt koskaan ennen t\u00e4\u00e4ll\u00e4. H\u00e4meenlinnassa olen my\u00f6s ensimm\u00e4ist\u00e4 kertaa.&nbsp;[Suvi] \u2013 Mullekin t\u00e4m\u00e4 taidemuseo on [&hellip;]<\/p>\n","protected":false},"author":1,"featured_media":0,"comment_status":"open","ping_status":"open","sticky":false,"template":"","format":"standard","meta":{"sfsi_plus_gutenberg_text_before_share":"","sfsi_plus_gutenberg_show_text_before_share":"","sfsi_plus_gutenberg_icon_type":"","sfsi_plus_gutenberg_icon_alignemt":"","sfsi_plus_gutenburg_max_per_row":"","footnotes":""},"categories":[31],"tags":[393,394],"class_list":["post-2900","post","type-post","status-publish","format-standard","hentry","category-nayttely","tag-hameenlinnan-taidemuseo","tag-vexi-salmi"],"_links":{"self":[{"href":"https:\/\/www.tarusola.fi\/kielikuvakohtaamisia\/wp-json\/wp\/v2\/posts\/2900","targetHints":{"allow":["GET"]}}],"collection":[{"href":"https:\/\/www.tarusola.fi\/kielikuvakohtaamisia\/wp-json\/wp\/v2\/posts"}],"about":[{"href":"https:\/\/www.tarusola.fi\/kielikuvakohtaamisia\/wp-json\/wp\/v2\/types\/post"}],"author":[{"embeddable":true,"href":"https:\/\/www.tarusola.fi\/kielikuvakohtaamisia\/wp-json\/wp\/v2\/users\/1"}],"replies":[{"embeddable":true,"href":"https:\/\/www.tarusola.fi\/kielikuvakohtaamisia\/wp-json\/wp\/v2\/comments?post=2900"}],"version-history":[{"count":20,"href":"https:\/\/www.tarusola.fi\/kielikuvakohtaamisia\/wp-json\/wp\/v2\/posts\/2900\/revisions"}],"predecessor-version":[{"id":2931,"href":"https:\/\/www.tarusola.fi\/kielikuvakohtaamisia\/wp-json\/wp\/v2\/posts\/2900\/revisions\/2931"}],"wp:attachment":[{"href":"https:\/\/www.tarusola.fi\/kielikuvakohtaamisia\/wp-json\/wp\/v2\/media?parent=2900"}],"wp:term":[{"taxonomy":"category","embeddable":true,"href":"https:\/\/www.tarusola.fi\/kielikuvakohtaamisia\/wp-json\/wp\/v2\/categories?post=2900"},{"taxonomy":"post_tag","embeddable":true,"href":"https:\/\/www.tarusola.fi\/kielikuvakohtaamisia\/wp-json\/wp\/v2\/tags?post=2900"}],"curies":[{"name":"wp","href":"https:\/\/api.w.org\/{rel}","templated":true}]}}