{"id":2869,"date":"2023-05-31T14:43:48","date_gmt":"2023-05-31T12:43:48","guid":{"rendered":"https:\/\/www.tarusola.fi\/kielikuvakohtaamisia\/?p=2869"},"modified":"2023-05-31T14:47:59","modified_gmt":"2023-05-31T12:47:59","slug":"kevatlaitumella","status":"publish","type":"post","link":"https:\/\/www.tarusola.fi\/kielikuvakohtaamisia\/nayttely\/kevatlaitumella\/","title":{"rendered":"Kev\u00e4tlaitumella"},"content":{"rendered":"\n<figure class=\"wp-block-image size-large is-resized\"><a href=\"https:\/\/www.tarusola.fi\/kielikuvakohtaamisia\/wp-content\/uploads\/2023\/05\/Kevatlaitumella-kopio.png\"><img loading=\"lazy\" decoding=\"async\" src=\"https:\/\/www.tarusola.fi\/kielikuvakohtaamisia\/wp-content\/uploads\/2023\/05\/Kevatlaitumella-kopio-1024x1024.png\" alt=\"\" class=\"wp-image-2871\" width=\"840\" height=\"840\" srcset=\"https:\/\/www.tarusola.fi\/kielikuvakohtaamisia\/wp-content\/uploads\/2023\/05\/Kevatlaitumella-kopio-1024x1024.png 1024w, https:\/\/www.tarusola.fi\/kielikuvakohtaamisia\/wp-content\/uploads\/2023\/05\/Kevatlaitumella-kopio-300x300.png 300w, https:\/\/www.tarusola.fi\/kielikuvakohtaamisia\/wp-content\/uploads\/2023\/05\/Kevatlaitumella-kopio-150x150.png 150w, https:\/\/www.tarusola.fi\/kielikuvakohtaamisia\/wp-content\/uploads\/2023\/05\/Kevatlaitumella-kopio-768x767.png 768w, https:\/\/www.tarusola.fi\/kielikuvakohtaamisia\/wp-content\/uploads\/2023\/05\/Kevatlaitumella-kopio-144x144.png 144w, https:\/\/www.tarusola.fi\/kielikuvakohtaamisia\/wp-content\/uploads\/2023\/05\/Kevatlaitumella-kopio.png 1299w\" sizes=\"auto, (max-width: 840px) 100vw, 840px\" \/><\/a><\/figure>\n\n\n\n<p><strong>Kahden yst\u00e4v\u00e4n kohtaaminen er\u00e4\u00e4n\u00e4 toukokuun lopun p\u00e4iv\u00e4n\u00e4<\/strong><\/p>\n\n\n\n<p>\u2013 Hei, Satu! Mit\u00e4 sun kev\u00e4\u00e4seen kuuluu? Kiva ett\u00e4 ehdittiin vihdoin yhdess\u00e4 t\u00e4nne <a href=\"https:\/\/www.hamhelsinki.fi\/\" target=\"_blank\" rel=\"noreferrer noopener\">HAMiin<\/a> n\u00e4yttelyk\u00e4ynnille. [Sini]<\/p>\n\n\n\n<p>\u2013 Moikka, Sini! Niin mukava n\u00e4hd\u00e4! Kev\u00e4t on intensiivist\u00e4 aikaa. Olen yritt\u00e4nyt pys\u00e4hty\u00e4 jokaisen mahdollisen kasvin \u00e4\u00e4relle ja tietoisesti nauttia kaikesta kukoistuksesta.&nbsp; [Satu]<\/p>\n\n\n\n<figure class=\"wp-block-image size-large\"><a href=\"https:\/\/www.tarusola.fi\/kielikuvakohtaamisia\/wp-content\/uploads\/2023\/05\/Pienikukkaispilvi-scaled.jpg\"><img loading=\"lazy\" decoding=\"async\" width=\"1024\" height=\"684\" src=\"https:\/\/www.tarusola.fi\/kielikuvakohtaamisia\/wp-content\/uploads\/2023\/05\/Pienikukkaispilvi-1024x684.jpg\" alt=\"\" class=\"wp-image-2896\" srcset=\"https:\/\/www.tarusola.fi\/kielikuvakohtaamisia\/wp-content\/uploads\/2023\/05\/Pienikukkaispilvi-1024x684.jpg 1024w, https:\/\/www.tarusola.fi\/kielikuvakohtaamisia\/wp-content\/uploads\/2023\/05\/Pienikukkaispilvi-300x200.jpg 300w, https:\/\/www.tarusola.fi\/kielikuvakohtaamisia\/wp-content\/uploads\/2023\/05\/Pienikukkaispilvi-768x513.jpg 768w, https:\/\/www.tarusola.fi\/kielikuvakohtaamisia\/wp-content\/uploads\/2023\/05\/Pienikukkaispilvi-1536x1025.jpg 1536w, https:\/\/www.tarusola.fi\/kielikuvakohtaamisia\/wp-content\/uploads\/2023\/05\/Pienikukkaispilvi-2048x1367.jpg 2048w\" sizes=\"auto, (max-width: 1024px) 100vw, 1024px\" \/><\/a><\/figure>\n\n\n\n<p>\u2013 Tied\u00e4n ton tunteen. V\u00e4lill\u00e4 ulkona k\u00e4velless\u00e4 l\u00e4hden j\u00e4ljitt\u00e4m\u00e4\u00e4n jotain ihanaa tuoksua. Nyt on luonto niin huumaava kaikille aisteille. Nyt siis <a href=\"https:\/\/www.hamhelsinki.fi\/exhibition\/kevatlaitumelle\/\" target=\"_blank\" rel=\"noreferrer noopener\">Kev\u00e4tlaitumelle<\/a>! [Sini]<\/p>\n\n\n\n<p>\u2013 N\u00e4yttelyn nimi on ainakin osuvan houkutteleva. Ahaa, t\u00e4ss\u00e4 puetaan ensin suojat\u00f6pp\u00f6set kenkien p\u00e4\u00e4lle. My\u00f6s houkuttelevan n\u00e4k\u00f6iset lattiapinnat kuvioineen ovatkin suojelemisen arvoiset. [Satu]<\/p>\n\n\n\n<figure class=\"wp-block-image size-large\"><a href=\"https:\/\/www.tarusola.fi\/kielikuvakohtaamisia\/wp-content\/uploads\/2023\/05\/Kuviot-lattiassa.jpg\"><img loading=\"lazy\" decoding=\"async\" width=\"1024\" height=\"683\" src=\"https:\/\/www.tarusola.fi\/kielikuvakohtaamisia\/wp-content\/uploads\/2023\/05\/Kuviot-lattiassa-1024x683.jpg\" alt=\"\" class=\"wp-image-2877\" srcset=\"https:\/\/www.tarusola.fi\/kielikuvakohtaamisia\/wp-content\/uploads\/2023\/05\/Kuviot-lattiassa-1024x683.jpg 1024w, https:\/\/www.tarusola.fi\/kielikuvakohtaamisia\/wp-content\/uploads\/2023\/05\/Kuviot-lattiassa-300x200.jpg 300w, https:\/\/www.tarusola.fi\/kielikuvakohtaamisia\/wp-content\/uploads\/2023\/05\/Kuviot-lattiassa-768x512.jpg 768w, https:\/\/www.tarusola.fi\/kielikuvakohtaamisia\/wp-content\/uploads\/2023\/05\/Kuviot-lattiassa.jpg 1181w\" sizes=\"auto, (max-width: 1024px) 100vw, 1024px\" \/><\/a><\/figure>\n\n\n\n<p>\u2013 Kiinnostaa kuulla, mit\u00e4 mielt\u00e4 olet n\u00e4yttelyst\u00e4. Itse piipahdin t\u00e4\u00e4ll\u00e4 jo kerran oppilaiden kanssa. Kev\u00e4tlaitumelle-n\u00e4yttelyn suunnittelussa on huomioitu lapset ja heid\u00e4n huoltajansa. T\u00e4m\u00e4 n\u00e4kyy museon esittelytekstien mukaan sek\u00e4 teosvalinnoissa ett\u00e4 etenkin n\u00e4yttelyarkkitehtuurissa, jossa on otettu huomioon lapsen mittakaava. [Sini]<\/p>\n\n\n\n<p>\u2013 T\u00e4m\u00e4p\u00e4 on virkist\u00e4v\u00e4 perspektiivi, kun taulut on ripustettu n\u00e4in alas. Kuulin tuossa, kun er\u00e4s n\u00e4yttelyyn tullut rouva kysyi heti salivalvojalta, miksi taulut ovat n\u00e4in alhaalla. Valvoja vastasi jotenkin kivasti painottaen, ett\u00e4 n\u00e4yttely on lapsille. T\u00e4m\u00e4 taitaa olla aika ainutlaatuista, ett\u00e4 lapset otetaan huomioon museossa n\u00e4in kokonaisvaltaisesti?&nbsp; [Satu]<\/p>\n\n\n\n<figure class=\"wp-block-image size-large\"><a href=\"https:\/\/www.tarusola.fi\/kielikuvakohtaamisia\/wp-content\/uploads\/2023\/05\/Katsoja-nayttelyssa.jpg\"><img loading=\"lazy\" decoding=\"async\" width=\"1024\" height=\"683\" src=\"https:\/\/www.tarusola.fi\/kielikuvakohtaamisia\/wp-content\/uploads\/2023\/05\/Katsoja-nayttelyssa-1024x683.jpg\" alt=\"\" class=\"wp-image-2879\" srcset=\"https:\/\/www.tarusola.fi\/kielikuvakohtaamisia\/wp-content\/uploads\/2023\/05\/Katsoja-nayttelyssa-1024x683.jpg 1024w, https:\/\/www.tarusola.fi\/kielikuvakohtaamisia\/wp-content\/uploads\/2023\/05\/Katsoja-nayttelyssa-300x200.jpg 300w, https:\/\/www.tarusola.fi\/kielikuvakohtaamisia\/wp-content\/uploads\/2023\/05\/Katsoja-nayttelyssa-768x512.jpg 768w, https:\/\/www.tarusola.fi\/kielikuvakohtaamisia\/wp-content\/uploads\/2023\/05\/Katsoja-nayttelyssa.jpg 1181w\" sizes=\"auto, (max-width: 1024px) 100vw, 1024px\" \/><\/a><\/figure>\n\n\n\n<p>\u2013 Kyll\u00e4 se aika harvinaista on. Virkist\u00e4v\u00e4\u00e4 my\u00f6s aikuiselle katsojalle, kun saa muistutuksen siit\u00e4, ett\u00e4 on kokonsa puolesta usein aika etuoikeutettu. Koskettamaan taidetta ei t\u00e4\u00e4ll\u00e4k\u00e4\u00e4n p\u00e4\u00e4se, mutta sen ymm\u00e4rt\u00e4\u00e4 kyll\u00e4. Teosten on tarkoitus kest\u00e4\u00e4 tuleville polville. N\u00e4yttelytiloissa on kuitenkin kivoja yksityiskohtia, jotka rohkaisevat leikkiin, kuten n\u00e4m\u00e4 muodot ja reitit lattiassa ja pienet portaat sek\u00e4 py\u00f6re\u00e4t istuimet, joiden p\u00e4\u00e4ll\u00e4 voi lev\u00e4ht\u00e4\u00e4 matkan varrella.&nbsp; [Sini]<\/p>\n\n\n\n<figure class=\"wp-block-image size-large\"><a href=\"https:\/\/www.tarusola.fi\/kielikuvakohtaamisia\/wp-content\/uploads\/2023\/05\/Nayttelytila_Kevatlaitumelle.jpg\"><img loading=\"lazy\" decoding=\"async\" width=\"737\" height=\"1024\" src=\"https:\/\/www.tarusola.fi\/kielikuvakohtaamisia\/wp-content\/uploads\/2023\/05\/Nayttelytila_Kevatlaitumelle-737x1024.jpg\" alt=\"\" class=\"wp-image-2881\" srcset=\"https:\/\/www.tarusola.fi\/kielikuvakohtaamisia\/wp-content\/uploads\/2023\/05\/Nayttelytila_Kevatlaitumelle-737x1024.jpg 737w, https:\/\/www.tarusola.fi\/kielikuvakohtaamisia\/wp-content\/uploads\/2023\/05\/Nayttelytila_Kevatlaitumelle-216x300.jpg 216w, https:\/\/www.tarusola.fi\/kielikuvakohtaamisia\/wp-content\/uploads\/2023\/05\/Nayttelytila_Kevatlaitumelle-768x1067.jpg 768w, https:\/\/www.tarusola.fi\/kielikuvakohtaamisia\/wp-content\/uploads\/2023\/05\/Nayttelytila_Kevatlaitumelle.jpg 850w\" sizes=\"auto, (max-width: 737px) 100vw, 737px\" \/><\/a><\/figure>\n\n\n\n<p>\u2013 N\u00e4yttelyvihon ohjeissa kehotetaan viihtym\u00e4\u00e4n ja viett\u00e4m\u00e4\u00e4n aikaa, ja sit\u00e4 ainakin tuo yksi lapsi toteuttaa antaumuksellisesti. Harvoin kuulee, ett\u00e4 \u00e4idin tarjoama j\u00e4\u00e4tel\u00f6k\u00e4\u00e4n ei houkuta, kun voi olla n\u00e4yttelyss\u00e4. Mit\u00e4 muuten pid\u00e4t t\u00e4st\u00e4 n\u00e4yttelyvihosta? [Satu]<\/p>\n\n\n\n<p>\u2013 Vihko tukee kivasti n\u00e4yttelyk\u00e4ynti\u00e4, sis\u00e4lt\u00e4\u00e4 tietoa taiteilijoista ja teoksista sek\u00e4 aktivoi tekem\u00e4\u00e4n teht\u00e4vi\u00e4 teosten pohjalta. Vihko osoittautui hyv\u00e4ksi tietol\u00e4hteeksi, kun olin t\u00e4\u00e4ll\u00e4 aiemmin oppilasryhm\u00e4n kanssa. Oppilaat olivat 10\u201312-vuotiaita ja kierteliv\u00e4t n\u00e4yttelyss\u00e4 itsen\u00e4isesti. Annoin heid\u00e4n valita vihon teht\u00e4vist\u00e4 yhden. Jos aikaa olisi ollut enemm\u00e4n, olisimme voineet tehd\u00e4 useammankin teht\u00e4v\u00e4n. Ne vaikuttivat olevan selkeit\u00e4 ja helposti toteutettavia ihan t\u00e4\u00e4ll\u00e4 n\u00e4yttelytilassakin. [Sini]<\/p>\n\n\n\n<figure class=\"wp-block-image size-large\"><a href=\"https:\/\/www.tarusola.fi\/kielikuvakohtaamisia\/wp-content\/uploads\/2023\/05\/Nayttelyvihkonen.jpg\"><img loading=\"lazy\" decoding=\"async\" width=\"1024\" height=\"754\" src=\"https:\/\/www.tarusola.fi\/kielikuvakohtaamisia\/wp-content\/uploads\/2023\/05\/Nayttelyvihkonen-1024x754.jpg\" alt=\"\" class=\"wp-image-2882\" srcset=\"https:\/\/www.tarusola.fi\/kielikuvakohtaamisia\/wp-content\/uploads\/2023\/05\/Nayttelyvihkonen-1024x754.jpg 1024w, https:\/\/www.tarusola.fi\/kielikuvakohtaamisia\/wp-content\/uploads\/2023\/05\/Nayttelyvihkonen-300x221.jpg 300w, https:\/\/www.tarusola.fi\/kielikuvakohtaamisia\/wp-content\/uploads\/2023\/05\/Nayttelyvihkonen-768x566.jpg 768w, https:\/\/www.tarusola.fi\/kielikuvakohtaamisia\/wp-content\/uploads\/2023\/05\/Nayttelyvihkonen.jpg 1181w\" sizes=\"auto, (max-width: 1024px) 100vw, 1024px\" \/><\/a><\/figure>\n\n\n\n<p>\u2013 Ilahduin kovasti, kun l\u00f6ysin teht\u00e4vien joukosta kirjoitusteht\u00e4v\u00e4nkin: \u201cN\u00e4yttelyss\u00e4 maalaukset <em>Mestarirakentaja<\/em> ja <em>Karvainen muisto<\/em> on ripustettu vierekk\u00e4in, kuvapariksi. Katso maalauksia tarkkaan. Keit\u00e4 henkil\u00f6t voisivat olla? Ovatko he tuttavia, sukulaisia tai rakastavaisia? Tutki, mit\u00e4 henkil\u00f6iden taustalla n\u00e4kyy, ja mit\u00e4 n\u00e4m\u00e4 asiat kertovat heist\u00e4. Mieti, millaisen kirjeen henkil\u00f6t kirjoittaisivat toisilleen. Kirjoita kirje seuraavalle aukeamalle.\u201d Voisin tehd\u00e4 tuon teht\u00e4v\u00e4n. K\u00e4tev\u00e4\u00e4, kun t\u00e4m\u00e4n vihon <a rel=\"noreferrer noopener\" href=\"https:\/\/www.hamhelsinki.fi\/wp-content\/uploads\/2023\/04\/HAM_Gallery-Guide_netti_FIN_mini.pdf\" target=\"_blank\">nettiversiossa<\/a> on kuvat kyseisist\u00e4 teoksista. Silloin n\u00e4yttelyyn ja teht\u00e4viin voi palata viel\u00e4 kaikessa rauhassa my\u00f6hemminkin. T\u00e4\u00e4ll\u00e4 n\u00e4yttelytiloissa tuntuu joka tapauksessa olevan paljon virikkeit\u00e4. Mit\u00e4s tuolta viimeisest\u00e4 huoneesta l\u00f6ytyyk\u00e4\u00e4n? [Satu]<\/p>\n\n\n\n<figure class=\"wp-block-image size-large\"><a href=\"https:\/\/www.tarusola.fi\/kielikuvakohtaamisia\/wp-content\/uploads\/2023\/05\/Kirje.jpg\"><img loading=\"lazy\" decoding=\"async\" width=\"1024\" height=\"683\" src=\"https:\/\/www.tarusola.fi\/kielikuvakohtaamisia\/wp-content\/uploads\/2023\/05\/Kirje-1024x683.jpg\" alt=\"\" class=\"wp-image-2883\" srcset=\"https:\/\/www.tarusola.fi\/kielikuvakohtaamisia\/wp-content\/uploads\/2023\/05\/Kirje-1024x683.jpg 1024w, https:\/\/www.tarusola.fi\/kielikuvakohtaamisia\/wp-content\/uploads\/2023\/05\/Kirje-300x200.jpg 300w, https:\/\/www.tarusola.fi\/kielikuvakohtaamisia\/wp-content\/uploads\/2023\/05\/Kirje-768x512.jpg 768w, https:\/\/www.tarusola.fi\/kielikuvakohtaamisia\/wp-content\/uploads\/2023\/05\/Kirje.jpg 1181w\" sizes=\"auto, (max-width: 1024px) 100vw, 1024px\" \/><\/a><\/figure>\n\n\n\n<p>\u2013 T\u00e4m\u00e4 viimeinen huone on varmastikin lapsiyleis\u00f6n suosikki. T\u00e4\u00e4ll\u00e4 p\u00e4\u00e4see piirt\u00e4m\u00e4\u00e4n museon seiniin, n\u00e4yttelykalusteisiin ja lattiaan. Vaikka n\u00e4ytt\u00e4\u00e4 silt\u00e4, ett\u00e4 t\u00e4m\u00e4 mahdollisuus on innostanut my\u00f6s monia aikuisia. Miten ihanaa onkaan j\u00e4tt\u00e4\u00e4 oma j\u00e4lki museoon tai ylip\u00e4\u00e4t\u00e4\u00e4n mihink\u00e4\u00e4n yleiseen tilaan, ihan luvan kanssa. Yrit\u00e4n l\u00f6yt\u00e4\u00e4 pienen kolon, jotta p\u00e4\u00e4sen kokeilemaan piirt\u00e4mist\u00e4.&nbsp; [Sini]<\/p>\n\n\n\n<figure class=\"wp-block-image size-large\"><a href=\"https:\/\/www.tarusola.fi\/kielikuvakohtaamisia\/wp-content\/uploads\/2023\/05\/Piirtava-kasi.jpg\"><img loading=\"lazy\" decoding=\"async\" width=\"1024\" height=\"683\" src=\"https:\/\/www.tarusola.fi\/kielikuvakohtaamisia\/wp-content\/uploads\/2023\/05\/Piirtava-kasi-1024x683.jpg\" alt=\"\" class=\"wp-image-2884\" srcset=\"https:\/\/www.tarusola.fi\/kielikuvakohtaamisia\/wp-content\/uploads\/2023\/05\/Piirtava-kasi-1024x683.jpg 1024w, https:\/\/www.tarusola.fi\/kielikuvakohtaamisia\/wp-content\/uploads\/2023\/05\/Piirtava-kasi-300x200.jpg 300w, https:\/\/www.tarusola.fi\/kielikuvakohtaamisia\/wp-content\/uploads\/2023\/05\/Piirtava-kasi-768x512.jpg 768w, https:\/\/www.tarusola.fi\/kielikuvakohtaamisia\/wp-content\/uploads\/2023\/05\/Piirtava-kasi.jpg 1181w\" sizes=\"auto, (max-width: 1024px) 100vw, 1024px\" \/><\/a><\/figure>\n\n\n\n<p>\u2013 Kokonainen huone! Se on kyll\u00e4 hieno mahdollisuus! Sun oppilaasi olivat varmasti haltioissaan t\u00e4st\u00e4. Oli kyll\u00e4 el\u00e4hdytt\u00e4v\u00e4\u00e4 olla Kev\u00e4tlaitumella. Kohta siint\u00e4v\u00e4t kes\u00e4laitumet. Suunnitellaanko tuonnempana jotain kivaa kes\u00e4puuhaa? [Satu]<\/p>\n\n\n\n<figure class=\"wp-block-image size-large\"><a href=\"https:\/\/www.tarusola.fi\/kielikuvakohtaamisia\/wp-content\/uploads\/2023\/05\/Viimeinen-tila.jpg\"><img loading=\"lazy\" decoding=\"async\" width=\"1024\" height=\"683\" src=\"https:\/\/www.tarusola.fi\/kielikuvakohtaamisia\/wp-content\/uploads\/2023\/05\/Viimeinen-tila-1024x683.jpg\" alt=\"\" class=\"wp-image-2885\" srcset=\"https:\/\/www.tarusola.fi\/kielikuvakohtaamisia\/wp-content\/uploads\/2023\/05\/Viimeinen-tila-1024x683.jpg 1024w, https:\/\/www.tarusola.fi\/kielikuvakohtaamisia\/wp-content\/uploads\/2023\/05\/Viimeinen-tila-300x200.jpg 300w, https:\/\/www.tarusola.fi\/kielikuvakohtaamisia\/wp-content\/uploads\/2023\/05\/Viimeinen-tila-768x512.jpg 768w, https:\/\/www.tarusola.fi\/kielikuvakohtaamisia\/wp-content\/uploads\/2023\/05\/Viimeinen-tila.jpg 1181w\" sizes=\"auto, (max-width: 1024px) 100vw, 1024px\" \/><\/a><\/figure>\n\n\n\n<p>\u2013 Kyll\u00e4, oppilaat olivat innoissaan. Saattoi n\u00e4yttelyn katsominen v\u00e4h\u00e4n unohtua, kun huomasivat t\u00e4m\u00e4n mahdollisuuden. Mutta tosiaan, nyt alkaakin olla aika mietti\u00e4, mit\u00e4 kivaa kes\u00e4ll\u00e4 tekisi. Pistet\u00e4\u00e4n ideoita muhimaan ja palataan niihin pian. [Sini]<\/p>\n\n\n\n<figure class=\"wp-block-image size-large\"><a href=\"https:\/\/www.tarusola.fi\/kielikuvakohtaamisia\/wp-content\/uploads\/2023\/05\/Neulegraffiti.jpg\"><img loading=\"lazy\" decoding=\"async\" width=\"1024\" height=\"683\" src=\"https:\/\/www.tarusola.fi\/kielikuvakohtaamisia\/wp-content\/uploads\/2023\/05\/Neulegraffiti-1024x683.jpg\" alt=\"\" class=\"wp-image-2875\" srcset=\"https:\/\/www.tarusola.fi\/kielikuvakohtaamisia\/wp-content\/uploads\/2023\/05\/Neulegraffiti-1024x683.jpg 1024w, https:\/\/www.tarusola.fi\/kielikuvakohtaamisia\/wp-content\/uploads\/2023\/05\/Neulegraffiti-300x200.jpg 300w, https:\/\/www.tarusola.fi\/kielikuvakohtaamisia\/wp-content\/uploads\/2023\/05\/Neulegraffiti-768x512.jpg 768w, https:\/\/www.tarusola.fi\/kielikuvakohtaamisia\/wp-content\/uploads\/2023\/05\/Neulegraffiti.jpg 1181w\" sizes=\"auto, (max-width: 1024px) 100vw, 1024px\" \/><\/a><\/figure>\n\n\n\n<p>\u00a9Tarusola<\/p>\n","protected":false},"excerpt":{"rendered":"<p>Kahden yst\u00e4v\u00e4n kohtaaminen er\u00e4\u00e4n\u00e4 toukokuun lopun p\u00e4iv\u00e4n\u00e4 \u2013 Hei, Satu! Mit\u00e4 sun kev\u00e4\u00e4seen kuuluu? Kiva ett\u00e4 ehdittiin vihdoin yhdess\u00e4 t\u00e4nne HAMiin n\u00e4yttelyk\u00e4ynnille. [Sini] \u2013 Moikka, Sini! Niin mukava n\u00e4hd\u00e4! Kev\u00e4t on intensiivist\u00e4 aikaa. Olen yritt\u00e4nyt pys\u00e4hty\u00e4 jokaisen mahdollisen kasvin \u00e4\u00e4relle ja tietoisesti nauttia kaikesta kukoistuksesta.&nbsp; [Satu] \u2013 Tied\u00e4n ton tunteen. V\u00e4lill\u00e4 ulkona k\u00e4velless\u00e4 l\u00e4hden j\u00e4ljitt\u00e4m\u00e4\u00e4n [&hellip;]<\/p>\n","protected":false},"author":1,"featured_media":0,"comment_status":"open","ping_status":"open","sticky":false,"template":"","format":"standard","meta":{"sfsi_plus_gutenberg_text_before_share":"","sfsi_plus_gutenberg_show_text_before_share":"","sfsi_plus_gutenberg_icon_type":"","sfsi_plus_gutenberg_icon_alignemt":"","sfsi_plus_gutenburg_max_per_row":"","footnotes":""},"categories":[31],"tags":[142,392,388],"class_list":["post-2869","post","type-post","status-publish","format-standard","hentry","category-nayttely","tag-ham","tag-kevatlaitumelle","tag-kuvataidekasvatus"],"_links":{"self":[{"href":"https:\/\/www.tarusola.fi\/kielikuvakohtaamisia\/wp-json\/wp\/v2\/posts\/2869","targetHints":{"allow":["GET"]}}],"collection":[{"href":"https:\/\/www.tarusola.fi\/kielikuvakohtaamisia\/wp-json\/wp\/v2\/posts"}],"about":[{"href":"https:\/\/www.tarusola.fi\/kielikuvakohtaamisia\/wp-json\/wp\/v2\/types\/post"}],"author":[{"embeddable":true,"href":"https:\/\/www.tarusola.fi\/kielikuvakohtaamisia\/wp-json\/wp\/v2\/users\/1"}],"replies":[{"embeddable":true,"href":"https:\/\/www.tarusola.fi\/kielikuvakohtaamisia\/wp-json\/wp\/v2\/comments?post=2869"}],"version-history":[{"count":17,"href":"https:\/\/www.tarusola.fi\/kielikuvakohtaamisia\/wp-json\/wp\/v2\/posts\/2869\/revisions"}],"predecessor-version":[{"id":2897,"href":"https:\/\/www.tarusola.fi\/kielikuvakohtaamisia\/wp-json\/wp\/v2\/posts\/2869\/revisions\/2897"}],"wp:attachment":[{"href":"https:\/\/www.tarusola.fi\/kielikuvakohtaamisia\/wp-json\/wp\/v2\/media?parent=2869"}],"wp:term":[{"taxonomy":"category","embeddable":true,"href":"https:\/\/www.tarusola.fi\/kielikuvakohtaamisia\/wp-json\/wp\/v2\/categories?post=2869"},{"taxonomy":"post_tag","embeddable":true,"href":"https:\/\/www.tarusola.fi\/kielikuvakohtaamisia\/wp-json\/wp\/v2\/tags?post=2869"}],"curies":[{"name":"wp","href":"https:\/\/api.w.org\/{rel}","templated":true}]}}