{"id":1884,"date":"2020-12-31T20:59:59","date_gmt":"2020-12-31T18:59:59","guid":{"rendered":"https:\/\/www.tarusola.fi\/kielikuvakohtaamisia\/?p=1884"},"modified":"2020-12-31T21:59:03","modified_gmt":"2020-12-31T19:59:03","slug":"kasinkirjoitushaasteessa-ii","status":"publish","type":"post","link":"https:\/\/www.tarusola.fi\/kielikuvakohtaamisia\/kalligrafia\/kasinkirjoitushaasteessa-ii\/","title":{"rendered":"K\u00e4sinkirjoitushaasteessa II"},"content":{"rendered":"\n<figure class=\"wp-block-image size-large\"><a href=\"https:\/\/www.tarusola.fi\/kielikuvakohtaamisia\/wp-content\/uploads\/2020\/12\/Kasinkirjoitushaasteessa2.png\"><img loading=\"lazy\" decoding=\"async\" width=\"1024\" height=\"1024\" src=\"https:\/\/www.tarusola.fi\/kielikuvakohtaamisia\/wp-content\/uploads\/2020\/12\/Kasinkirjoitushaasteessa2-1024x1024.png\" alt=\"\" class=\"wp-image-1886\" srcset=\"https:\/\/www.tarusola.fi\/kielikuvakohtaamisia\/wp-content\/uploads\/2020\/12\/Kasinkirjoitushaasteessa2-1024x1024.png 1024w, https:\/\/www.tarusola.fi\/kielikuvakohtaamisia\/wp-content\/uploads\/2020\/12\/Kasinkirjoitushaasteessa2-300x300.png 300w, https:\/\/www.tarusola.fi\/kielikuvakohtaamisia\/wp-content\/uploads\/2020\/12\/Kasinkirjoitushaasteessa2-150x150.png 150w, https:\/\/www.tarusola.fi\/kielikuvakohtaamisia\/wp-content\/uploads\/2020\/12\/Kasinkirjoitushaasteessa2-768x767.png 768w, https:\/\/www.tarusola.fi\/kielikuvakohtaamisia\/wp-content\/uploads\/2020\/12\/Kasinkirjoitushaasteessa2-144x144.png 144w, https:\/\/www.tarusola.fi\/kielikuvakohtaamisia\/wp-content\/uploads\/2020\/12\/Kasinkirjoitushaasteessa2.png 1535w\" sizes=\"auto, (max-width: 1024px) 100vw, 1024px\" \/><\/a><\/figure>\n\n\n\n<p><strong>Kahden yst\u00e4v\u00e4n kohtaaminen er\u00e4\u00e4n\u00e4 joulukuun lopun p\u00e4iv\u00e4n\u00e4<\/strong><\/p>\n\n\n\n<p>\u2013 Moi, Sini! Kiva n\u00e4hd\u00e4 taas. Miten vuoden pimein aika on sujunut? [Satu]<\/p>\n\n\n\n<p>\u2013 T\u00e4ytyy sanoa, ett\u00e4 t\u00e4n\u00e4 vuonna pime\u00e4 aika on ollut normaalia haastavampi, koska moni mukava ja kaamokseen iloa tuova asia on lyk\u00e4tty, siirretty tai peruttu.&nbsp; [Sini]<\/p>\n\n\n\n<p>\u2013 Niinp\u00e4, ilonaiheiden keksimiseen on tarvittu tavallista enemm\u00e4n luovuutta. <a rel=\"noreferrer noopener\" href=\"https:\/\/www.duolingo.com\/\" target=\"_blank\">Duolingo<\/a>-kielisovellus, Pokemon GO ja Helmetin t\u00e4m\u00e4nvuotinen <a rel=\"noreferrer noopener\" href=\"https:\/\/www.helmet.fi\/fi-FI\/Tapahtumat_ja_vinkit\/Vinkit\/Helmetlukuhaaste_2021(218169)\" target=\"_blank\">lukuhaaste<\/a> ovat olleet mun piristysruiskeita. Viimeksi oli puhetta sun <a rel=\"noreferrer noopener\" href=\"https:\/\/www.tarusola.fi\/kielikuvakohtaamisia\/kalligrafia\/kasinkirjoitushaasteessa\/\" target=\"_blank\">k\u00e4sinkirjoitushaasteesta<\/a>. Miss\u00e4 vaiheessa projekti on nyt? [Satu]<\/p>\n\n\n\n<p>\u2013 Tarkoituksena oli tosiaan opiskella sivellintekstausta ja kalligrafiaa kirjastosta l\u00f6ytyneiden kirjojen avulla. Kuten totesin, n\u00e4ist\u00e4 kirjoista vain yksi oli aloittelevalle tekstaajalle suunnattu opas. T\u00e4t\u00e4 Kelly Klapsteinin kirjaa, <em>Sivellintekstauksen taito \u2013 opi luovan tekstauksen ja kalligrafian tekniikoita<\/em>, olenkin sitten k\u00e4ynyt l\u00e4pi aika tunnollisesti. Kuukausi on aika lyhyt aika, mutta olen ehtinyt k\u00e4yd\u00e4 kirjan harjoitukset l\u00e4pi. Harjoittelu ei tietenk\u00e4\u00e4n viel\u00e4 lopu t\u00e4h\u00e4n. [Sini]<\/p>\n\n\n\n<p>\u2013 Millainen prosessi on ollut? Ent\u00e4 kuinka paljon olet k\u00e4ytt\u00e4nyt aikaa harjoittelemiseen? [Satu]<\/p>\n\n\n\n<p>\u2013 Alkuun k\u00e4ytin paljon aikaa kymmenen perusvedon harjoitteluun. Sivellintekstauksessa kirjaimet koostuvat l\u00e4hinn\u00e4 n\u00e4ist\u00e4 vedoista. V\u00e4hitellen siirryin pieniin kirjaimiin. Nekin opetellaan kirjassa helposta vaikeampaan. Esimerkiksi ovaalin muodon piirt\u00e4minen on haastavimmasta p\u00e4\u00e4st\u00e4 mutta t\u00e4rke\u00e4, sill\u00e4 se l\u00f6ytyy monesta kirjaimesta. Isot kirjaimet olen k\u00e4ynyt l\u00e4pi mutta niit\u00e4 ehdin harjoitella v\u00e4hemm\u00e4n. Kirjainten tasainen koko ja v\u00e4litys on varmasti seuraava haaste. Joulun aikaan p\u00e4ivitt\u00e4inen harjoittelu on j\u00e4\u00e4nyt v\u00e4hemm\u00e4lle. Ote tekstaamiseen tuntuu helposti katoavan, kun harjoitteluun tulee taukoa. [Sini]<\/p>\n\n\n\n<figure class=\"wp-block-image size-large\"><a href=\"https:\/\/www.tarusola.fi\/kielikuvakohtaamisia\/wp-content\/uploads\/2020\/12\/Harjoituspaperit1.jpg\"><img loading=\"lazy\" decoding=\"async\" width=\"1024\" height=\"682\" src=\"https:\/\/www.tarusola.fi\/kielikuvakohtaamisia\/wp-content\/uploads\/2020\/12\/Harjoituspaperit1-1024x682.jpg\" alt=\"\" class=\"wp-image-1890\" srcset=\"https:\/\/www.tarusola.fi\/kielikuvakohtaamisia\/wp-content\/uploads\/2020\/12\/Harjoituspaperit1-1024x682.jpg 1024w, https:\/\/www.tarusola.fi\/kielikuvakohtaamisia\/wp-content\/uploads\/2020\/12\/Harjoituspaperit1-300x200.jpg 300w, https:\/\/www.tarusola.fi\/kielikuvakohtaamisia\/wp-content\/uploads\/2020\/12\/Harjoituspaperit1-768x512.jpg 768w, https:\/\/www.tarusola.fi\/kielikuvakohtaamisia\/wp-content\/uploads\/2020\/12\/Harjoituspaperit1.jpg 1181w\" sizes=\"auto, (max-width: 1024px) 100vw, 1024px\" \/><\/a><\/figure>\n\n\n\n<p>\u2013 Mik\u00e4 on ollut kaikkein hauskinta? [Satu]<\/p>\n\n\n\n<p>\u2013 Olen ollut aika yll\u00e4ttynyt, miten nautinnollista n\u00e4in yksinkertainen harjoittelu voi olla. Kirjainten \u00e4\u00e4reen hiljentyminen on ollut virkist\u00e4v\u00e4\u00e4. Hauskaa on tietysti my\u00f6s huomata, ett\u00e4 kehityst\u00e4 tapahtuu. [Sini]<\/p>\n\n\n\n<p>\u2013 Ent\u00e4 mik\u00e4 on ollut hankalinta? [Satu]<\/p>\n\n\n\n<p>\u2013 Aloitin aluksi kotoa l\u00f6ytyvill\u00e4 v\u00e4lineill\u00e4. Omistin yhden sarjakuvien piirt\u00e4miseen tarkoitetun sivellinkyn\u00e4n sek\u00e4 muutamia marketista ostettuja tusseja. Ihmettelin, miten haastavaa viivojen hallinta oli, kunnes hankin muutaman juuri tekstaamiseen tarkoitetun tussin. T\u00e4ytyy sanoa, ett\u00e4 n\u00e4iss\u00e4 on kyll\u00e4 tosiaan isoja eroja. K\u00e4rjen t\u00e4ytyy olla sopivan joustava mutta ei liian pehme\u00e4. Uusien v\u00e4lineiden hankinta antoi my\u00f6s uutta intoa ja onnistumisen kokemuksia harjoitteluun. Hankalaa on edelleen muistaa pit\u00e4\u00e4 hyv\u00e4 ja rento kirjoitusasento. [Sini]<\/p>\n\n\n\n<figure class=\"wp-block-image size-large\"><a href=\"https:\/\/www.tarusola.fi\/kielikuvakohtaamisia\/wp-content\/uploads\/2020\/12\/Harjoituspaperit2.jpg\"><img loading=\"lazy\" decoding=\"async\" width=\"1024\" height=\"719\" src=\"https:\/\/www.tarusola.fi\/kielikuvakohtaamisia\/wp-content\/uploads\/2020\/12\/Harjoituspaperit2-1024x719.jpg\" alt=\"\" class=\"wp-image-1891\" srcset=\"https:\/\/www.tarusola.fi\/kielikuvakohtaamisia\/wp-content\/uploads\/2020\/12\/Harjoituspaperit2-1024x719.jpg 1024w, https:\/\/www.tarusola.fi\/kielikuvakohtaamisia\/wp-content\/uploads\/2020\/12\/Harjoituspaperit2-300x211.jpg 300w, https:\/\/www.tarusola.fi\/kielikuvakohtaamisia\/wp-content\/uploads\/2020\/12\/Harjoituspaperit2-768x539.jpg 768w, https:\/\/www.tarusola.fi\/kielikuvakohtaamisia\/wp-content\/uploads\/2020\/12\/Harjoituspaperit2.jpg 1181w\" sizes=\"auto, (max-width: 1024px) 100vw, 1024px\" \/><\/a><\/figure>\n\n\n\n<p>\u2013 Mik\u00e4 on ollut yll\u00e4tt\u00e4vin oppi matkan varrella? [Satu]<\/p>\n\n\n\n<p>\u2013 Olen aidosti ihastunut joihinkin kirjaimiin. Useista kirjaimista on kirjassa eri versioita. N\u00e4ist\u00e4 olen usein valinnut kaikkein koristeellisimmat versiot. Saatan etsi\u00e4 sanoja, joissa n\u00e4m\u00e4 kirjaimet esiintyv\u00e4t, ja kirjoitan niit\u00e4 k\u00e4ytt\u00e4en omasta mielest\u00e4ni visuaalisesti kauniita sanoja. Onko sulle kielen ammattilaisena syntynyt erityinen suhde tiettyihin sanoihin ja siihen, milt\u00e4 ne kuulostavat? [Sini]<\/p>\n\n\n\n<p>\u2013 On ehdottomasti! Olen esimerkiksi jostain syyst\u00e4 ihastunut kovasti adjektiiviin \u201dviipyilev\u00e4\u201d. Tekstej\u00e4 ty\u00f6st\u00e4ess\u00e4\u00e4n t\u00e4ytyy v\u00e4lill\u00e4 tosissaan skarpata, ettei k\u00e4yt\u00e4 liikaa niit\u00e4 sanoja, joista on innostunut. Muuten, m\u00e4kin olen ollut k\u00e4sin kirjoittamisen \u00e4\u00e4rell\u00e4 \u2013 ja nostalgisissa tunnelmissa, kun arkistojen k\u00e4tk\u00f6ist\u00e4 l\u00f6ytyi mun vanhoja kouluvihkoja. Tarinat olivat aikamoista luettavaa, mutta eniten h\u00e4mm\u00e4stytti, miten tokaluokkalaisena onkin kirjoittanut niin paljon kaunokirjoituksella. [Satu]<\/p>\n\n\n\n<figure class=\"wp-block-image size-large\"><a href=\"https:\/\/www.tarusola.fi\/kielikuvakohtaamisia\/wp-content\/uploads\/2020\/12\/Sadun-kirjoitusvihko.jpg\"><img loading=\"lazy\" decoding=\"async\" width=\"1024\" height=\"683\" src=\"https:\/\/www.tarusola.fi\/kielikuvakohtaamisia\/wp-content\/uploads\/2020\/12\/Sadun-kirjoitusvihko-1024x683.jpg\" alt=\"\" class=\"wp-image-1893\" srcset=\"https:\/\/www.tarusola.fi\/kielikuvakohtaamisia\/wp-content\/uploads\/2020\/12\/Sadun-kirjoitusvihko-1024x683.jpg 1024w, https:\/\/www.tarusola.fi\/kielikuvakohtaamisia\/wp-content\/uploads\/2020\/12\/Sadun-kirjoitusvihko-300x200.jpg 300w, https:\/\/www.tarusola.fi\/kielikuvakohtaamisia\/wp-content\/uploads\/2020\/12\/Sadun-kirjoitusvihko-768x512.jpg 768w, https:\/\/www.tarusola.fi\/kielikuvakohtaamisia\/wp-content\/uploads\/2020\/12\/Sadun-kirjoitusvihko.jpg 1181w\" sizes=\"auto, (max-width: 1024px) 100vw, 1024px\" \/><\/a><\/figure>\n\n\n\n<p>\u2013 Tosiaan, muistan, ett\u00e4 kaikki ainekirjoitukset ja koevastaukset kirjoitettiin my\u00f6hemminkin kaunolla. [Sini]<\/p>\n\n\n\n<p>\u2013 Olisi hienoa n\u00e4hd\u00e4, millaisia kalligrafisia juttuja olet oppinut haasteen aikana. Teht\u00e4isiink\u00f6 yhdess\u00e4 Tarusolan uuden vuoden tervehdys? [Satu]<\/p>\n\n\n\n<p>\u2013 Tehd\u00e4\u00e4n vaan! Sain joululahjaksi uusia sivellintusseja, joita olisi kiva p\u00e4\u00e4st\u00e4 k\u00e4ytt\u00e4m\u00e4\u00e4n. Toisaalta v\u00e4h\u00e4n j\u00e4nnitt\u00e4\u00e4, sill\u00e4 en ole viel\u00e4 kirjoittanut mit\u00e4\u00e4n yksitt\u00e4isi\u00e4 sanoja pidemp\u00e4\u00e4. [Sini]<\/p>\n\n\n\n<p>\u2013 Jokin valoon liittyv\u00e4 aihio olisi pirist\u00e4v\u00e4. Valoa, iloa, toivoa paremmasta\u2026 Ekana tuli kaukokaipuussa mieleen aurinko ja palmurannat, mutta ehk\u00e4 joitain muitakin valons\u00e4teit\u00e4 voi viel\u00e4 kehitell\u00e4. [Satu]<\/p>\n\n\n\n<p>\u2013 Joo, jotain valoon liittyv\u00e4\u00e4 kaivataan juuri nyt! [Sini]<\/p>\n\n\n\n<p>\u2013 T\u00e4llaisia valonl\u00e4hteit\u00e4 kumpuaa mieleen lis\u00e4\u00e4, kun l\u00e4hden ideoimaan valaisevia asioita: valonheittimen kiila, kelloradion diginumeroiden puna, iltaruskon kajastus, sateenkaaren loisto, majakanvalon pyyhk\u00e4isy, auringons\u00e4teiden kimallus aalloilla, hangen hohde, t\u00e4htien tuike, revontulien loimu, aamun sarastus, kes\u00e4inen poutap\u00e4iv\u00e4, kiiltomadon kipin\u00e4t. [Satu]<\/p>\n\n\n\n<figure class=\"wp-block-image size-large\"><a href=\"https:\/\/www.tarusola.fi\/kielikuvakohtaamisia\/wp-content\/uploads\/2020\/12\/Auringonlasku-1.jpg\"><img loading=\"lazy\" decoding=\"async\" width=\"1024\" height=\"592\" src=\"https:\/\/www.tarusola.fi\/kielikuvakohtaamisia\/wp-content\/uploads\/2020\/12\/Auringonlasku-1-1024x592.jpg\" alt=\"\" class=\"wp-image-1894\" srcset=\"https:\/\/www.tarusola.fi\/kielikuvakohtaamisia\/wp-content\/uploads\/2020\/12\/Auringonlasku-1-1024x592.jpg 1024w, https:\/\/www.tarusola.fi\/kielikuvakohtaamisia\/wp-content\/uploads\/2020\/12\/Auringonlasku-1-300x173.jpg 300w, https:\/\/www.tarusola.fi\/kielikuvakohtaamisia\/wp-content\/uploads\/2020\/12\/Auringonlasku-1-768x444.jpg 768w, https:\/\/www.tarusola.fi\/kielikuvakohtaamisia\/wp-content\/uploads\/2020\/12\/Auringonlasku-1.jpg 1181w\" sizes=\"auto, (max-width: 1024px) 100vw, 1024px\" \/><\/a><\/figure>\n\n\n\n<p>\u2013 Sivellinkyn\u00e4ni on aika leveit\u00e4, ja yksinkertainenkin teksti vie tilaa. Niit\u00e4 kapeimpia en ole oikein onnistunut viel\u00e4 k\u00e4ytt\u00e4m\u00e4\u00e4n tyydytt\u00e4v\u00e4ll\u00e4 tavalla. Teksti voisi olla lyhyt toivotus, jotta mukaan mahtuu my\u00f6s visuaalisia elementtej\u00e4. Ehk\u00e4 jos l\u00e4htisi siit\u00e4, ett\u00e4 se voisi toimia kortin kannessa niin, ett\u00e4 erottuu kauempaakin.&nbsp; [Sini]<\/p>\n\n\n\n<p>\u2013 Tuosta voisin poimia ja kehitell\u00e4 seuraavaksi, mit\u00e4 Tarusolan v\u00e4ki toivottaa: Takkatulen loimua, kiiltomatojen kipin\u00f6it\u00e4, t\u00e4hdenlentojen pyrst\u00f6j\u00e4, revontuliloistetta, myrskylyhtyj\u00e4 tyrskyihin, kes\u00e4p\u00e4iviin kirkkautta. Valoisaa vuottaa 2021! [Satu]<\/p>\n\n\n\n<p>\u2013 Kiva teksti, mutta aika pitk\u00e4. En tied\u00e4, riitt\u00e4\u00e4k\u00f6 mun taidot siihen, ett\u00e4 se mahtuu yhteen kuvaan ja on viel\u00e4 visuaalisestikin toimiva. Itse kyll\u00e4 tekisin lyhyemm\u00e4n toivotuksen, mutta kokeillaan t\u00e4ll\u00e4. Tunnistan, ett\u00e4 t\u00e4m\u00e4 haaste meill\u00e4 on ollut ennenkin. [Sini]<\/p>\n\n\n\n<p>\u2013 Toden totta, kuvan ja sanan yhteispeliss\u00e4 on v\u00e4lill\u00e4 omat haasteensa. [Satu]<\/p>\n\n\n\n<figure class=\"wp-block-image size-large\"><a href=\"https:\/\/www.tarusola.fi\/kielikuvakohtaamisia\/wp-content\/uploads\/2020\/12\/Toivotus2021.jpg\"><img loading=\"lazy\" decoding=\"async\" width=\"398\" height=\"1024\" src=\"https:\/\/www.tarusola.fi\/kielikuvakohtaamisia\/wp-content\/uploads\/2020\/12\/Toivotus2021-398x1024.jpg\" alt=\"\" class=\"wp-image-1896\" srcset=\"https:\/\/www.tarusola.fi\/kielikuvakohtaamisia\/wp-content\/uploads\/2020\/12\/Toivotus2021-398x1024.jpg 398w, https:\/\/www.tarusola.fi\/kielikuvakohtaamisia\/wp-content\/uploads\/2020\/12\/Toivotus2021-768x1978.jpg 768w, https:\/\/www.tarusola.fi\/kielikuvakohtaamisia\/wp-content\/uploads\/2020\/12\/Toivotus2021-795x2048.jpg 795w, https:\/\/www.tarusola.fi\/kielikuvakohtaamisia\/wp-content\/uploads\/2020\/12\/Toivotus2021.jpg 886w\" sizes=\"auto, (max-width: 398px) 100vw, 398px\" \/><\/a><\/figure>\n\n\n\n<p>\u2013T\u00e4ll\u00e4inen t\u00e4st\u00e4 nyt tuli. Kokeilin nyt ensimm\u00e4ist\u00e4 kertaa my\u00f6s Klapsteinin kirjassa ollutta j\u00e4ljittelykalligrafiaa, jota ei tehd\u00e4 sivellinkyn\u00e4ll\u00e4. Harjoittelu olisi kyll\u00e4 auttanut t\u00e4ss\u00e4kin, mutta sain kuin sainkin tekstin mahtumaan. T\u00e4ss\u00e4 olisi ollut hauska k\u00e4ytt\u00e4\u00e4 erilaisia vaihtelevia kirjaimistoja, mutta se vaatii viel\u00e4 lis\u00e4\u00e4 harjoittelua. [Sini]<\/p>\n\n\n\n<p>\u2013 Tulipa todella hieno! Kannustavaa n\u00e4hd\u00e4, ett\u00e4 haasteet kannattaa todellakin ottaa vastaan! Eli valoisasti kohti uutta vuotta ja sen uusia haasteita! [Satu]<\/p>\n\n\n\n<figure class=\"wp-block-image size-large\"><a href=\"https:\/\/www.tarusola.fi\/kielikuvakohtaamisia\/wp-content\/uploads\/2020\/12\/Satu-sivellinkuva.jpg\"><img loading=\"lazy\" decoding=\"async\" width=\"1024\" height=\"683\" src=\"https:\/\/www.tarusola.fi\/kielikuvakohtaamisia\/wp-content\/uploads\/2020\/12\/Satu-sivellinkuva-1024x683.jpg\" alt=\"\" class=\"wp-image-1897\" srcset=\"https:\/\/www.tarusola.fi\/kielikuvakohtaamisia\/wp-content\/uploads\/2020\/12\/Satu-sivellinkuva-1024x683.jpg 1024w, https:\/\/www.tarusola.fi\/kielikuvakohtaamisia\/wp-content\/uploads\/2020\/12\/Satu-sivellinkuva-300x200.jpg 300w, https:\/\/www.tarusola.fi\/kielikuvakohtaamisia\/wp-content\/uploads\/2020\/12\/Satu-sivellinkuva-768x512.jpg 768w, https:\/\/www.tarusola.fi\/kielikuvakohtaamisia\/wp-content\/uploads\/2020\/12\/Satu-sivellinkuva.jpg 1181w\" sizes=\"auto, (max-width: 1024px) 100vw, 1024px\" \/><\/a><\/figure>\n\n\n\n<p>\u00a9<a href=\"http:\/\/www.tarusola.fi\" target=\"_blank\" rel=\"noreferrer noopener\">Tarusola<\/a><\/p>\n","protected":false},"excerpt":{"rendered":"<p>Kahden yst\u00e4v\u00e4n kohtaaminen er\u00e4\u00e4n\u00e4 joulukuun lopun p\u00e4iv\u00e4n\u00e4 \u2013 Moi, Sini! Kiva n\u00e4hd\u00e4 taas. Miten vuoden pimein aika on sujunut? [Satu] \u2013 T\u00e4ytyy sanoa, ett\u00e4 t\u00e4n\u00e4 vuonna pime\u00e4 aika on ollut normaalia haastavampi, koska moni mukava ja kaamokseen iloa tuova asia on lyk\u00e4tty, siirretty tai peruttu.&nbsp; [Sini] \u2013 Niinp\u00e4, ilonaiheiden keksimiseen on tarvittu tavallista enemm\u00e4n luovuutta. [&hellip;]<\/p>\n","protected":false},"author":1,"featured_media":0,"comment_status":"open","ping_status":"open","sticky":false,"template":"","format":"standard","meta":{"sfsi_plus_gutenberg_text_before_share":"","sfsi_plus_gutenberg_show_text_before_share":"","sfsi_plus_gutenberg_icon_type":"","sfsi_plus_gutenberg_icon_alignemt":"","sfsi_plus_gutenburg_max_per_row":"","footnotes":""},"categories":[268],"tags":[],"class_list":["post-1884","post","type-post","status-publish","format-standard","hentry","category-kalligrafia"],"_links":{"self":[{"href":"https:\/\/www.tarusola.fi\/kielikuvakohtaamisia\/wp-json\/wp\/v2\/posts\/1884","targetHints":{"allow":["GET"]}}],"collection":[{"href":"https:\/\/www.tarusola.fi\/kielikuvakohtaamisia\/wp-json\/wp\/v2\/posts"}],"about":[{"href":"https:\/\/www.tarusola.fi\/kielikuvakohtaamisia\/wp-json\/wp\/v2\/types\/post"}],"author":[{"embeddable":true,"href":"https:\/\/www.tarusola.fi\/kielikuvakohtaamisia\/wp-json\/wp\/v2\/users\/1"}],"replies":[{"embeddable":true,"href":"https:\/\/www.tarusola.fi\/kielikuvakohtaamisia\/wp-json\/wp\/v2\/comments?post=1884"}],"version-history":[{"count":15,"href":"https:\/\/www.tarusola.fi\/kielikuvakohtaamisia\/wp-json\/wp\/v2\/posts\/1884\/revisions"}],"predecessor-version":[{"id":1907,"href":"https:\/\/www.tarusola.fi\/kielikuvakohtaamisia\/wp-json\/wp\/v2\/posts\/1884\/revisions\/1907"}],"wp:attachment":[{"href":"https:\/\/www.tarusola.fi\/kielikuvakohtaamisia\/wp-json\/wp\/v2\/media?parent=1884"}],"wp:term":[{"taxonomy":"category","embeddable":true,"href":"https:\/\/www.tarusola.fi\/kielikuvakohtaamisia\/wp-json\/wp\/v2\/categories?post=1884"},{"taxonomy":"post_tag","embeddable":true,"href":"https:\/\/www.tarusola.fi\/kielikuvakohtaamisia\/wp-json\/wp\/v2\/tags?post=1884"}],"curies":[{"name":"wp","href":"https:\/\/api.w.org\/{rel}","templated":true}]}}