{"id":1320,"date":"2019-08-31T20:43:13","date_gmt":"2019-08-31T18:43:13","guid":{"rendered":"http:\/\/www.tarusola.fi\/kielikuvakohtaamisia\/?p=1320"},"modified":"2019-08-31T20:43:13","modified_gmt":"2019-08-31T18:43:13","slug":"kesaisissa-harjoituksissa-ii","status":"publish","type":"post","link":"https:\/\/www.tarusola.fi\/kielikuvakohtaamisia\/tehtavat\/kesaisissa-harjoituksissa-ii\/","title":{"rendered":"Kes\u00e4isiss\u00e4 harjoituksissa II"},"content":{"rendered":"\n<figure class=\"wp-block-image\"><img loading=\"lazy\" decoding=\"async\" width=\"1024\" height=\"1024\" src=\"http:\/\/www.tarusola.fi\/kielikuvakohtaamisia\/wp-content\/uploads\/2019\/08\/Kohtaaminen-kes\u00e4isiss\u00e4-harjoituksissa-2-1024x1024.png\" alt=\"\" class=\"wp-image-1322\" srcset=\"https:\/\/www.tarusola.fi\/kielikuvakohtaamisia\/wp-content\/uploads\/2019\/08\/Kohtaaminen-kes\u00e4isiss\u00e4-harjoituksissa-2-1024x1024.png 1024w, https:\/\/www.tarusola.fi\/kielikuvakohtaamisia\/wp-content\/uploads\/2019\/08\/Kohtaaminen-kes\u00e4isiss\u00e4-harjoituksissa-2-150x150.png 150w, https:\/\/www.tarusola.fi\/kielikuvakohtaamisia\/wp-content\/uploads\/2019\/08\/Kohtaaminen-kes\u00e4isiss\u00e4-harjoituksissa-2-300x300.png 300w, https:\/\/www.tarusola.fi\/kielikuvakohtaamisia\/wp-content\/uploads\/2019\/08\/Kohtaaminen-kes\u00e4isiss\u00e4-harjoituksissa-2-768x767.png 768w, https:\/\/www.tarusola.fi\/kielikuvakohtaamisia\/wp-content\/uploads\/2019\/08\/Kohtaaminen-kes\u00e4isiss\u00e4-harjoituksissa-2-144x144.png 144w, https:\/\/www.tarusola.fi\/kielikuvakohtaamisia\/wp-content\/uploads\/2019\/08\/Kohtaaminen-kes\u00e4isiss\u00e4-harjoituksissa-2.png 1299w\" sizes=\"auto, (max-width: 1024px) 100vw, 1024px\" \/><\/figure>\n\n\n\n<p><strong>Kahden yst\u00e4v\u00e4n kohtaaminen er\u00e4\u00e4n\u00e4 elokuun lopun p\u00e4iv\u00e4n\u00e4<\/strong><\/p>\n\n\n\n<p>\u2013 Moi, Satu! Taas on\nkuukausi vier\u00e4ht\u00e4nyt viime tapaamisesta. <\/p>\n\n\n\n<p>\u2013 Moi, Sini! Tuntuu,\nett\u00e4 kes\u00e4ll\u00e4 aika vy\u00f6ryy ukkosrintaman lailla ohitse. <\/p>\n\n\n\n<p>\u2013 Miten sulla ovat edistyneet ne kes\u00e4iset harjoitukset, joista viimeksi puhuttiin? <\/p>\n\n\n\n<p>\u2013 Mun kes\u00e4 on ollut luonto-, kirjoitus- ja kirjallisuuspainotteinen. On tullut luettua ja kirjoitettua runsaasti luonnonhelmassa. <a aria-label=\"Kirjan talon kurssien (avautuu uudessa v\u00e4lilehdess\u00e4)\" rel=\"noreferrer noopener\" href=\"http:\/\/www.tarusola.fi\/kielikuvakohtaamisia\/tehtavat\/kesaisissa-harjoituksissa\/\" target=\"_blank\">Kirjan talon kurssien<\/a><em> Uusin silmin <\/em>ja <em>Kirjoittaen kohti kes\u00e4\u00e4 <\/em>kirjoitusharjoitukset luontuivat mainiosti kes\u00e4puuhiin.  <\/p>\n\n\n\n<figure class=\"wp-block-image\"><img loading=\"lazy\" decoding=\"async\" width=\"1024\" height=\"684\" src=\"http:\/\/www.tarusola.fi\/kielikuvakohtaamisia\/wp-content\/uploads\/2019\/08\/Luonnossa2-1024x684.jpg\" alt=\"\" class=\"wp-image-1324\" srcset=\"https:\/\/www.tarusola.fi\/kielikuvakohtaamisia\/wp-content\/uploads\/2019\/08\/Luonnossa2-1024x684.jpg 1024w, https:\/\/www.tarusola.fi\/kielikuvakohtaamisia\/wp-content\/uploads\/2019\/08\/Luonnossa2-300x200.jpg 300w, https:\/\/www.tarusola.fi\/kielikuvakohtaamisia\/wp-content\/uploads\/2019\/08\/Luonnossa2-768x513.jpg 768w\" sizes=\"auto, (max-width: 1024px) 100vw, 1024px\" \/><\/figure>\n\n\n\n<p>\u2013 T\u00e4ytyy sanoa, ett\u00e4\nitsell\u00e4 kirjoittaminen j\u00e4i v\u00e4hemm\u00e4lle, mutta kuten lupasin, olen ahertanut\nainakin sen yhden lupaamani harjoituksen.<\/p>\n\n\n\n<p>\u2013 Meid\u00e4n muutaman\nvuoden takainen seikkailu Nicaraguassa oli mulla mieless\u00e4 kummankin\nkirjoitusharjoituksen inspiraationa.<\/p>\n\n\n\n<p>\u2013 Kiva kuulla!\nP\u00e4\u00e4sen sitten sun tekstien kautta takaisin reissutunnelmiin.&nbsp; <\/p>\n\n\n\n<p>\u2013 Meill\u00e4 molemmilla\ntaitaa olla Banana Split -teht\u00e4v\u00e4st\u00e4 kummunnut ruokamuistotarina. Ohjeistuksen\nmukaan kirjoittajan tosiaan piti mietti\u00e4 ja listata omista ruokamuistoistaan\nmieleenpainuvimmat viiden minuutin ajan. Yht\u00e4 valittua ruokamuistoa tuli kuvata\nhaju-, maku-, tunto- ja n\u00e4k\u00f6aistia k\u00e4ytt\u00e4en ja kirjoittaa viiden minuutin ajan\nkuvaus vain yhteen aistiin kerrallaan keskittyen. N\u00e4ist\u00e4 yksitt\u00e4isten\naistimusten pienist\u00e4 kuvauksista tuli ty\u00f6st\u00e4\u00e4 laajempi kokonaisuus ja luoda\nsiihen pohjautuen tarina.<\/p>\n\n\n\n<p>\u2013 T\u00e4ss\u00e4 mun ruokamuistosta syntynyt tarina.  <\/p>\n\n\n\n<figure class=\"wp-block-image\"><img loading=\"lazy\" decoding=\"async\" width=\"571\" height=\"656\" src=\"http:\/\/www.tarusola.fi\/kielikuvakohtaamisia\/wp-content\/uploads\/2019\/08\/Sinin-ruokamuisto.jpg\" alt=\"\" class=\"wp-image-1330\" srcset=\"https:\/\/www.tarusola.fi\/kielikuvakohtaamisia\/wp-content\/uploads\/2019\/08\/Sinin-ruokamuisto.jpg 571w, https:\/\/www.tarusola.fi\/kielikuvakohtaamisia\/wp-content\/uploads\/2019\/08\/Sinin-ruokamuisto-261x300.jpg 261w\" sizes=\"auto, (max-width: 571px) 100vw, 571px\" \/><\/figure>\n\n\n\n<p>\u2013 Onpa herkullinen\nkuvaus! Todella el\u00e4v\u00e4inen ja aistivoimainen. Pid\u00e4n erityisesti tuosta, miten\nkuvaus on rakennettu: Miten houkutus kasvaa kasvamistaan ja p\u00e4\u00e4tyy lopulta\nsamastuttaviin herkku\u00f6verituntemuksiin. Erityisesti herkun identiteetin\npaljastaminen vasta ihan lopussa luo tekstiin hyv\u00e4n j\u00e4nnitteen. Milt\u00e4 tuntui\ntehd\u00e4 t\u00e4m\u00e4 harjoitus?<\/p>\n\n\n\n<p>\u2013 Tykk\u00e4sin harjoituksesta tosi paljon. Itselle kaikki luova kirjoittaminen on ty\u00f6n takana, mutta t\u00e4ss\u00e4 harjoituksen ohjeita noudattamalla p\u00e4\u00e4sin aika helposti vauhtiin, kunhan sain valittua sen ruokamuiston kaikista vaihtoehdoista. Lopulta kirjoittaminen oli oikein mukavaa. Kiitos kun houkuttelit mut tarttumaan t\u00e4h\u00e4n. Ent\u00e4 miten sun Banana Split -teht\u00e4v\u00e4n teksti syntyi? <\/p>\n\n\n\n<p>\u2013 \u00a0Mukava kuulla. Mun kirjoitus eteni vaiheiden kautta t\u00e4llaiseksi lopulliseksi tarinaksi.<\/p>\n\n\n\n<figure class=\"wp-block-image\"><img loading=\"lazy\" decoding=\"async\" width=\"683\" height=\"825\" src=\"http:\/\/www.tarusola.fi\/kielikuvakohtaamisia\/wp-content\/uploads\/2019\/08\/Sadun-ruokamuisto2.jpg\" alt=\"\" class=\"wp-image-1332\" srcset=\"https:\/\/www.tarusola.fi\/kielikuvakohtaamisia\/wp-content\/uploads\/2019\/08\/Sadun-ruokamuisto2.jpg 683w, https:\/\/www.tarusola.fi\/kielikuvakohtaamisia\/wp-content\/uploads\/2019\/08\/Sadun-ruokamuisto2-248x300.jpg 248w\" sizes=\"auto, (max-width: 683px) 100vw, 683px\" \/><\/figure>\n\n\n\n<p>\u2013 Hahaa! Tosi hauska\ntarina! Muistan kyll\u00e4 kyseisen papuherkun, jota oli tarjolla v\u00e4h\u00e4n joka\naterialla. Tuo suutuntuma ja makumaailma vastaa kyll\u00e4 hyvin my\u00f6s mun\nmuistikuvia. Ihmettelinkin silloin, miten se sulle niin hyvin maistui. M\u00e1s,\nm\u00e1s!<\/p>\n\n\n\n<p>\u2013 T\u00e4ss\u00e4 Banana Split\n-teht\u00e4v\u00e4ss\u00e4 oli mukava edet\u00e4 aistiaskel kerrallaan. Luulen, ett\u00e4 tuo tekniikka\nsynnytti lopulliseen tarinaan yksityiskohtaisempaa kuvausta kuin olisi\nkehittynyt, jos olisi alkanut suoraan rakentaa tarinaa. Nyt annos on my\u00f6s\nkeskeisemm\u00e4ss\u00e4 asemassa. Ilman ruoan n\u00e4in yksityiskohtaista kuvaamista olisin\nvarmaankin keskittynyt kuvaamaan milj\u00f6\u00f6t\u00e4, mik\u00e4 olisi vienyt tarinan ihan\ntoiseen suuntaan.<\/p>\n\n\n\n<p>Siin\u00e4\nmatkahetkiteht\u00e4v\u00e4ss\u00e4 piti keskitty\u00e4 jonkin pienen hetken merkitykseen. Sen\nohjeistuksessa kehotettiin kuvailemaan liuskan verran jotain aiemmalta matkalta\nmieleen j\u00e4\u00e4nytt\u00e4 mahdollisimman lyhytt\u00e4 hetke\u00e4, jonka pit\u00e4isi tiivist\u00e4\u00e4 jotain\nkyseiselle paikalle tunnusomaista. Oliko niin, Sini, ett\u00e4 s\u00e4 teit teht\u00e4v\u00e4n\nvisuaalisesti? <\/p>\n\n\n\n<p>\u2013 Kyll\u00e4. T\u00e4m\u00e4n hetken tallensin kameralla yhten\u00e4 lomareissun ihanimmista paikoista. T\u00e4ss\u00e4 ollaan rantakahvilassa Symin saarella Kreikassa. <\/p>\n\n\n\n<figure class=\"wp-block-image\"><img loading=\"lazy\" decoding=\"async\" width=\"768\" height=\"1024\" src=\"http:\/\/www.tarusola.fi\/kielikuvakohtaamisia\/wp-content\/uploads\/2019\/08\/Matkakuva-hetkest\u00e4-768x1024.jpg\" alt=\"\" class=\"wp-image-1333\" srcset=\"https:\/\/www.tarusola.fi\/kielikuvakohtaamisia\/wp-content\/uploads\/2019\/08\/Matkakuva-hetkest\u00e4-768x1024.jpg 768w, https:\/\/www.tarusola.fi\/kielikuvakohtaamisia\/wp-content\/uploads\/2019\/08\/Matkakuva-hetkest\u00e4-225x300.jpg 225w, https:\/\/www.tarusola.fi\/kielikuvakohtaamisia\/wp-content\/uploads\/2019\/08\/Matkakuva-hetkest\u00e4.jpg 886w\" sizes=\"auto, (max-width: 768px) 100vw, 768px\" \/><\/figure>\n\n\n\n<p>\u2013 Onpa idyllinen ja\nhoukutteleva kuva! Tekisi mieli istahtaa tuohon nauttimaan maisemista. Kuvan\nv\u00e4rikyll\u00e4isyys aktivoi aistit. Tunnen merituulen hieman suolaisen henk\u00e4yksen,\naavistelen l\u00e4mp\u00f6tilan olevan kahdenkymmenen paremmalla puolella ja kuulen mieless\u00e4ni\nel\u00e4v\u00e4isi\u00e4 \u00e4\u00e4ni\u00e4 rinteiden kujilta. Ainoastaan p\u00f6yd\u00e4ll\u00e4 olevasta tuhkakupista\nnen\u00e4\u00e4ni nouseva tupakanhaju huojuttaa harmonista tunnelmaa. Oliko paikka yht\u00e4\nidyllinen kuin sen aurinkoisuus antaa aistia?<\/p>\n\n\n\n<p>\u2013 Kyll\u00e4 oli, ja tuhkakuppikin taisi olla tyhj\u00e4. Ei k\u00e4rynnyt ainakaan nen\u00e4\u00e4n.<\/p>\n\n\n\n<p>\u2013 T\u00e4ss\u00e4 on mun tekstini hetkest\u00e4. Tuntuvatko kyseisen hetken tunnelmat <br>Nicaraguan Juan Venado Island -luonnonsuojelualueella tutuilta?<\/p>\n\n\n\n<figure class=\"wp-block-image\"><img loading=\"lazy\" decoding=\"async\" width=\"707\" height=\"787\" src=\"http:\/\/www.tarusola.fi\/kielikuvakohtaamisia\/wp-content\/uploads\/2019\/08\/Jokiveneretki2.jpg\" alt=\"\" class=\"wp-image-1336\" srcset=\"https:\/\/www.tarusola.fi\/kielikuvakohtaamisia\/wp-content\/uploads\/2019\/08\/Jokiveneretki2.jpg 707w, https:\/\/www.tarusola.fi\/kielikuvakohtaamisia\/wp-content\/uploads\/2019\/08\/Jokiveneretki2-270x300.jpg 270w\" sizes=\"auto, (max-width: 707px) 100vw, 707px\" \/><\/figure>\n\n\n\n<figure class=\"wp-block-image\"><img loading=\"lazy\" decoding=\"async\" width=\"1024\" height=\"727\" src=\"http:\/\/www.tarusola.fi\/kielikuvakohtaamisia\/wp-content\/uploads\/2019\/08\/Nica2-1024x727.jpg\" alt=\"\" class=\"wp-image-1342\" srcset=\"https:\/\/www.tarusola.fi\/kielikuvakohtaamisia\/wp-content\/uploads\/2019\/08\/Nica2-1024x727.jpg 1024w, https:\/\/www.tarusola.fi\/kielikuvakohtaamisia\/wp-content\/uploads\/2019\/08\/Nica2-300x213.jpg 300w, https:\/\/www.tarusola.fi\/kielikuvakohtaamisia\/wp-content\/uploads\/2019\/08\/Nica2-768x545.jpg 768w, https:\/\/www.tarusola.fi\/kielikuvakohtaamisia\/wp-content\/uploads\/2019\/08\/Nica2.jpg 1181w\" sizes=\"auto, (max-width: 1024px) 100vw, 1024px\" \/><\/figure>\n\n\n\n<p>\u2013 Kyll\u00e4, hyvin\ntutuilta! Tuossa hetken kuvauksessa tiivistyy hyvin kaikki se reissun\nmahtavuus. Tuo reissu oli ehk\u00e4 ihmeellisin kokemani retki Nicaraguan luonnossa,\nvaikka niit\u00e4 oli t\u00e4m\u00e4n lis\u00e4ksi monia muitakin. Milt\u00e4 t\u00e4m\u00e4n harjoituksen\nkirjoittaminen susta tuntui?<\/p>\n\n\n\n<p>\u2013 Mun mielest\u00e4 matkakuvausteht\u00e4v\u00e4 oli tosi hy\u00f6dyllinen. Mulla oli aluksi suuria vaikeuksia pienen pieneen hetkeen keskittymisess\u00e4. Olen kirjoittanut samaisesta jokiajelusta muissa yhteyksiss\u00e4, jolloin olen k\u00e4sitellyt laajempaa kokonaisuutta. Nytkin olisin ensin halunnut viilett\u00e4\u00e4 kalastajaveneell\u00e4 pitkin vesist\u00f6\u00e4 tuuli hiuksissa hulmuten, mutta se ei olisi vastannut teht\u00e4v\u00e4nantoa. Oli jarruteltava veneen ja n\u00e4pp\u00e4imist\u00f6n vauhtia, mik\u00e4 oli h\u00e4mm\u00e4stytt\u00e4v\u00e4n vaikeaa. Se pakotti muistelemaan kyseisen hetken yksityiskohtia tarkasti. Ilman laajoja muistiinpanoja tilanteesta aistihavaintojen mieleen palauttaminen ei onnistunutkaan niin helposti kuin olin luullut. Piti ponnistella muistaakseen hetken \u00e4\u00e4ni\u00e4, tuoksuja ja muita aistihavaintoja. Oli k\u00e4ytett\u00e4v\u00e4 v\u00e4h\u00e4n my\u00f6s taiteellista vapautta. Pienen pieni hetki vaatii yll\u00e4tt\u00e4v\u00e4n paljon rakennusaineita ymp\u00e4rilleen, varsinkin jos siit\u00e4 on kirjoitettava liuskan verran. N\u00e4in kyseisest\u00e4 hetkest\u00e4 syntyi lopulta paljon monimuotoisempi kuin aiemmat tiiviimm\u00e4t kuvaukset siit\u00e4. Syntyi my\u00f6s halu kokeilla samanlaista tekniikkaa useamminkin. <\/p>\n\n\n\n<p>\u2013 Hyvi\u00e4 teht\u00e4vi\u00e4 siis! Jatketaanko aistien maailmassa ja perehdyt\u00e4\u00e4n siihen aisteja k\u00e4sittelev\u00e4\u00e4n <a aria-label=\"sarjakuvakirjaan (avautuu uudessa v\u00e4lilehdess\u00e4)\" href=\"https:\/\/matteofarinella.com\/The-Senses\" target=\"_blank\" rel=\"noreferrer noopener\">sarjakuvakirjaan<\/a>, jonka n\u00e4ytit kerran mulle?  <\/p>\n\n\n\n<p>\u2013 Tehd\u00e4\u00e4n niin!<\/p>\n\n\n\n<figure class=\"wp-block-image\"><img loading=\"lazy\" decoding=\"async\" width=\"1024\" height=\"683\" src=\"http:\/\/www.tarusola.fi\/kielikuvakohtaamisia\/wp-content\/uploads\/2019\/08\/1_Katun\u00e4kym\u00e4-1024x683.jpg\" alt=\"\" class=\"wp-image-1339\" srcset=\"https:\/\/www.tarusola.fi\/kielikuvakohtaamisia\/wp-content\/uploads\/2019\/08\/1_Katun\u00e4kym\u00e4-1024x683.jpg 1024w, https:\/\/www.tarusola.fi\/kielikuvakohtaamisia\/wp-content\/uploads\/2019\/08\/1_Katun\u00e4kym\u00e4-300x200.jpg 300w, https:\/\/www.tarusola.fi\/kielikuvakohtaamisia\/wp-content\/uploads\/2019\/08\/1_Katun\u00e4kym\u00e4-768x512.jpg 768w\" sizes=\"auto, (max-width: 1024px) 100vw, 1024px\" \/><\/figure>\n\n\n\n<p>\u00a9 <a href=\"http:\/\/www.tarusola.fi\" target=\"_blank\" rel=\"noreferrer noopener\" aria-label=\"Tarusola (avautuu uudessa v\u00e4lilehdess\u00e4)\">Tarusola<\/a><\/p>\n","protected":false},"excerpt":{"rendered":"<p>Kahden yst\u00e4v\u00e4n kohtaaminen er\u00e4\u00e4n\u00e4 elokuun lopun p\u00e4iv\u00e4n\u00e4 \u2013 Moi, Satu! Taas on kuukausi vier\u00e4ht\u00e4nyt viime tapaamisesta. \u2013 Moi, Sini! Tuntuu, ett\u00e4 kes\u00e4ll\u00e4 aika vy\u00f6ryy ukkosrintaman lailla ohitse. \u2013 Miten sulla ovat edistyneet ne kes\u00e4iset harjoitukset, joista viimeksi puhuttiin? \u2013 Mun kes\u00e4 on ollut luonto-, kirjoitus- ja kirjallisuuspainotteinen. On tullut luettua ja kirjoitettua runsaasti luonnonhelmassa. Kirjan [&hellip;]<\/p>\n","protected":false},"author":1,"featured_media":0,"comment_status":"open","ping_status":"open","sticky":false,"template":"","format":"standard","meta":{"sfsi_plus_gutenberg_text_before_share":"","sfsi_plus_gutenberg_show_text_before_share":"","sfsi_plus_gutenberg_icon_type":"","sfsi_plus_gutenberg_icon_alignemt":"","sfsi_plus_gutenburg_max_per_row":"","footnotes":""},"categories":[118],"tags":[181,40,179,182],"class_list":["post-1320","post","type-post","status-publish","format-standard","hentry","category-tehtavat","tag-kirjan-talo","tag-kuva","tag-luova-kirjoittaminen","tag-nicaragua"],"_links":{"self":[{"href":"https:\/\/www.tarusola.fi\/kielikuvakohtaamisia\/wp-json\/wp\/v2\/posts\/1320","targetHints":{"allow":["GET"]}}],"collection":[{"href":"https:\/\/www.tarusola.fi\/kielikuvakohtaamisia\/wp-json\/wp\/v2\/posts"}],"about":[{"href":"https:\/\/www.tarusola.fi\/kielikuvakohtaamisia\/wp-json\/wp\/v2\/types\/post"}],"author":[{"embeddable":true,"href":"https:\/\/www.tarusola.fi\/kielikuvakohtaamisia\/wp-json\/wp\/v2\/users\/1"}],"replies":[{"embeddable":true,"href":"https:\/\/www.tarusola.fi\/kielikuvakohtaamisia\/wp-json\/wp\/v2\/comments?post=1320"}],"version-history":[{"count":17,"href":"https:\/\/www.tarusola.fi\/kielikuvakohtaamisia\/wp-json\/wp\/v2\/posts\/1320\/revisions"}],"predecessor-version":[{"id":1349,"href":"https:\/\/www.tarusola.fi\/kielikuvakohtaamisia\/wp-json\/wp\/v2\/posts\/1320\/revisions\/1349"}],"wp:attachment":[{"href":"https:\/\/www.tarusola.fi\/kielikuvakohtaamisia\/wp-json\/wp\/v2\/media?parent=1320"}],"wp:term":[{"taxonomy":"category","embeddable":true,"href":"https:\/\/www.tarusola.fi\/kielikuvakohtaamisia\/wp-json\/wp\/v2\/categories?post=1320"},{"taxonomy":"post_tag","embeddable":true,"href":"https:\/\/www.tarusola.fi\/kielikuvakohtaamisia\/wp-json\/wp\/v2\/tags?post=1320"}],"curies":[{"name":"wp","href":"https:\/\/api.w.org\/{rel}","templated":true}]}}